

{"id":26708,"date":"2024-08-02T09:51:44","date_gmt":"2024-08-02T12:51:44","guid":{"rendered":"https:\/\/goias.gov.br\/abc\/?p=26708"},"modified":"2024-08-02T09:51:40","modified_gmt":"2024-08-02T12:51:40","slug":"caiado-recebe-para-almoco-atletas-da-caminhada-ecologica","status":"publish","type":"post","link":"https:\/\/goias.gov.br\/abc\/caiado-recebe-para-almoco-atletas-da-caminhada-ecologica\/","title":{"rendered":"Caiado recebe para almo\u00e7o atletas da Caminhada Ecol\u00f3gica"},"content":{"rendered":"\n<p>Os 26 atletas que participaram este ano da Caminhada Ecol\u00f3gica foram recebidos na quinta-feira (1\u00ba) pelo governador Ronaldo Caiado e secret\u00e1rios estaduais no Pal\u00e1cio das Esmeraldas, onde se confraternizaram e almo\u00e7aram, conforme mostrou reportagem no programa <em>TBC News<\/em>. A atividade tem como objetivo conscientizar a popula\u00e7\u00e3o para a import\u00e2ncia da valoriza\u00e7\u00e3o e preserva\u00e7\u00e3o do bioma Cerrado. Os atletas percorreram na semana passada cerca de 300 quil\u00f4metros, de Trindade at\u00e9 Aruan\u00e3.<\/p>\n\n\n\n<p>\u201cA Caminhada Ecol\u00f3gica se torna ainda mais importante no momento em que Goi\u00e1s \u00e9 reconhecido como o estado que menos desmatou no primeiro semestre de 2024 em rela\u00e7\u00e3o ao mesmo per\u00edodo de 2023\u201d, enfatizou Ronaldo Caiado, ao apontar que houve redu\u00e7\u00e3o de 59% no desmatamento no per\u00edodo avaliado. O chefe do Executivo tamb\u00e9m enalteceu o esfor\u00e7o e o empenho dos atletas em contribuir para a preserva\u00e7\u00e3o do Cerrado e de todo o Vale do Araguaia, ao citar o projeto <em>Todos pelo Araguaia<\/em>, que est\u00e1 sendo implantado nas nascentes do rio.<\/p>\n\n\n\n<p>O secret\u00e1rio estadual de Esporte e Lazer, Rudson Guerra, disse que o governo de Goi\u00e1s garante todo apoio \u00e0 Caminhada Ecol\u00f3gica, que \u00e9 s\u00edmbolo de amor e supera\u00e7\u00e3o dos atletas, al\u00e9m de desempenhar papel fundamental na divulga\u00e7\u00e3o das riquezas de Cerrado. O secret\u00e1rio da Retomada, C\u00e9sar Moura, argumentou que a caminhada \u00e9 tamb\u00e9m fator de est\u00edmulo \u00e0 economia, porque movimenta as atividades econ\u00f4micas dos munic\u00edpios e mobiliza as pessoas ao longo de seu trajeto. O coordenador da Caminhada Ecol\u00f3gica, Ruy Rocha, destacou a import\u00e2ncia do apoio recebido do governo estadual, adiantando que ela ser\u00e1 mantida e refor\u00e7ada nos pr\u00f3ximos anos.<\/p>\n\n\n\n<p><strong>ABC Digital<\/strong><\/p>\n\n\n\n<p><\/p>\n","protected":false},"excerpt":{"rendered":"<p>Os 26 atletas que participaram este ano da Caminhada Ecol\u00f3gica foram recebidos na quinta-feira (1\u00ba) pelo governador Ronaldo Caiado e secret\u00e1rios estaduais no Pal\u00e1cio das Esmeraldas, onde se confraternizaram e almo\u00e7aram, conforme mostrou reportagem no programa TBC News. A atividade tem como objetivo conscientizar a popula\u00e7\u00e3o para a import\u00e2ncia da valoriza\u00e7\u00e3o e preserva\u00e7\u00e3o do bioma [&hellip;]<\/p>\n","protected":false},"author":381,"featured_media":26710,"comment_status":"closed","ping_status":"open","sticky":false,"template":"","format":"standard","meta":{"footnotes":""},"categories":[39],"tags":[58],"class_list":["post-26708","post","type-post","status-publish","format-standard","has-post-thumbnail","hentry","category-noticias","tag-jornalismo"],"rttpg_featured_image_url":{"full":["https:\/\/goias.gov.br\/abc\/wp-content\/uploads\/sites\/23\/2024\/08\/Caiado-Caminhada-Ecologica.jpg",1200,600,false],"landscape":["https:\/\/goias.gov.br\/abc\/wp-content\/uploads\/sites\/23\/2024\/08\/Caiado-Caminhada-Ecologica.jpg",1200,600,false],"portraits":["https:\/\/goias.gov.br\/abc\/wp-content\/uploads\/sites\/23\/2024\/08\/Caiado-Caminhada-Ecologica.jpg",1200,600,false],"thumbnail":["https:\/\/goias.gov.br\/abc\/wp-content\/uploads\/sites\/23\/2024\/08\/Caiado-Caminhada-Ecologica-150x150.jpg",150,150,true],"medium":["https:\/\/goias.gov.br\/abc\/wp-content\/uploads\/sites\/23\/2024\/08\/Caiado-Caminhada-Ecologica-300x150.jpg",300,150,true],"large":["https:\/\/goias.gov.br\/abc\/wp-content\/uploads\/sites\/23\/2024\/08\/Caiado-Caminhada-Ecologica-1024x512.jpg",1024,512,true],"1536x1536":["https:\/\/goias.gov.br\/abc\/wp-content\/uploads\/sites\/23\/2024\/08\/Caiado-Caminhada-Ecologica.jpg",1200,600,false],"2048x2048":["https:\/\/goias.gov.br\/abc\/wp-content\/uploads\/sites\/23\/2024\/08\/Caiado-Caminhada-Ecologica.jpg",1200,600,false]},"rttpg_author":{"display_name":"paulolicio","author_link":"https:\/\/goias.gov.br\/abc\/author\/paulolicio\/"},"rttpg_comment":0,"rttpg_category":"<a href=\"https:\/\/goias.gov.br\/abc\/categoria\/institucional\/noticias\/\" rel=\"category tag\">Not\u00edcias<\/a>","rttpg_excerpt":"Os 26 atletas que participaram este ano da Caminhada Ecol\u00f3gica foram recebidos na quinta-feira (1\u00ba) pelo governador Ronaldo Caiado e secret\u00e1rios estaduais no Pal\u00e1cio das Esmeraldas, onde se confraternizaram e almo\u00e7aram, conforme mostrou reportagem no programa TBC News. A atividade tem como objetivo conscientizar a popula\u00e7\u00e3o para a import\u00e2ncia da valoriza\u00e7\u00e3o e preserva\u00e7\u00e3o do bioma&hellip;","_links":{"self":[{"href":"https:\/\/goias.gov.br\/abc\/wp-json\/wp\/v2\/posts\/26708","targetHints":{"allow":["GET"]}}],"collection":[{"href":"https:\/\/goias.gov.br\/abc\/wp-json\/wp\/v2\/posts"}],"about":[{"href":"https:\/\/goias.gov.br\/abc\/wp-json\/wp\/v2\/types\/post"}],"author":[{"embeddable":true,"href":"https:\/\/goias.gov.br\/abc\/wp-json\/wp\/v2\/users\/381"}],"replies":[{"embeddable":true,"href":"https:\/\/goias.gov.br\/abc\/wp-json\/wp\/v2\/comments?post=26708"}],"version-history":[{"count":2,"href":"https:\/\/goias.gov.br\/abc\/wp-json\/wp\/v2\/posts\/26708\/revisions"}],"predecessor-version":[{"id":26711,"href":"https:\/\/goias.gov.br\/abc\/wp-json\/wp\/v2\/posts\/26708\/revisions\/26711"}],"wp:featuredmedia":[{"embeddable":true,"href":"https:\/\/goias.gov.br\/abc\/wp-json\/wp\/v2\/media\/26710"}],"wp:attachment":[{"href":"https:\/\/goias.gov.br\/abc\/wp-json\/wp\/v2\/media?parent=26708"}],"wp:term":[{"taxonomy":"category","embeddable":true,"href":"https:\/\/goias.gov.br\/abc\/wp-json\/wp\/v2\/categories?post=26708"},{"taxonomy":"post_tag","embeddable":true,"href":"https:\/\/goias.gov.br\/abc\/wp-json\/wp\/v2\/tags?post=26708"}],"curies":[{"name":"wp","href":"https:\/\/api.w.org\/{rel}","templated":true}]}}