

{"id":24070,"date":"2024-07-09T08:41:58","date_gmt":"2024-07-09T11:41:58","guid":{"rendered":"https:\/\/goias.gov.br\/abc\/?p=24070"},"modified":"2024-07-09T09:02:12","modified_gmt":"2024-07-09T12:02:12","slug":"tbc-pop-navega-no-mundo-das-emocoes","status":"publish","type":"post","link":"https:\/\/goias.gov.br\/abc\/tbc-pop-navega-no-mundo-das-emocoes\/","title":{"rendered":"TBC Pop navega no mundo das emo\u00e7\u00f5es"},"content":{"rendered":"\n<p>O programa<em> TBC Pop<\/em> desta ter\u00e7a-feira (9) vai abordar, a partir das 16 horas, as emo\u00e7\u00f5es humanas. Adiar planos e viver incertezas sobre o futuro s\u00e3o inquieta\u00e7\u00f5es que pairam na mente de muitas pessoas. Apesar de todos esses sentimentos e emo\u00e7\u00f5es estarem presentes na vida de muita gente, ainda \u00e9 comum ouvir a express\u00e3o: est\u00e1 tudo bem. Mas ser\u00e1 mesmo? O que esta afirma\u00e7\u00e3o esconde?<\/p>\n\n\n\n<p>Com uma abordagem emp\u00e1tica e esclarecedora a respeito das quest\u00f5es do cora\u00e7\u00e3o e da mente, o programa desta semana adotou o tema <em>Emo\u00e7\u00e3o \u00e9 Pop<\/em>. A produ\u00e7\u00e3o pretende criar um espa\u00e7o onde o telespectador vai poder explorar suas emo\u00e7\u00f5es e aprender estrat\u00e9gias pr\u00e1ticas para lidar com desafios emocionais do dia a dia.<\/p>\n\n\n\n<p>S\u00e3o convidadas desta edi\u00e7\u00e3o do <em>TBC Pop<\/em> a psiquiatra Melissa Duarte e a psicoterapeuta Jordana Ribeiro, profissionais que combinam experi\u00eancia cl\u00ednica s\u00f3lida com uma abordagem humanizada, fornecendo orienta\u00e7\u00f5es que podem fazer diferen\u00e7a na vida das pessoas. No quadro <em>Giro Pop<\/em> v\u00e3o ser apresentados os fatos que acontecem no estado. Para animar o bate-papo, o programa conta com a participa\u00e7\u00e3o da dupla sertaneja Pedro Henrique e Jo\u00e3o Victor.<\/p>\n\n\n\n<p>O programa pode ser acompanhado no canal aberto 13.1, na Net (canal 20) e na Sky (303), com reprises nesta ter\u00e7a-feira (9) \u00e0s 23 horas, e no s\u00e1bado (13) \u00e0s 22 horas. Tamb\u00e9m fica dispon\u00edvel no&nbsp;canal do YouTube da TV Brasil Central.<\/p>\n\n\n\n<p><strong>ABC Digital<\/strong><\/p>\n\n\n\n<figure class=\"wp-block-embed aligncenter is-type-video is-provider-youtube wp-block-embed-youtube wp-embed-aspect-4-3 wp-has-aspect-ratio\"><div class=\"wp-block-embed__wrapper\">\n<iframe title=\"EMO\u00c7\u00c3O\u00a0\u00c9\u00a0POP | TBC POP | 09\/07\/2024\" width=\"500\" height=\"375\" src=\"https:\/\/www.youtube.com\/embed\/ZA-J8pxdx2A?feature=oembed\" frameborder=\"0\" allow=\"accelerometer; autoplay; clipboard-write; encrypted-media; gyroscope; picture-in-picture; web-share\" referrerpolicy=\"strict-origin-when-cross-origin\" allowfullscreen><\/iframe>\n<\/div><\/figure>\n","protected":false},"excerpt":{"rendered":"<p>O programa TBC Pop desta ter\u00e7a-feira (9) vai abordar, a partir das 16 horas, as emo\u00e7\u00f5es humanas. Adiar planos e viver incertezas sobre o futuro s\u00e3o inquieta\u00e7\u00f5es que pairam na mente de muitas pessoas. Apesar de todos esses sentimentos e emo\u00e7\u00f5es estarem presentes na vida de muita gente, ainda \u00e9 comum ouvir a express\u00e3o: est\u00e1 [&hellip;]<\/p>\n","protected":false},"author":379,"featured_media":24074,"comment_status":"closed","ping_status":"open","sticky":false,"template":"","format":"standard","meta":{"footnotes":""},"categories":[39],"tags":[57],"class_list":["post-24070","post","type-post","status-publish","format-standard","has-post-thumbnail","hentry","category-noticias","tag-programacao"],"rttpg_featured_image_url":{"full":["https:\/\/goias.gov.br\/abc\/wp-content\/uploads\/sites\/23\/2024\/07\/2024.07.09_TBC_POP.jpg",1200,600,false],"landscape":["https:\/\/goias.gov.br\/abc\/wp-content\/uploads\/sites\/23\/2024\/07\/2024.07.09_TBC_POP.jpg",1200,600,false],"portraits":["https:\/\/goias.gov.br\/abc\/wp-content\/uploads\/sites\/23\/2024\/07\/2024.07.09_TBC_POP.jpg",1200,600,false],"thumbnail":["https:\/\/goias.gov.br\/abc\/wp-content\/uploads\/sites\/23\/2024\/07\/2024.07.09_TBC_POP.jpg",150,75,false],"medium":["https:\/\/goias.gov.br\/abc\/wp-content\/uploads\/sites\/23\/2024\/07\/2024.07.09_TBC_POP.jpg",300,150,false],"large":["https:\/\/goias.gov.br\/abc\/wp-content\/uploads\/sites\/23\/2024\/07\/2024.07.09_TBC_POP.jpg",1024,512,false],"1536x1536":["https:\/\/goias.gov.br\/abc\/wp-content\/uploads\/sites\/23\/2024\/07\/2024.07.09_TBC_POP.jpg",1200,600,false],"2048x2048":["https:\/\/goias.gov.br\/abc\/wp-content\/uploads\/sites\/23\/2024\/07\/2024.07.09_TBC_POP.jpg",1200,600,false]},"rttpg_author":{"display_name":"marizasantana","author_link":"https:\/\/goias.gov.br\/abc\/author\/marizasantana\/"},"rttpg_comment":0,"rttpg_category":"<a href=\"https:\/\/goias.gov.br\/abc\/categoria\/institucional\/noticias\/\" rel=\"category tag\">Not\u00edcias<\/a>","rttpg_excerpt":"O programa TBC Pop desta ter\u00e7a-feira (9) vai abordar, a partir das 16 horas, as emo\u00e7\u00f5es humanas. Adiar planos e viver incertezas sobre o futuro s\u00e3o inquieta\u00e7\u00f5es que pairam na mente de muitas pessoas. Apesar de todos esses sentimentos e emo\u00e7\u00f5es estarem presentes na vida de muita gente, ainda \u00e9 comum ouvir a express\u00e3o: est\u00e1&hellip;","_links":{"self":[{"href":"https:\/\/goias.gov.br\/abc\/wp-json\/wp\/v2\/posts\/24070","targetHints":{"allow":["GET"]}}],"collection":[{"href":"https:\/\/goias.gov.br\/abc\/wp-json\/wp\/v2\/posts"}],"about":[{"href":"https:\/\/goias.gov.br\/abc\/wp-json\/wp\/v2\/types\/post"}],"author":[{"embeddable":true,"href":"https:\/\/goias.gov.br\/abc\/wp-json\/wp\/v2\/users\/379"}],"replies":[{"embeddable":true,"href":"https:\/\/goias.gov.br\/abc\/wp-json\/wp\/v2\/comments?post=24070"}],"version-history":[{"count":2,"href":"https:\/\/goias.gov.br\/abc\/wp-json\/wp\/v2\/posts\/24070\/revisions"}],"predecessor-version":[{"id":24077,"href":"https:\/\/goias.gov.br\/abc\/wp-json\/wp\/v2\/posts\/24070\/revisions\/24077"}],"wp:featuredmedia":[{"embeddable":true,"href":"https:\/\/goias.gov.br\/abc\/wp-json\/wp\/v2\/media\/24074"}],"wp:attachment":[{"href":"https:\/\/goias.gov.br\/abc\/wp-json\/wp\/v2\/media?parent=24070"}],"wp:term":[{"taxonomy":"category","embeddable":true,"href":"https:\/\/goias.gov.br\/abc\/wp-json\/wp\/v2\/categories?post=24070"},{"taxonomy":"post_tag","embeddable":true,"href":"https:\/\/goias.gov.br\/abc\/wp-json\/wp\/v2\/tags?post=24070"}],"curies":[{"name":"wp","href":"https:\/\/api.w.org\/{rel}","templated":true}]}}