

{"id":23970,"date":"2024-07-01T15:34:02","date_gmt":"2024-07-01T18:34:02","guid":{"rendered":"https:\/\/goias.gov.br\/abc\/?p=23970"},"modified":"2024-07-01T16:18:58","modified_gmt":"2024-07-01T19:18:58","slug":"bombeiros-de-goias-lancam-operacao-ferias","status":"publish","type":"post","link":"https:\/\/goias.gov.br\/abc\/bombeiros-de-goias-lancam-operacao-ferias\/","title":{"rendered":"Bombeiros de Goi\u00e1s lan\u00e7am Opera\u00e7\u00e3o F\u00e9rias"},"content":{"rendered":"\n<p>Com o intuito de evitar acidentes que podem ser fatais \u00e0s pessoas que est\u00e3o entrando em um per\u00edodo de f\u00e9rias neste m\u00eas de julho, especialmente as f\u00e9rias escolares, o Corpo de Bombeiros Militar de Goi\u00e1s lan\u00e7ou a Opera\u00e7\u00e3o F\u00e9rias. Entrevistado no jornal <em>O Mundo em Sua Casa<\/em> dessa segunda-feira (1), o tenente coronel Rodrigues informou que ela conta com 380 bombeiros ao longo do rio Araguaia para dar maior seguran\u00e7a \u00e0 popula\u00e7\u00e3o, porque os locais com \u00e1gua e prop\u00edcios ao banho geralmente contam com um risco inerente. Por isso disse que instalaram ao longo do rio locais sinalizados e seguros aos banhistas, com a presen\u00e7a de guarda-vidas.<\/p>\n\n\n\n<p>Na reportagem, fez-se uma simula\u00e7\u00e3o com o uso de drone levando a um banhista, dentro de uma piscina, um objeto flutuante, que ajuda salvar a vida de uma pessoa que esteja se afogando. O lan\u00e7amento ocorreu na sede do Corpo de Bombeiros, em Goi\u00e2nia, onde tamb\u00e9m aconteceu a formatura de integrantes de um curso de salva-vidas ministrado pela corpora\u00e7\u00e3o.<\/p>\n\n\n\n<p><strong>ABC Digital<\/strong><\/p>\n","protected":false},"excerpt":{"rendered":"<p>Com o intuito de evitar acidentes que podem ser fatais \u00e0s pessoas que est\u00e3o entrando em um per\u00edodo de f\u00e9rias neste m\u00eas de julho, especialmente as f\u00e9rias escolares, o Corpo de Bombeiros Militar de Goi\u00e1s lan\u00e7ou a Opera\u00e7\u00e3o F\u00e9rias. Entrevistado no jornal O Mundo em Sua Casa dessa segunda-feira (1), o tenente coronel Rodrigues informou [&hellip;]<\/p>\n","protected":false},"author":378,"featured_media":23075,"comment_status":"closed","ping_status":"open","sticky":false,"template":"","format":"standard","meta":{"footnotes":""},"categories":[39],"tags":[58],"class_list":["post-23970","post","type-post","status-publish","format-standard","has-post-thumbnail","hentry","category-noticias","tag-jornalismo"],"rttpg_featured_image_url":{"full":["https:\/\/goias.gov.br\/abc\/wp-content\/uploads\/sites\/23\/2024\/05\/2024.05.14_JBC_BOMBEIROS.jpg",1200,600,false],"landscape":["https:\/\/goias.gov.br\/abc\/wp-content\/uploads\/sites\/23\/2024\/05\/2024.05.14_JBC_BOMBEIROS.jpg",1200,600,false],"portraits":["https:\/\/goias.gov.br\/abc\/wp-content\/uploads\/sites\/23\/2024\/05\/2024.05.14_JBC_BOMBEIROS.jpg",1200,600,false],"thumbnail":["https:\/\/goias.gov.br\/abc\/wp-content\/uploads\/sites\/23\/2024\/05\/2024.05.14_JBC_BOMBEIROS.jpg",150,75,false],"medium":["https:\/\/goias.gov.br\/abc\/wp-content\/uploads\/sites\/23\/2024\/05\/2024.05.14_JBC_BOMBEIROS.jpg",300,150,false],"large":["https:\/\/goias.gov.br\/abc\/wp-content\/uploads\/sites\/23\/2024\/05\/2024.05.14_JBC_BOMBEIROS.jpg",1024,512,false],"1536x1536":["https:\/\/goias.gov.br\/abc\/wp-content\/uploads\/sites\/23\/2024\/05\/2024.05.14_JBC_BOMBEIROS.jpg",1200,600,false],"2048x2048":["https:\/\/goias.gov.br\/abc\/wp-content\/uploads\/sites\/23\/2024\/05\/2024.05.14_JBC_BOMBEIROS.jpg",1200,600,false]},"rttpg_author":{"display_name":"helvertonsilva","author_link":"https:\/\/goias.gov.br\/abc\/author\/helvertonsilva\/"},"rttpg_comment":0,"rttpg_category":"<a href=\"https:\/\/goias.gov.br\/abc\/categoria\/institucional\/noticias\/\" rel=\"category tag\">Not\u00edcias<\/a>","rttpg_excerpt":"Com o intuito de evitar acidentes que podem ser fatais \u00e0s pessoas que est\u00e3o entrando em um per\u00edodo de f\u00e9rias neste m\u00eas de julho, especialmente as f\u00e9rias escolares, o Corpo de Bombeiros Militar de Goi\u00e1s lan\u00e7ou a Opera\u00e7\u00e3o F\u00e9rias. Entrevistado no jornal O Mundo em Sua Casa dessa segunda-feira (1), o tenente coronel Rodrigues informou&hellip;","_links":{"self":[{"href":"https:\/\/goias.gov.br\/abc\/wp-json\/wp\/v2\/posts\/23970","targetHints":{"allow":["GET"]}}],"collection":[{"href":"https:\/\/goias.gov.br\/abc\/wp-json\/wp\/v2\/posts"}],"about":[{"href":"https:\/\/goias.gov.br\/abc\/wp-json\/wp\/v2\/types\/post"}],"author":[{"embeddable":true,"href":"https:\/\/goias.gov.br\/abc\/wp-json\/wp\/v2\/users\/378"}],"replies":[{"embeddable":true,"href":"https:\/\/goias.gov.br\/abc\/wp-json\/wp\/v2\/comments?post=23970"}],"version-history":[{"count":2,"href":"https:\/\/goias.gov.br\/abc\/wp-json\/wp\/v2\/posts\/23970\/revisions"}],"predecessor-version":[{"id":23972,"href":"https:\/\/goias.gov.br\/abc\/wp-json\/wp\/v2\/posts\/23970\/revisions\/23972"}],"wp:featuredmedia":[{"embeddable":true,"href":"https:\/\/goias.gov.br\/abc\/wp-json\/wp\/v2\/media\/23075"}],"wp:attachment":[{"href":"https:\/\/goias.gov.br\/abc\/wp-json\/wp\/v2\/media?parent=23970"}],"wp:term":[{"taxonomy":"category","embeddable":true,"href":"https:\/\/goias.gov.br\/abc\/wp-json\/wp\/v2\/categories?post=23970"},{"taxonomy":"post_tag","embeddable":true,"href":"https:\/\/goias.gov.br\/abc\/wp-json\/wp\/v2\/tags?post=23970"}],"curies":[{"name":"wp","href":"https:\/\/api.w.org\/{rel}","templated":true}]}}