

{"id":23887,"date":"2024-06-25T15:39:04","date_gmt":"2024-06-25T18:39:04","guid":{"rendered":"https:\/\/goias.gov.br\/abc\/?p=23887"},"modified":"2024-06-25T15:39:04","modified_gmt":"2024-06-25T18:39:04","slug":"seduc-abre-matriculas-no-programa-de-educacao-de-jovens-e-adultos-eja","status":"publish","type":"post","link":"https:\/\/goias.gov.br\/abc\/seduc-abre-matriculas-no-programa-de-educacao-de-jovens-e-adultos-eja\/","title":{"rendered":"Seduc abre matr\u00edculas no programa de Educa\u00e7\u00e3o de Jovens e Adultos (EJA)"},"content":{"rendered":"\n<p>A Secretaria de Estado da Educa\u00e7\u00e3o (Seduc) iniciou nesta segunda-feira (24) o per\u00edodo de matr\u00edculas no programa de Educa\u00e7\u00e3o de Jovens e Adultos (EJA). O programa \u00e9 voltado a quem n\u00e3o concluiu o ensino fundamental ou m\u00e9dio na idade adequada. Os pedidos de matr\u00edcula devem ser feitos at\u00e9 17 de julho pelo site <a href=\"http:\/\/www.matricula.go.gov.br\/\" target=\"_blank\" rel=\"noreferrer noopener\">www.matricula.go.gov.br<\/a>. A lista dos aceitos ser\u00e1 divulgada em 29 de julho.<\/p>\n\n\n\n<p>Reportagem do <em>Jornal Brasil Central<\/em> esteve na unidade do EJA do Setor Universit\u00e1rio entrevistando alunos, gestores e professores sobre a import\u00e2ncia do programa. Segundo a diretora da unidade, Carlene Silvestre de Oliveira, normalmente o aluno do EJA deixou de estudar na inf\u00e2ncia ou juventude por algum motivo de for\u00e7a maior, como problema social, de fam\u00edlia ou sa\u00fade. Segundo ela, esse \u00e9 o perfil da maioria dos estudantes que voltam mais tarde para concluir os estudos.<\/p>\n\n\n\n<p>Para se inscrever no EJA do ensino fundamental \u00e9 necess\u00e1rio ter, no m\u00ednimo, 15 anos de idade, 18 anos para cursar o ensino m\u00e9dio. A Seduc informa que a partir do dia 29 de julho, o interessado deve comparecer \u00e0 unidade escolar indicada portando documentos pessoais e comprovantes de endere\u00e7o e de escolaridade. O prazo para efetiva\u00e7\u00e3o da matr\u00edcula vai at\u00e9 2 de agosto.<\/p>\n\n\n\n<p><strong>ABC Digital<\/strong><\/p>\n\n\n\n<figure class=\"wp-block-embed aligncenter is-type-video is-provider-youtube wp-block-embed-youtube wp-embed-aspect-16-9 wp-has-aspect-ratio\"><div class=\"wp-block-embed__wrapper\">\n<iframe title=\"JBC-25-06 | Eja: Matr\u00edculas j\u00e1 est\u00e3o Abertas\" width=\"500\" height=\"281\" src=\"https:\/\/www.youtube.com\/embed\/TFGiSmswDWo?feature=oembed\" frameborder=\"0\" allow=\"accelerometer; autoplay; clipboard-write; encrypted-media; gyroscope; picture-in-picture; web-share\" referrerpolicy=\"strict-origin-when-cross-origin\" allowfullscreen><\/iframe>\n<\/div><\/figure>\n","protected":false},"excerpt":{"rendered":"<p>A Secretaria de Estado da Educa\u00e7\u00e3o (Seduc) iniciou nesta segunda-feira (24) o per\u00edodo de matr\u00edculas no programa de Educa\u00e7\u00e3o de Jovens e Adultos (EJA). O programa \u00e9 voltado a quem n\u00e3o concluiu o ensino fundamental ou m\u00e9dio na idade adequada. Os pedidos de matr\u00edcula devem ser feitos at\u00e9 17 de julho pelo site www.matricula.go.gov.br. A [&hellip;]<\/p>\n","protected":false},"author":377,"featured_media":23890,"comment_status":"closed","ping_status":"open","sticky":false,"template":"","format":"standard","meta":{"footnotes":""},"categories":[39],"tags":[58],"class_list":["post-23887","post","type-post","status-publish","format-standard","has-post-thumbnail","hentry","category-noticias","tag-jornalismo"],"rttpg_featured_image_url":{"full":["https:\/\/goias.gov.br\/abc\/wp-content\/uploads\/sites\/23\/2024\/06\/2024.06.25_JBC_EJA.jpg",1200,600,false],"landscape":["https:\/\/goias.gov.br\/abc\/wp-content\/uploads\/sites\/23\/2024\/06\/2024.06.25_JBC_EJA.jpg",1200,600,false],"portraits":["https:\/\/goias.gov.br\/abc\/wp-content\/uploads\/sites\/23\/2024\/06\/2024.06.25_JBC_EJA.jpg",1200,600,false],"thumbnail":["https:\/\/goias.gov.br\/abc\/wp-content\/uploads\/sites\/23\/2024\/06\/2024.06.25_JBC_EJA.jpg",150,75,false],"medium":["https:\/\/goias.gov.br\/abc\/wp-content\/uploads\/sites\/23\/2024\/06\/2024.06.25_JBC_EJA.jpg",300,150,false],"large":["https:\/\/goias.gov.br\/abc\/wp-content\/uploads\/sites\/23\/2024\/06\/2024.06.25_JBC_EJA.jpg",1024,512,false],"1536x1536":["https:\/\/goias.gov.br\/abc\/wp-content\/uploads\/sites\/23\/2024\/06\/2024.06.25_JBC_EJA.jpg",1200,600,false],"2048x2048":["https:\/\/goias.gov.br\/abc\/wp-content\/uploads\/sites\/23\/2024\/06\/2024.06.25_JBC_EJA.jpg",1200,600,false]},"rttpg_author":{"display_name":"edsonfonseca","author_link":"https:\/\/goias.gov.br\/abc\/author\/edsonfonseca\/"},"rttpg_comment":0,"rttpg_category":"<a href=\"https:\/\/goias.gov.br\/abc\/categoria\/institucional\/noticias\/\" rel=\"category tag\">Not\u00edcias<\/a>","rttpg_excerpt":"A Secretaria de Estado da Educa\u00e7\u00e3o (Seduc) iniciou nesta segunda-feira (24) o per\u00edodo de matr\u00edculas no programa de Educa\u00e7\u00e3o de Jovens e Adultos (EJA). O programa \u00e9 voltado a quem n\u00e3o concluiu o ensino fundamental ou m\u00e9dio na idade adequada. Os pedidos de matr\u00edcula devem ser feitos at\u00e9 17 de julho pelo site www.matricula.go.gov.br. A&hellip;","_links":{"self":[{"href":"https:\/\/goias.gov.br\/abc\/wp-json\/wp\/v2\/posts\/23887","targetHints":{"allow":["GET"]}}],"collection":[{"href":"https:\/\/goias.gov.br\/abc\/wp-json\/wp\/v2\/posts"}],"about":[{"href":"https:\/\/goias.gov.br\/abc\/wp-json\/wp\/v2\/types\/post"}],"author":[{"embeddable":true,"href":"https:\/\/goias.gov.br\/abc\/wp-json\/wp\/v2\/users\/377"}],"replies":[{"embeddable":true,"href":"https:\/\/goias.gov.br\/abc\/wp-json\/wp\/v2\/comments?post=23887"}],"version-history":[{"count":2,"href":"https:\/\/goias.gov.br\/abc\/wp-json\/wp\/v2\/posts\/23887\/revisions"}],"predecessor-version":[{"id":23891,"href":"https:\/\/goias.gov.br\/abc\/wp-json\/wp\/v2\/posts\/23887\/revisions\/23891"}],"wp:featuredmedia":[{"embeddable":true,"href":"https:\/\/goias.gov.br\/abc\/wp-json\/wp\/v2\/media\/23890"}],"wp:attachment":[{"href":"https:\/\/goias.gov.br\/abc\/wp-json\/wp\/v2\/media?parent=23887"}],"wp:term":[{"taxonomy":"category","embeddable":true,"href":"https:\/\/goias.gov.br\/abc\/wp-json\/wp\/v2\/categories?post=23887"},{"taxonomy":"post_tag","embeddable":true,"href":"https:\/\/goias.gov.br\/abc\/wp-json\/wp\/v2\/tags?post=23887"}],"curies":[{"name":"wp","href":"https:\/\/api.w.org\/{rel}","templated":true}]}}