

{"id":23808,"date":"2024-06-20T10:18:31","date_gmt":"2024-06-20T13:18:31","guid":{"rendered":"https:\/\/goias.gov.br\/abc\/?p=23808"},"modified":"2024-06-20T10:48:27","modified_gmt":"2024-06-20T13:48:27","slug":"programa-de-quinta-tem-jazz-teatro-e-premiados-do-fica","status":"publish","type":"post","link":"https:\/\/goias.gov.br\/abc\/programa-de-quinta-tem-jazz-teatro-e-premiados-do-fica\/","title":{"rendered":"Programa de Quinta tem jazz, teatro e premiados do Fica"},"content":{"rendered":"\n<p>O <em>Programa de Quinta<\/em> desta semana chega com a m\u00fasica instrumental do trio Patocan, traz uma conversa com o ator Alex Amaral e trechos de alguns dos filmes premiados na 25\u00aa edi\u00e7\u00e3o do Festival Internacional de Cinema e V\u00eddeo Ambiental (Fica). Apresentado por Gra\u00e7a Torres e Maz\u00e9 Alves, o <em>Programa de Quinta<\/em> vai ao ar ao vivo \u00e0s 16 horas na TV Brasil Central e pode ser conferido tamb\u00e9m pelo canal da TBC no YouTube.<\/p>\n\n\n\n<p>Na edi\u00e7\u00e3o desta quinta-feira (20), as apresentadoras recebem o ator Alex Amaral, que tem trabalhos marcantes com os diretores Hugo Zorzetti, Mauri de Castro e Marcos Fayad. Amaral come\u00e7ou seus estudos na d\u00e9cada de 80 na antiga Funda\u00e7\u00e3o de Artes C\u00eanicas, presidida por Hugo Zorzetti. Na entrevista, ele fala de sua trajet\u00f3ria, a passagem pela Espanha e novos projetos.<\/p>\n\n\n\n<p>Na parte musical, o programa conta com o trio Patocan, projeto de m\u00fasica instrumental liderado pelo percussionista S\u00e9rgio Pato e o guitarrista Djan Kanbay, agora acrescido do saxofonista Foca. O trio faz uma boa mistura de m\u00fasica popular brasileira com jazz. Entre uma m\u00fasica e outra, os m\u00fasicos contam um pouco de seus trabalhos solos tamb\u00e9m.<\/p>\n\n\n\n<p>E na pauta do quadro <em>Cine Goi\u00e1s<\/em> do <em>Programa de Quinta<\/em> o convidado \u00e9 o diretor Benedito Ferreira, ganhador do Fica com o filme <em>Granada<\/em>. O longa-metragem foi uma das grandes surpresas do festival, vencendo cinco categorias. O programa rende homenagens tamb\u00e9m aos servidores da TBC, Fausto Borges e Caco Aguiar, <a href=\"https:\/\/goias.gov.br\/abc\/servidores-da-brasil-central-sao-premiados-no-25o-fica\/\" data-type=\"post\" data-id=\"23755\">que foram premiados no Fica nas categorias document\u00e1rio e anima\u00e7\u00e3o<\/a>, respectivamente.<\/p>\n\n\n\n<p><strong>ABC Digital<\/strong><\/p>\n\n\n\n<figure class=\"wp-block-embed aligncenter is-type-video is-provider-youtube wp-block-embed-youtube wp-embed-aspect-4-3 wp-has-aspect-ratio\"><div class=\"wp-block-embed__wrapper\">\n<iframe title=\"? M\u00daSICA INSTRUMENTAL, CINEMA PREMIADO E ENTREVISTA COM ALEX AMARAL! | PROGRAMA DE QUINTA | 20\/06\/24\" width=\"500\" height=\"375\" src=\"https:\/\/www.youtube.com\/embed\/5LT0Hq50GRA?feature=oembed\" frameborder=\"0\" allow=\"accelerometer; autoplay; clipboard-write; encrypted-media; gyroscope; picture-in-picture; web-share\" referrerpolicy=\"strict-origin-when-cross-origin\" allowfullscreen><\/iframe>\n<\/div><\/figure>\n","protected":false},"excerpt":{"rendered":"<p>O Programa de Quinta desta semana chega com a m\u00fasica instrumental do trio Patocan, traz uma conversa com o ator Alex Amaral e trechos de alguns dos filmes premiados na 25\u00aa edi\u00e7\u00e3o do Festival Internacional de Cinema e V\u00eddeo Ambiental (Fica). Apresentado por Gra\u00e7a Torres e Maz\u00e9 Alves, o Programa de Quinta vai ao ar [&hellip;]<\/p>\n","protected":false},"author":377,"featured_media":23300,"comment_status":"closed","ping_status":"open","sticky":false,"template":"","format":"standard","meta":{"footnotes":""},"categories":[39],"tags":[57],"class_list":["post-23808","post","type-post","status-publish","format-standard","has-post-thumbnail","hentry","category-noticias","tag-programacao"],"rttpg_featured_image_url":{"full":["https:\/\/goias.gov.br\/abc\/wp-content\/uploads\/sites\/23\/2024\/05\/2024.05.53_PDQ_PROGRAMA.jpg",1200,600,false],"landscape":["https:\/\/goias.gov.br\/abc\/wp-content\/uploads\/sites\/23\/2024\/05\/2024.05.53_PDQ_PROGRAMA.jpg",1200,600,false],"portraits":["https:\/\/goias.gov.br\/abc\/wp-content\/uploads\/sites\/23\/2024\/05\/2024.05.53_PDQ_PROGRAMA.jpg",1200,600,false],"thumbnail":["https:\/\/goias.gov.br\/abc\/wp-content\/uploads\/sites\/23\/2024\/05\/2024.05.53_PDQ_PROGRAMA.jpg",150,75,false],"medium":["https:\/\/goias.gov.br\/abc\/wp-content\/uploads\/sites\/23\/2024\/05\/2024.05.53_PDQ_PROGRAMA.jpg",300,150,false],"large":["https:\/\/goias.gov.br\/abc\/wp-content\/uploads\/sites\/23\/2024\/05\/2024.05.53_PDQ_PROGRAMA.jpg",1024,512,false],"1536x1536":["https:\/\/goias.gov.br\/abc\/wp-content\/uploads\/sites\/23\/2024\/05\/2024.05.53_PDQ_PROGRAMA.jpg",1200,600,false],"2048x2048":["https:\/\/goias.gov.br\/abc\/wp-content\/uploads\/sites\/23\/2024\/05\/2024.05.53_PDQ_PROGRAMA.jpg",1200,600,false]},"rttpg_author":{"display_name":"edsonfonseca","author_link":"https:\/\/goias.gov.br\/abc\/author\/edsonfonseca\/"},"rttpg_comment":0,"rttpg_category":"<a href=\"https:\/\/goias.gov.br\/abc\/categoria\/institucional\/noticias\/\" rel=\"category tag\">Not\u00edcias<\/a>","rttpg_excerpt":"O Programa de Quinta desta semana chega com a m\u00fasica instrumental do trio Patocan, traz uma conversa com o ator Alex Amaral e trechos de alguns dos filmes premiados na 25\u00aa edi\u00e7\u00e3o do Festival Internacional de Cinema e V\u00eddeo Ambiental (Fica). Apresentado por Gra\u00e7a Torres e Maz\u00e9 Alves, o Programa de Quinta vai ao ar&hellip;","_links":{"self":[{"href":"https:\/\/goias.gov.br\/abc\/wp-json\/wp\/v2\/posts\/23808","targetHints":{"allow":["GET"]}}],"collection":[{"href":"https:\/\/goias.gov.br\/abc\/wp-json\/wp\/v2\/posts"}],"about":[{"href":"https:\/\/goias.gov.br\/abc\/wp-json\/wp\/v2\/types\/post"}],"author":[{"embeddable":true,"href":"https:\/\/goias.gov.br\/abc\/wp-json\/wp\/v2\/users\/377"}],"replies":[{"embeddable":true,"href":"https:\/\/goias.gov.br\/abc\/wp-json\/wp\/v2\/comments?post=23808"}],"version-history":[{"count":2,"href":"https:\/\/goias.gov.br\/abc\/wp-json\/wp\/v2\/posts\/23808\/revisions"}],"predecessor-version":[{"id":23818,"href":"https:\/\/goias.gov.br\/abc\/wp-json\/wp\/v2\/posts\/23808\/revisions\/23818"}],"wp:featuredmedia":[{"embeddable":true,"href":"https:\/\/goias.gov.br\/abc\/wp-json\/wp\/v2\/media\/23300"}],"wp:attachment":[{"href":"https:\/\/goias.gov.br\/abc\/wp-json\/wp\/v2\/media?parent=23808"}],"wp:term":[{"taxonomy":"category","embeddable":true,"href":"https:\/\/goias.gov.br\/abc\/wp-json\/wp\/v2\/categories?post=23808"},{"taxonomy":"post_tag","embeddable":true,"href":"https:\/\/goias.gov.br\/abc\/wp-json\/wp\/v2\/tags?post=23808"}],"curies":[{"name":"wp","href":"https:\/\/api.w.org\/{rel}","templated":true}]}}