

{"id":23032,"date":"2024-05-10T11:14:01","date_gmt":"2024-05-10T14:14:01","guid":{"rendered":"https:\/\/goias.gov.br\/abc\/?p=23032"},"modified":"2024-05-10T16:39:00","modified_gmt":"2024-05-10T19:39:00","slug":"governo-de-goias-comemora-dia-do-policial-civil","status":"publish","type":"post","link":"https:\/\/goias.gov.br\/abc\/governo-de-goias-comemora-dia-do-policial-civil\/","title":{"rendered":"Governo de Goi\u00e1s comemora Dia do Policial Civil"},"content":{"rendered":"\n<p>Os policiais civis de Goi\u00e1s foram alvo de homenagem especial do Governo de Goi\u00e1s durante cerim\u00f4nia realizada na quinta-feira (9), data em que se comemora o Dia do Policial Civil. O evento foi no Centro Cultural Oscar Niemeyer, com presen\u00e7a do governador Ronaldo Caiado, da primeira-dama Gracinha Caiado, secret\u00e1rios de Estado, parlamentares e autoridades de todas for\u00e7as policiais de Goi\u00e1s, bem como grande n\u00famero de policiais civis. As atividades tiveram cobertura da Brasil Central e foram mostradas no <em>O Mundo em Sua Casa <\/em>desta sexta-feira (10).<\/p>\n\n\n\n<p>Ap\u00f3s fazer a entrega de pr\u00eamios e honrarias a diversos policiais civis, o governador Ronaldo Caiado enalteceu o trabalho desenvolvido pela Pol\u00edcia Civil e os resultados alcan\u00e7ados na \u00e1rea da seguran\u00e7a p\u00fablica. \u201cA nossa Pol\u00edcia Civil mostra \u00edndices que n\u00e3o t\u00eam igual no Pa\u00eds. N\u00e3o h\u00e1 casos que n\u00e3o tenham sido elucidados, sendo que a resolutividade \u00e9 superior a 92%, gra\u00e7as ao trabalho integrado com as demais for\u00e7as de seguran\u00e7a do Estado\u201d, enfatizou ele.<\/p>\n\n\n\n<p>O delegado-geral da Pol\u00edcia Civil, Andr\u00e9 Ganga, refor\u00e7ou que a corpora\u00e7\u00e3o \u201c\u00e9 composta por homens e mulheres que conseguem fazer a diferen\u00e7a, garantindo a melhor seguran\u00e7a ao povo goiano\u201d. A deputada federal Adriana Accorsi, tamb\u00e9m delegada da Pol\u00edcia Civil, cumprimentou os colegas policiais civis, argumentando que \u201cs\u00e3o homens e mulheres que engrandecem o povo de Goi\u00e1s, com seu trabalho eficiente todos os dias\u201d.<\/p>\n\n\n\n<p><strong>ABC Digital<\/strong><\/p>\n\n\n\n<figure class=\"wp-block-embed aligncenter is-type-video is-provider-youtube wp-block-embed-youtube wp-embed-aspect-16-9 wp-has-aspect-ratio\"><div class=\"wp-block-embed__wrapper\">\n<iframe title=\"10-05 | Comemora\u00e7\u00e3o do Dia do Policial Civil\" width=\"500\" height=\"281\" src=\"https:\/\/www.youtube.com\/embed\/fEa0msOu9rk?feature=oembed\" frameborder=\"0\" allow=\"accelerometer; autoplay; clipboard-write; encrypted-media; gyroscope; picture-in-picture; web-share\" referrerpolicy=\"strict-origin-when-cross-origin\" allowfullscreen><\/iframe>\n<\/div><\/figure>\n","protected":false},"excerpt":{"rendered":"<p>Os policiais civis de Goi\u00e1s foram alvo de homenagem especial do Governo de Goi\u00e1s durante cerim\u00f4nia realizada na quinta-feira (9), data em que se comemora o Dia do Policial Civil. O evento foi no Centro Cultural Oscar Niemeyer, com presen\u00e7a do governador Ronaldo Caiado, da primeira-dama Gracinha Caiado, secret\u00e1rios de Estado, parlamentares e autoridades de [&hellip;]<\/p>\n","protected":false},"author":381,"featured_media":23042,"comment_status":"closed","ping_status":"open","sticky":false,"template":"","format":"standard","meta":{"footnotes":""},"categories":[39],"tags":[58],"class_list":["post-23032","post","type-post","status-publish","format-standard","has-post-thumbnail","hentry","category-noticias","tag-jornalismo"],"rttpg_featured_image_url":{"full":["https:\/\/goias.gov.br\/abc\/wp-content\/uploads\/sites\/23\/2024\/05\/2024.05.10_OMESC_PC.jpg",1200,600,false],"landscape":["https:\/\/goias.gov.br\/abc\/wp-content\/uploads\/sites\/23\/2024\/05\/2024.05.10_OMESC_PC.jpg",1200,600,false],"portraits":["https:\/\/goias.gov.br\/abc\/wp-content\/uploads\/sites\/23\/2024\/05\/2024.05.10_OMESC_PC.jpg",1200,600,false],"thumbnail":["https:\/\/goias.gov.br\/abc\/wp-content\/uploads\/sites\/23\/2024\/05\/2024.05.10_OMESC_PC.jpg",150,75,false],"medium":["https:\/\/goias.gov.br\/abc\/wp-content\/uploads\/sites\/23\/2024\/05\/2024.05.10_OMESC_PC.jpg",300,150,false],"large":["https:\/\/goias.gov.br\/abc\/wp-content\/uploads\/sites\/23\/2024\/05\/2024.05.10_OMESC_PC.jpg",1024,512,false],"1536x1536":["https:\/\/goias.gov.br\/abc\/wp-content\/uploads\/sites\/23\/2024\/05\/2024.05.10_OMESC_PC.jpg",1200,600,false],"2048x2048":["https:\/\/goias.gov.br\/abc\/wp-content\/uploads\/sites\/23\/2024\/05\/2024.05.10_OMESC_PC.jpg",1200,600,false]},"rttpg_author":{"display_name":"paulolicio","author_link":"https:\/\/goias.gov.br\/abc\/author\/paulolicio\/"},"rttpg_comment":0,"rttpg_category":"<a href=\"https:\/\/goias.gov.br\/abc\/categoria\/institucional\/noticias\/\" rel=\"category tag\">Not\u00edcias<\/a>","rttpg_excerpt":"Os policiais civis de Goi\u00e1s foram alvo de homenagem especial do Governo de Goi\u00e1s durante cerim\u00f4nia realizada na quinta-feira (9), data em que se comemora o Dia do Policial Civil. O evento foi no Centro Cultural Oscar Niemeyer, com presen\u00e7a do governador Ronaldo Caiado, da primeira-dama Gracinha Caiado, secret\u00e1rios de Estado, parlamentares e autoridades de&hellip;","_links":{"self":[{"href":"https:\/\/goias.gov.br\/abc\/wp-json\/wp\/v2\/posts\/23032","targetHints":{"allow":["GET"]}}],"collection":[{"href":"https:\/\/goias.gov.br\/abc\/wp-json\/wp\/v2\/posts"}],"about":[{"href":"https:\/\/goias.gov.br\/abc\/wp-json\/wp\/v2\/types\/post"}],"author":[{"embeddable":true,"href":"https:\/\/goias.gov.br\/abc\/wp-json\/wp\/v2\/users\/381"}],"replies":[{"embeddable":true,"href":"https:\/\/goias.gov.br\/abc\/wp-json\/wp\/v2\/comments?post=23032"}],"version-history":[{"count":2,"href":"https:\/\/goias.gov.br\/abc\/wp-json\/wp\/v2\/posts\/23032\/revisions"}],"predecessor-version":[{"id":23061,"href":"https:\/\/goias.gov.br\/abc\/wp-json\/wp\/v2\/posts\/23032\/revisions\/23061"}],"wp:featuredmedia":[{"embeddable":true,"href":"https:\/\/goias.gov.br\/abc\/wp-json\/wp\/v2\/media\/23042"}],"wp:attachment":[{"href":"https:\/\/goias.gov.br\/abc\/wp-json\/wp\/v2\/media?parent=23032"}],"wp:term":[{"taxonomy":"category","embeddable":true,"href":"https:\/\/goias.gov.br\/abc\/wp-json\/wp\/v2\/categories?post=23032"},{"taxonomy":"post_tag","embeddable":true,"href":"https:\/\/goias.gov.br\/abc\/wp-json\/wp\/v2\/tags?post=23032"}],"curies":[{"name":"wp","href":"https:\/\/api.w.org\/{rel}","templated":true}]}}