

{"id":22499,"date":"2024-04-12T10:57:07","date_gmt":"2024-04-12T13:57:07","guid":{"rendered":"https:\/\/goias.gov.br\/abc\/?p=22499"},"modified":"2024-04-12T10:57:07","modified_gmt":"2024-04-12T13:57:07","slug":"saude-alerta-para-dia-d-da-vacinacao-contra-influenza","status":"publish","type":"post","link":"https:\/\/goias.gov.br\/abc\/saude-alerta-para-dia-d-da-vacinacao-contra-influenza\/","title":{"rendered":"Sa\u00fade alerta para Dia D da vacina\u00e7\u00e3o contra influenza"},"content":{"rendered":"\n<p>O Governo de Goi\u00e1s, por meio da Secretaria Estadual de Sa\u00fade (SES) e parceria com os munic\u00edpios, conclama a popula\u00e7\u00e3o para a imuniza\u00e7\u00e3o contra a influenza, doen\u00e7a popularmente conhecida como gripe, com esfor\u00e7o concentrado neste s\u00e1bado (13), chamado de Dia D da vacina\u00e7\u00e3o. A superintendente de Vigil\u00e2ncia em Sa\u00fade da SES, Fl\u00favia Amorim, explica que em todo o estado v\u00e3o funcionar 900 postos de vacina\u00e7\u00e3o, com funcionamento entre 8 e 17 horas. O programa <em>O Mundo em Sua Casa<\/em> desta sexta-feira (12), abordou o tema e refor\u00e7ou a import\u00e2ncia da iniciativa.<\/p>\n\n\n\n<p>Segundo Fl\u00favia Amorim, o \u00edndice de vacina\u00e7\u00e3o contra a gripe \u00e9 baixo em Goi\u00e1s, principalmente em grupos priorit\u00e1rios como gestantes e pu\u00e9rperas (m\u00e3es que deram \u00e0 luz recentemente). \u201cPrecisamos melhorar os \u00edndices neste segmento e tamb\u00e9m em grupos como crian\u00e7as, idosos e portadores de doen\u00e7as cr\u00f4nicas, porque estamos entrando no per\u00edodo seco, prop\u00edcio ao aumento das doen\u00e7as respirat\u00f3rias\u201d, refor\u00e7ou a superintendente da SES. O estado recebeu 900 mil doses de vacinas contra a gripe e a expectativa \u00e9 que o \u00edndice vacinal melhore ap\u00f3s o Dia D.<\/p>\n\n\n\n<p><strong>ABC Digital<\/strong><\/p>\n\n\n\n<p><\/p>\n","protected":false},"excerpt":{"rendered":"<p>O Governo de Goi\u00e1s, por meio da Secretaria Estadual de Sa\u00fade (SES) e parceria com os munic\u00edpios, conclama a popula\u00e7\u00e3o para a imuniza\u00e7\u00e3o contra a influenza, doen\u00e7a popularmente conhecida como gripe, com esfor\u00e7o concentrado neste s\u00e1bado (13), chamado de Dia D da vacina\u00e7\u00e3o. A superintendente de Vigil\u00e2ncia em Sa\u00fade da SES, Fl\u00favia Amorim, explica que [&hellip;]<\/p>\n","protected":false},"author":381,"featured_media":22501,"comment_status":"closed","ping_status":"open","sticky":false,"template":"","format":"standard","meta":{"footnotes":""},"categories":[39],"tags":[58],"class_list":["post-22499","post","type-post","status-publish","format-standard","has-post-thumbnail","hentry","category-noticias","tag-jornalismo"],"rttpg_featured_image_url":{"full":["https:\/\/goias.gov.br\/abc\/wp-content\/uploads\/sites\/23\/2024\/04\/2024.04.12_BNG_VACINA.jpg",1200,600,false],"landscape":["https:\/\/goias.gov.br\/abc\/wp-content\/uploads\/sites\/23\/2024\/04\/2024.04.12_BNG_VACINA.jpg",1200,600,false],"portraits":["https:\/\/goias.gov.br\/abc\/wp-content\/uploads\/sites\/23\/2024\/04\/2024.04.12_BNG_VACINA.jpg",1200,600,false],"thumbnail":["https:\/\/goias.gov.br\/abc\/wp-content\/uploads\/sites\/23\/2024\/04\/2024.04.12_BNG_VACINA.jpg",150,75,false],"medium":["https:\/\/goias.gov.br\/abc\/wp-content\/uploads\/sites\/23\/2024\/04\/2024.04.12_BNG_VACINA.jpg",300,150,false],"large":["https:\/\/goias.gov.br\/abc\/wp-content\/uploads\/sites\/23\/2024\/04\/2024.04.12_BNG_VACINA.jpg",1024,512,false],"1536x1536":["https:\/\/goias.gov.br\/abc\/wp-content\/uploads\/sites\/23\/2024\/04\/2024.04.12_BNG_VACINA.jpg",1200,600,false],"2048x2048":["https:\/\/goias.gov.br\/abc\/wp-content\/uploads\/sites\/23\/2024\/04\/2024.04.12_BNG_VACINA.jpg",1200,600,false]},"rttpg_author":{"display_name":"paulolicio","author_link":"https:\/\/goias.gov.br\/abc\/author\/paulolicio\/"},"rttpg_comment":0,"rttpg_category":"<a href=\"https:\/\/goias.gov.br\/abc\/categoria\/institucional\/noticias\/\" rel=\"category tag\">Not\u00edcias<\/a>","rttpg_excerpt":"O Governo de Goi\u00e1s, por meio da Secretaria Estadual de Sa\u00fade (SES) e parceria com os munic\u00edpios, conclama a popula\u00e7\u00e3o para a imuniza\u00e7\u00e3o contra a influenza, doen\u00e7a popularmente conhecida como gripe, com esfor\u00e7o concentrado neste s\u00e1bado (13), chamado de Dia D da vacina\u00e7\u00e3o. A superintendente de Vigil\u00e2ncia em Sa\u00fade da SES, Fl\u00favia Amorim, explica que&hellip;","_links":{"self":[{"href":"https:\/\/goias.gov.br\/abc\/wp-json\/wp\/v2\/posts\/22499","targetHints":{"allow":["GET"]}}],"collection":[{"href":"https:\/\/goias.gov.br\/abc\/wp-json\/wp\/v2\/posts"}],"about":[{"href":"https:\/\/goias.gov.br\/abc\/wp-json\/wp\/v2\/types\/post"}],"author":[{"embeddable":true,"href":"https:\/\/goias.gov.br\/abc\/wp-json\/wp\/v2\/users\/381"}],"replies":[{"embeddable":true,"href":"https:\/\/goias.gov.br\/abc\/wp-json\/wp\/v2\/comments?post=22499"}],"version-history":[{"count":2,"href":"https:\/\/goias.gov.br\/abc\/wp-json\/wp\/v2\/posts\/22499\/revisions"}],"predecessor-version":[{"id":22508,"href":"https:\/\/goias.gov.br\/abc\/wp-json\/wp\/v2\/posts\/22499\/revisions\/22508"}],"wp:featuredmedia":[{"embeddable":true,"href":"https:\/\/goias.gov.br\/abc\/wp-json\/wp\/v2\/media\/22501"}],"wp:attachment":[{"href":"https:\/\/goias.gov.br\/abc\/wp-json\/wp\/v2\/media?parent=22499"}],"wp:term":[{"taxonomy":"category","embeddable":true,"href":"https:\/\/goias.gov.br\/abc\/wp-json\/wp\/v2\/categories?post=22499"},{"taxonomy":"post_tag","embeddable":true,"href":"https:\/\/goias.gov.br\/abc\/wp-json\/wp\/v2\/tags?post=22499"}],"curies":[{"name":"wp","href":"https:\/\/api.w.org\/{rel}","templated":true}]}}