

{"id":22417,"date":"2024-04-10T10:44:13","date_gmt":"2024-04-10T13:44:13","guid":{"rendered":"https:\/\/goias.gov.br\/abc\/?p=22417"},"modified":"2024-04-10T16:25:26","modified_gmt":"2024-04-10T19:25:26","slug":"goias-reduz-de-5-para-4-anos-prazo-para-promocao-de-policiais","status":"publish","type":"post","link":"https:\/\/goias.gov.br\/abc\/goias-reduz-de-5-para-4-anos-prazo-para-promocao-de-policiais\/","title":{"rendered":"Goi\u00e1s reduz de 5 para 4 anos prazo para promo\u00e7\u00e3o de policiais"},"content":{"rendered":"\n<p>Com o objetivo de valorizar e motivar policiais militares que atuam como soldados na Pol\u00edcia Militar e no Corpo de Bombeiros, o governador Ronaldo Caiado anunciou na ter\u00e7a-feira (9) a redu\u00e7\u00e3o do prazo para promo\u00e7\u00e3o desses profissionais. Antes, eles teriam de esperar cinco anos para requerer gradua\u00e7\u00e3o para cabo, o que s\u00f3 estava previsto para 2025. Com a nova medida, 1.500 soldados que atuam na PM e 204 do Corpo de Bombeiros podem requerer o benef\u00edcio agora, como mostrou reportagem no <em>O Mundo em Sua Casa<\/em> desta quarta-feira (10).<\/p>\n\n\n\n<p>\u201cN\u00e3o existe democracia nem Estado Democr\u00e1tico de Direito sem seguran\u00e7a p\u00fablica. N\u00e3o posso decepcionar as pessoas e nem aqueles que s\u00e3o respons\u00e1veis pela seguran\u00e7a de Goi\u00e1s e garantem a governabilidade do estado\u201d, asseverou Ronaldo Caiado ao explicar a redu\u00e7\u00e3o de prazo de promo\u00e7\u00e3o, acrescentando que a medida d\u00e1 aos policiais a condi\u00e7\u00e3o de crescer numa institui\u00e7\u00e3o que sabe respeitar a cada um de seus integrantes.<\/p>\n\n\n\n<p><strong>Valoriza\u00e7\u00e3o<\/strong><\/p>\n\n\n\n<p>O comandante-geral da Pol\u00edcia Militar de Goi\u00e1s, coronel Marcelo Granja, destacou eu a redu\u00e7\u00e3o do interst\u00edcio para obten\u00e7\u00e3o da promo\u00e7\u00e3o \u00e9 o reconhecimento \u00e0 excel\u00eancia dos servi\u00e7os prestados pelas for\u00e7as estaduais de seguran\u00e7a p\u00fablica. \u201cMais uma vez, o governador motiva e valoriza a nossa tropa. Traz mais dignidade, principalmente, n\u00e3o s\u00f3 aos policiais, mas principalmente aos familiares\u201d, disse ele.<\/p>\n\n\n\n<p>O coronel Washington Luiz Vaz J\u00fanior, comandante do Corpo de Bombeiros Militar, refor\u00e7ou a import\u00e2ncia da redu\u00e7\u00e3o do prazo de promo\u00e7\u00e3o dos policiais. \u201cS\u00e3o militares que em sua maioria est\u00e3o na rua, combatendo, salvando e apagando inc\u00eandios e, portanto merecem ser reconhecidos e valorizados\u201d, arrematou.<\/p>\n\n\n\n<p><strong>ABC Digital<\/strong><\/p>\n\n\n\n<figure class=\"wp-block-embed aligncenter is-type-video is-provider-youtube wp-block-embed-youtube wp-embed-aspect-16-9 wp-has-aspect-ratio\"><div class=\"wp-block-embed__wrapper\">\n<iframe title=\"10-04 | Soldados ganham Promo\u00e7\u00e3o mais Cedo\" width=\"500\" height=\"281\" src=\"https:\/\/www.youtube.com\/embed\/VrmOc1aAAyI?feature=oembed\" frameborder=\"0\" allow=\"accelerometer; autoplay; clipboard-write; encrypted-media; gyroscope; picture-in-picture; web-share\" referrerpolicy=\"strict-origin-when-cross-origin\" allowfullscreen><\/iframe>\n<\/div><\/figure>\n","protected":false},"excerpt":{"rendered":"<p>Com o objetivo de valorizar e motivar policiais militares que atuam como soldados na Pol\u00edcia Militar e no Corpo de Bombeiros, o governador Ronaldo Caiado anunciou na ter\u00e7a-feira (9) a redu\u00e7\u00e3o do prazo para promo\u00e7\u00e3o desses profissionais. Antes, eles teriam de esperar cinco anos para requerer gradua\u00e7\u00e3o para cabo, o que s\u00f3 estava previsto para [&hellip;]<\/p>\n","protected":false},"author":381,"featured_media":22438,"comment_status":"closed","ping_status":"open","sticky":false,"template":"","format":"standard","meta":{"footnotes":""},"categories":[39],"tags":[58],"class_list":["post-22417","post","type-post","status-publish","format-standard","has-post-thumbnail","hentry","category-noticias","tag-jornalismo"],"rttpg_featured_image_url":{"full":["https:\/\/goias.gov.br\/abc\/wp-content\/uploads\/sites\/23\/2024\/04\/2024.04.10_OMESC_POLICIAIS.jpg",1200,600,false],"landscape":["https:\/\/goias.gov.br\/abc\/wp-content\/uploads\/sites\/23\/2024\/04\/2024.04.10_OMESC_POLICIAIS.jpg",1200,600,false],"portraits":["https:\/\/goias.gov.br\/abc\/wp-content\/uploads\/sites\/23\/2024\/04\/2024.04.10_OMESC_POLICIAIS.jpg",1200,600,false],"thumbnail":["https:\/\/goias.gov.br\/abc\/wp-content\/uploads\/sites\/23\/2024\/04\/2024.04.10_OMESC_POLICIAIS.jpg",150,75,false],"medium":["https:\/\/goias.gov.br\/abc\/wp-content\/uploads\/sites\/23\/2024\/04\/2024.04.10_OMESC_POLICIAIS.jpg",300,150,false],"large":["https:\/\/goias.gov.br\/abc\/wp-content\/uploads\/sites\/23\/2024\/04\/2024.04.10_OMESC_POLICIAIS.jpg",1024,512,false],"1536x1536":["https:\/\/goias.gov.br\/abc\/wp-content\/uploads\/sites\/23\/2024\/04\/2024.04.10_OMESC_POLICIAIS.jpg",1200,600,false],"2048x2048":["https:\/\/goias.gov.br\/abc\/wp-content\/uploads\/sites\/23\/2024\/04\/2024.04.10_OMESC_POLICIAIS.jpg",1200,600,false]},"rttpg_author":{"display_name":"paulolicio","author_link":"https:\/\/goias.gov.br\/abc\/author\/paulolicio\/"},"rttpg_comment":0,"rttpg_category":"<a href=\"https:\/\/goias.gov.br\/abc\/categoria\/institucional\/noticias\/\" rel=\"category tag\">Not\u00edcias<\/a>","rttpg_excerpt":"Com o objetivo de valorizar e motivar policiais militares que atuam como soldados na Pol\u00edcia Militar e no Corpo de Bombeiros, o governador Ronaldo Caiado anunciou na ter\u00e7a-feira (9) a redu\u00e7\u00e3o do prazo para promo\u00e7\u00e3o desses profissionais. Antes, eles teriam de esperar cinco anos para requerer gradua\u00e7\u00e3o para cabo, o que s\u00f3 estava previsto para&hellip;","_links":{"self":[{"href":"https:\/\/goias.gov.br\/abc\/wp-json\/wp\/v2\/posts\/22417","targetHints":{"allow":["GET"]}}],"collection":[{"href":"https:\/\/goias.gov.br\/abc\/wp-json\/wp\/v2\/posts"}],"about":[{"href":"https:\/\/goias.gov.br\/abc\/wp-json\/wp\/v2\/types\/post"}],"author":[{"embeddable":true,"href":"https:\/\/goias.gov.br\/abc\/wp-json\/wp\/v2\/users\/381"}],"replies":[{"embeddable":true,"href":"https:\/\/goias.gov.br\/abc\/wp-json\/wp\/v2\/comments?post=22417"}],"version-history":[{"count":2,"href":"https:\/\/goias.gov.br\/abc\/wp-json\/wp\/v2\/posts\/22417\/revisions"}],"predecessor-version":[{"id":22461,"href":"https:\/\/goias.gov.br\/abc\/wp-json\/wp\/v2\/posts\/22417\/revisions\/22461"}],"wp:featuredmedia":[{"embeddable":true,"href":"https:\/\/goias.gov.br\/abc\/wp-json\/wp\/v2\/media\/22438"}],"wp:attachment":[{"href":"https:\/\/goias.gov.br\/abc\/wp-json\/wp\/v2\/media?parent=22417"}],"wp:term":[{"taxonomy":"category","embeddable":true,"href":"https:\/\/goias.gov.br\/abc\/wp-json\/wp\/v2\/categories?post=22417"},{"taxonomy":"post_tag","embeddable":true,"href":"https:\/\/goias.gov.br\/abc\/wp-json\/wp\/v2\/tags?post=22417"}],"curies":[{"name":"wp","href":"https:\/\/api.w.org\/{rel}","templated":true}]}}