

{"id":22119,"date":"2024-03-22T16:34:55","date_gmt":"2024-03-22T19:34:55","guid":{"rendered":"https:\/\/goias.gov.br\/abc\/?p=22119"},"modified":"2024-04-03T15:59:22","modified_gmt":"2024-04-03T18:59:22","slug":"goias-social-leva-beneficios-e-servicos-a-mineiros","status":"publish","type":"post","link":"https:\/\/goias.gov.br\/abc\/goias-social-leva-beneficios-e-servicos-a-mineiros\/","title":{"rendered":"Goi\u00e1s Social leva benef\u00edcios e servi\u00e7os a Mineiros"},"content":{"rendered":"\n<p>Coordenado pela primeira-dama Gracinha Caiado, o programa Goi\u00e1s Social entrega benef\u00edcios sociais neste fim de semana em Mineiros, nesta sexta-feira (22) e s\u00e1bado (23). Com estrutura montada na cidade, o governo levou diversos benef\u00edcios e servi\u00e7os p\u00fablicos para a popula\u00e7\u00e3o do munic\u00edpio no do Sul do estado.<\/p>\n\n\n\n<p>Equipe de reportagem do Jornal Brasil Central acompanhou as atividades, entrevistando o prefeito Aleomar Rezende e os secret\u00e1rios estaduais da Agricultura (Pedro Leonardo) e Esporte e Lazer (Rudson Guerra). Al\u00e9m da entrega de 1,2 mil cart\u00f5es de programas estaduais de transfer\u00eancia de renda, a programa\u00e7\u00e3o prev\u00ea oferta de servi\u00e7os como emiss\u00e3o de documentos, oferta de cursos r\u00e1pidos e lazer para crian\u00e7as, entre outros.<\/p>\n\n\n\n<p><strong>ABC Digital<\/strong><\/p>\n\n\n\n<figure class=\"wp-block-embed aligncenter is-type-video is-provider-youtube wp-block-embed-youtube wp-embed-aspect-16-9 wp-has-aspect-ratio\"><div class=\"wp-block-embed__wrapper\">\n<iframe title=\"22-03 | Goi\u00e1s Social chega a Mineiros\" width=\"500\" height=\"281\" src=\"https:\/\/www.youtube.com\/embed\/RFYkBEaMzDE?feature=oembed\" frameborder=\"0\" allow=\"accelerometer; autoplay; clipboard-write; encrypted-media; gyroscope; picture-in-picture; web-share\" referrerpolicy=\"strict-origin-when-cross-origin\" allowfullscreen><\/iframe>\n<\/div><\/figure>\n","protected":false},"excerpt":{"rendered":"<p>Coordenado pela primeira-dama Gracinha Caiado, o programa Goi\u00e1s Social entrega benef\u00edcios sociais neste fim de semana em Mineiros, nesta sexta-feira (22) e s\u00e1bado (23). Com estrutura montada na cidade, o governo levou diversos benef\u00edcios e servi\u00e7os p\u00fablicos para a popula\u00e7\u00e3o do munic\u00edpio no do Sul do estado. Equipe de reportagem do Jornal Brasil Central acompanhou [&hellip;]<\/p>\n","protected":false},"author":377,"featured_media":22178,"comment_status":"closed","ping_status":"open","sticky":false,"template":"","format":"standard","meta":{"footnotes":""},"categories":[39],"tags":[58],"class_list":["post-22119","post","type-post","status-publish","format-standard","has-post-thumbnail","hentry","category-noticias","tag-jornalismo"],"rttpg_featured_image_url":{"full":["https:\/\/goias.gov.br\/abc\/wp-content\/uploads\/sites\/23\/2024\/03\/2024.03.22_JBC_MINEIROS.jpg",1200,600,false],"landscape":["https:\/\/goias.gov.br\/abc\/wp-content\/uploads\/sites\/23\/2024\/03\/2024.03.22_JBC_MINEIROS.jpg",1200,600,false],"portraits":["https:\/\/goias.gov.br\/abc\/wp-content\/uploads\/sites\/23\/2024\/03\/2024.03.22_JBC_MINEIROS.jpg",1200,600,false],"thumbnail":["https:\/\/goias.gov.br\/abc\/wp-content\/uploads\/sites\/23\/2024\/03\/2024.03.22_JBC_MINEIROS.jpg",150,75,false],"medium":["https:\/\/goias.gov.br\/abc\/wp-content\/uploads\/sites\/23\/2024\/03\/2024.03.22_JBC_MINEIROS.jpg",300,150,false],"large":["https:\/\/goias.gov.br\/abc\/wp-content\/uploads\/sites\/23\/2024\/03\/2024.03.22_JBC_MINEIROS.jpg",1024,512,false],"1536x1536":["https:\/\/goias.gov.br\/abc\/wp-content\/uploads\/sites\/23\/2024\/03\/2024.03.22_JBC_MINEIROS.jpg",1200,600,false],"2048x2048":["https:\/\/goias.gov.br\/abc\/wp-content\/uploads\/sites\/23\/2024\/03\/2024.03.22_JBC_MINEIROS.jpg",1200,600,false]},"rttpg_author":{"display_name":"edsonfonseca","author_link":"https:\/\/goias.gov.br\/abc\/author\/edsonfonseca\/"},"rttpg_comment":0,"rttpg_category":"<a href=\"https:\/\/goias.gov.br\/abc\/categoria\/institucional\/noticias\/\" rel=\"category tag\">Not\u00edcias<\/a>","rttpg_excerpt":"Coordenado pela primeira-dama Gracinha Caiado, o programa Goi\u00e1s Social entrega benef\u00edcios sociais neste fim de semana em Mineiros, nesta sexta-feira (22) e s\u00e1bado (23). Com estrutura montada na cidade, o governo levou diversos benef\u00edcios e servi\u00e7os p\u00fablicos para a popula\u00e7\u00e3o do munic\u00edpio no do Sul do estado. Equipe de reportagem do Jornal Brasil Central acompanhou&hellip;","_links":{"self":[{"href":"https:\/\/goias.gov.br\/abc\/wp-json\/wp\/v2\/posts\/22119","targetHints":{"allow":["GET"]}}],"collection":[{"href":"https:\/\/goias.gov.br\/abc\/wp-json\/wp\/v2\/posts"}],"about":[{"href":"https:\/\/goias.gov.br\/abc\/wp-json\/wp\/v2\/types\/post"}],"author":[{"embeddable":true,"href":"https:\/\/goias.gov.br\/abc\/wp-json\/wp\/v2\/users\/377"}],"replies":[{"embeddable":true,"href":"https:\/\/goias.gov.br\/abc\/wp-json\/wp\/v2\/comments?post=22119"}],"version-history":[{"count":2,"href":"https:\/\/goias.gov.br\/abc\/wp-json\/wp\/v2\/posts\/22119\/revisions"}],"predecessor-version":[{"id":22180,"href":"https:\/\/goias.gov.br\/abc\/wp-json\/wp\/v2\/posts\/22119\/revisions\/22180"}],"wp:featuredmedia":[{"embeddable":true,"href":"https:\/\/goias.gov.br\/abc\/wp-json\/wp\/v2\/media\/22178"}],"wp:attachment":[{"href":"https:\/\/goias.gov.br\/abc\/wp-json\/wp\/v2\/media?parent=22119"}],"wp:term":[{"taxonomy":"category","embeddable":true,"href":"https:\/\/goias.gov.br\/abc\/wp-json\/wp\/v2\/categories?post=22119"},{"taxonomy":"post_tag","embeddable":true,"href":"https:\/\/goias.gov.br\/abc\/wp-json\/wp\/v2\/tags?post=22119"}],"curies":[{"name":"wp","href":"https:\/\/api.w.org\/{rel}","templated":true}]}}