

{"id":21585,"date":"2024-02-08T11:22:18","date_gmt":"2024-02-08T14:22:18","guid":{"rendered":"https:\/\/siteshom.goias.gov.br\/abc\/eva-taucci-faz-participacao-especial-na-tbc-e-da-exemplo-em-luta-contra-o-cancer\/"},"modified":"2024-02-08T11:22:18","modified_gmt":"2024-02-08T14:22:18","slug":"eva-taucci-faz-participacao-especial-na-tbc-e-da-exemplo-em-luta-contra-o-cancer","status":"publish","type":"post","link":"https:\/\/goias.gov.br\/abc\/eva-taucci-faz-participacao-especial-na-tbc-e-da-exemplo-em-luta-contra-o-cancer\/","title":{"rendered":"Eva Taucci faz participa\u00e7\u00e3o especial na TBC e d\u00e1 exemplo em luta contra o c\u00e2ncer"},"content":{"rendered":"<p>Jornalista, que j&aacute; foi apresentadora do programa, passa por um tratamento contra a doen&ccedil;a e se tornou s&iacute;mbolo de positividade para outras pessoas nas redes sociais<\/p>\n<p><!--more--><\/p>\n<p style=\"text-align: center;\"><iframe allow=\"accelerometer; autoplay; clipboard-write; encrypted-media; gyroscope; picture-in-picture; web-share\" allowfullscreen=\"\" frameborder=\"0\" height=\"315\" src=\"https:\/\/www.youtube.com\/embed\/T2nVeNcR0F0?si=YslZMb_cFVop5aBc\" title=\"YouTube video player\" width=\"560\"><\/iframe><\/p>\n<p>O programa <em>O Mundo em sua Casa<\/em> desta quinta-feira (7) contou com a participa&ccedil;&atilde;o especial de Eva Taucci no est&uacute;dio dois da TV Brasil Central. A jornalista, que deixou o programa h&aacute; dois anos, fez a apresenta&ccedil;&atilde;o das not&iacute;cias por um dia, a convite do presidente da Ag&ecirc;ncia Brasil Central (ABC), Reginaldo J&uacute;nior, e da equipe do programa. Eva est&aacute; est&aacute; passando por um tratamento contra o c&acirc;ncer e se tornou exemplo, nas redes sociais, para outras pessoas que enfrentam a doen&ccedil;a, por causa de sua for&ccedil;a e positividade.<\/p>\n<p>&quot;Convidei a Eva para apresentar <em>O&nbsp;Mundo em Sua Casa<\/em> para que contasse sua luta pela vida e sirva de inspira&ccedil;&atilde;o a milhares de pessoas. A Eva &eacute; um exemplo de for&ccedil;a e supera&ccedil;&atilde;o&quot;, disse o presidente da Ag&ecirc;ncia Brasil Central (ABC), Reginaldo J&uacute;nior. O programa&nbsp;&eacute; transmitido tamb&eacute;m pelo <a href=\"https:\/\/youtube.com\/tvbrasilcentral\" target=\"_blank\" title=\"abre em nova janela\" rel=\"noopener\">canal do YouTube da TV Brasil Central<\/a>. A edi&ccedil;&atilde;o&nbsp;desta quinta-feira (8), durante seu hor&aacute;rio de exibi&ccedil;&atilde;o (das 7h30 &agrave;s 9 horas), registrou 987 visualiza&ccedil;&otilde;es na plataforma de compartilhamento de v&iacute;deos, com picos de 105 simult&acirc;neos, e muitas mensagens de incentivo a&nbsp;Eva Taucci.&nbsp;<\/p>\n<p>&ldquo;Hoje &eacute; um dia realmente muito especial para mim. A TBC &eacute; minha casa, me sinto feliz de ter recebido esse convite para apresentar o jornal hoje&rdquo;, disse. Ela contou que est&aacute; passando por uma luta pessoal, no tratamento do c&acirc;ncer. &ldquo;Queria pedir licen&ccedil;a para voc&ecirc;s, para poder representar aqui os pacientes que lutam com essa doen&ccedil;a, que s&atilde;o julgados. Eu quero dizer que isso n&atilde;o &eacute; uma senten&ccedil;a de morte. Quando a gente recebe um diagn&oacute;stico de c&acirc;ncer, &eacute; uma luta pela vida&rdquo;, afirmou emocionada.&nbsp;<\/p>\n<p>A jornalista confessou que estava usando uma peruca, pois tivera de raspar a cabe&ccedil;a diante da queda do cabelo, um dos efeitos do tratamento quimioter&aacute;pico. Durante seu depoimento ao vivo, no programa, desejou que o hospital CORA, que est&aacute; sendo constru&iacute;do pelo governador Ronaldo Caiado, seja uma refer&ecirc;ncia no tratamento oncol&oacute;gico. &ldquo;Infelizmente, o tratamento oncol&oacute;gico no Brasil ainda &eacute; um pouco prec&aacute;rio. Fa&ccedil;o um apelo aqui para que a Sa&uacute;de olhe mais para os pacientes oncol&oacute;gicos, para que a sociedade respeite mais o paciente, que n&atilde;o olhe para ele com pena, como uma senten&ccedil;a de morte. Pelo contr&aacute;rio, a gente quer viver, a gente quer lutar&rdquo;, ressaltou.<\/p>\n<h2>Sem peruca<\/h2>\n<p>Eva Taucci agradeceu aos colegas do est&uacute;dio da TV Brasil Central, porque todos portavam m&aacute;scaras nos rostos para que ela pudesse apresentar o programa, j&aacute; que no momento ela &eacute; uma paciente imunodeprimida. Depois, pediu licen&ccedil;a para tirar a peruca e continuou a apresentar o jornal sem o acess&oacute;rio, pois&nbsp;estava na situa&ccedil;&atilde;o de paciente oncol&oacute;gica.&rdquo;Quero mostrar que sou capaz de apresentar esse jornal, apesar de estar doente. Vou continuar, vou limpar as l&aacute;grimas&rdquo;, e seguiu seu trabalho.<\/p>\n<p style=\"text-align: center;\"><iframe allow=\"accelerometer; autoplay; clipboard-write; encrypted-media; gyroscope; picture-in-picture; web-share\" allowfullscreen=\"\" frameborder=\"0\" height=\"315\" src=\"https:\/\/www.youtube.com\/embed\/TTs1QWBjknk?si=RbFrVEyLCJnrNYQ0\" title=\"YouTube video player\" width=\"560\"><\/iframe><\/p>\n<p>No final de <em>O Mundo em Sua Casa<\/em>, foi exibida uma reportagem especial com a chamada <em>Tratamento oncol&oacute;gico pode ser enfrentado com alto astral<\/em>. O rep&oacute;rter Pedro Henrique&nbsp;Rabelo mostrou o trabalho da cabeleireira Marlene Xavier, que confecciona perucas para mulheres que passam por tratamento contra o c&acirc;ncer e tamb&eacute;m faz doa&ccedil;&atilde;o para aquelas que n&atilde;o t&ecirc;m condi&ccedil;&otilde;es de comprar o acess&oacute;rio. Segundo ela, o cabelo &eacute; importante para a autoestima da mulher. A reportagem contou&nbsp;tamb&eacute;m como a jornalista Eva Taucci tem convivido com o tratamento contra o c&acirc;ncer, apresentando o cotidiano dela no seu perfil no Instagram, e que a positividade diante da doen&ccedil;a faz toda a diferen&ccedil;a no tratamento.&nbsp;<\/p>\n<p>A psic&oacute;loga Jaqueline Amaral ressaltou que, durante o tratamento do c&acirc;ncer, a autoestima &eacute; fundamental. Disse ainda que, nesse sentido, o importante n&atilde;o &eacute; falar em como vencer (o c&acirc;ncer), &ldquo;mas em como conviver e ressignificar a vida durante um processo de adoecimento&rsquo;&rdquo;, destacou. Nesse contexto, a jornalista Eva Taucci est&aacute; usando seu poder de comunica&ccedil;&atilde;o para ressignificar a doen&ccedil;a e ajudar outras pessoas que passam pela mesma situa&ccedil;&atilde;o.<\/p>\n<p><strong>ABC Digital<\/strong><\/p>\n","protected":false},"excerpt":{"rendered":"<p>Jornalista, que j&aacute; foi apresentadora do programa, passa por um tratamento contra a doen&ccedil;a e se tornou s&iacute;mbolo de positividade para outras pessoas nas redes sociais<\/p>\n","protected":false},"author":247,"featured_media":21584,"comment_status":"closed","ping_status":"open","sticky":false,"template":"","format":"standard","meta":{"footnotes":""},"categories":[39],"tags":[],"class_list":["post-21585","post","type-post","status-publish","format-standard","has-post-thumbnail","hentry","category-noticias"],"rttpg_featured_image_url":{"full":["https:\/\/goias.gov.br\/abc\/wp-content\/uploads\/sites\/23\/2024\/02\/08.02_OMESC_EVA-c3c.jpg",1280,720,false],"landscape":["https:\/\/goias.gov.br\/abc\/wp-content\/uploads\/sites\/23\/2024\/02\/08.02_OMESC_EVA-c3c.jpg",1280,720,false],"portraits":["https:\/\/goias.gov.br\/abc\/wp-content\/uploads\/sites\/23\/2024\/02\/08.02_OMESC_EVA-c3c.jpg",1280,720,false],"thumbnail":["https:\/\/goias.gov.br\/abc\/wp-content\/uploads\/sites\/23\/2024\/02\/08.02_OMESC_EVA-c3c-150x150.jpg",150,150,true],"medium":["https:\/\/goias.gov.br\/abc\/wp-content\/uploads\/sites\/23\/2024\/02\/08.02_OMESC_EVA-c3c-300x169.jpg",300,169,true],"large":["https:\/\/goias.gov.br\/abc\/wp-content\/uploads\/sites\/23\/2024\/02\/08.02_OMESC_EVA-c3c-1024x576.jpg",1024,576,true],"1536x1536":["https:\/\/goias.gov.br\/abc\/wp-content\/uploads\/sites\/23\/2024\/02\/08.02_OMESC_EVA-c3c.jpg",1280,720,false],"2048x2048":["https:\/\/goias.gov.br\/abc\/wp-content\/uploads\/sites\/23\/2024\/02\/08.02_OMESC_EVA-c3c.jpg",1280,720,false]},"rttpg_author":{"display_name":"lucelialima","author_link":"https:\/\/goias.gov.br\/abc\/author\/lucelialima\/"},"rttpg_comment":0,"rttpg_category":"<a href=\"https:\/\/goias.gov.br\/abc\/categoria\/institucional\/noticias\/\" rel=\"category tag\">Not\u00edcias<\/a>","rttpg_excerpt":"Jornalista, que j&aacute; foi apresentadora do programa, passa por um tratamento contra a doen&ccedil;a e se tornou s&iacute;mbolo de positividade para outras pessoas nas redes sociais","_links":{"self":[{"href":"https:\/\/goias.gov.br\/abc\/wp-json\/wp\/v2\/posts\/21585","targetHints":{"allow":["GET"]}}],"collection":[{"href":"https:\/\/goias.gov.br\/abc\/wp-json\/wp\/v2\/posts"}],"about":[{"href":"https:\/\/goias.gov.br\/abc\/wp-json\/wp\/v2\/types\/post"}],"author":[{"embeddable":true,"href":"https:\/\/goias.gov.br\/abc\/wp-json\/wp\/v2\/users\/247"}],"replies":[{"embeddable":true,"href":"https:\/\/goias.gov.br\/abc\/wp-json\/wp\/v2\/comments?post=21585"}],"version-history":[{"count":0,"href":"https:\/\/goias.gov.br\/abc\/wp-json\/wp\/v2\/posts\/21585\/revisions"}],"wp:featuredmedia":[{"embeddable":true,"href":"https:\/\/goias.gov.br\/abc\/wp-json\/wp\/v2\/media\/21584"}],"wp:attachment":[{"href":"https:\/\/goias.gov.br\/abc\/wp-json\/wp\/v2\/media?parent=21585"}],"wp:term":[{"taxonomy":"category","embeddable":true,"href":"https:\/\/goias.gov.br\/abc\/wp-json\/wp\/v2\/categories?post=21585"},{"taxonomy":"post_tag","embeddable":true,"href":"https:\/\/goias.gov.br\/abc\/wp-json\/wp\/v2\/tags?post=21585"}],"curies":[{"name":"wp","href":"https:\/\/api.w.org\/{rel}","templated":true}]}}