

{"id":20668,"date":"2023-08-24T16:14:47","date_gmt":"2023-08-24T19:14:47","guid":{"rendered":"https:\/\/siteshom.goias.gov.br\/abc\/maes-podem-doar-filhos-espontaneamente-para-adocao\/"},"modified":"2023-08-24T16:14:47","modified_gmt":"2023-08-24T19:14:47","slug":"maes-podem-doar-filhos-espontaneamente-para-adocao","status":"publish","type":"post","link":"https:\/\/goias.gov.br\/abc\/maes-podem-doar-filhos-espontaneamente-para-adocao\/","title":{"rendered":"M\u00e3es podem doar filhos espontaneamente para ado\u00e7\u00e3o"},"content":{"rendered":"<p>Comarcas no interior de Goi&aacute;s e Juizado da Inf&acirc;ncia da capital recebem e encaminham crian&ccedil;as para o sistema nacional de ado&ccedil;&atilde;o<\/p>\n<p><!--more--><\/p>\n<p style=\"text-align: center;\"><iframe allow=\"accelerometer; autoplay; clipboard-write; encrypted-media; gyroscope; picture-in-picture; web-share\" allowfullscreen=\"\" frameborder=\"0\" height=\"315\" src=\"https:\/\/www.youtube.com\/embed\/1PfGGG5eLSU?si=mvKt5sRWkCxOFR04\" title=\"YouTube video player\" width=\"560\"><\/iframe><\/p>\n<p>Com o crescimento de casos de abandono de crian&ccedil;as em Goi&aacute;s, principalmente beb&ecirc;s, o Juizado da Inf&acirc;ncia e Juventude lembra que existe a possibilidade de doa&ccedil;&atilde;o legal por parte dos pais. As comarcas do interior e o Juizado na capital recebem e destinam as crian&ccedil;as para acolhida e posterior encaminhamento &agrave; fila do sistema nacional de ado&ccedil;&atilde;o.<\/p>\n<p>Em entrevista ao <em>Jornal Brasil Central<\/em> desta quinta-feira (24), a diretora da Divis&atilde;o Interprofissional do Juizado da Inf&acirc;ncia de Goi&acirc;nia, Ediv&acirc;nia Freitas, ressaltou que o caminho para a doa&ccedil;&atilde;o espont&acirc;nea &eacute; um gestor de amor ao filho, j&aacute; que isso garantir&aacute; o futuro dele em um novo lar. Segundo ela, a entrega pela via judicial garante tamb&eacute;m o amparo legal &agrave; pr&oacute;pria m&atilde;e, que &eacute; orientada sobre todos os procedimentos necess&aacute;rios para a ado&ccedil;&atilde;o.<\/p>\n<p><strong>ABC Digital<\/strong><\/p>\n","protected":false},"excerpt":{"rendered":"<p>Comarcas no interior de Goi&aacute;s e Juizado da Inf&acirc;ncia da capital recebem e encaminham crian&ccedil;as para o sistema nacional de ado&ccedil;&atilde;o<\/p>\n","protected":false},"author":251,"featured_media":20667,"comment_status":"closed","ping_status":"open","sticky":false,"template":"","format":"standard","meta":{"footnotes":""},"categories":[39],"tags":[],"class_list":["post-20668","post","type-post","status-publish","format-standard","has-post-thumbnail","hentry","category-noticias"],"rttpg_featured_image_url":{"full":["https:\/\/goias.gov.br\/abc\/wp-content\/uploads\/sites\/23\/2023\/08\/24.08_JBC_ADOCAO-eda.jpg",1280,719,false],"landscape":["https:\/\/goias.gov.br\/abc\/wp-content\/uploads\/sites\/23\/2023\/08\/24.08_JBC_ADOCAO-eda.jpg",1280,719,false],"portraits":["https:\/\/goias.gov.br\/abc\/wp-content\/uploads\/sites\/23\/2023\/08\/24.08_JBC_ADOCAO-eda.jpg",1280,719,false],"thumbnail":["https:\/\/goias.gov.br\/abc\/wp-content\/uploads\/sites\/23\/2023\/08\/24.08_JBC_ADOCAO-eda-150x150.jpg",150,150,true],"medium":["https:\/\/goias.gov.br\/abc\/wp-content\/uploads\/sites\/23\/2023\/08\/24.08_JBC_ADOCAO-eda-300x169.jpg",300,169,true],"large":["https:\/\/goias.gov.br\/abc\/wp-content\/uploads\/sites\/23\/2023\/08\/24.08_JBC_ADOCAO-eda-1024x575.jpg",1024,575,true],"1536x1536":["https:\/\/goias.gov.br\/abc\/wp-content\/uploads\/sites\/23\/2023\/08\/24.08_JBC_ADOCAO-eda.jpg",1280,719,false],"2048x2048":["https:\/\/goias.gov.br\/abc\/wp-content\/uploads\/sites\/23\/2023\/08\/24.08_JBC_ADOCAO-eda.jpg",1280,719,false]},"rttpg_author":{"display_name":"eliasdias","author_link":"https:\/\/goias.gov.br\/abc\/author\/eliasdias\/"},"rttpg_comment":0,"rttpg_category":"<a href=\"https:\/\/goias.gov.br\/abc\/categoria\/institucional\/noticias\/\" rel=\"category tag\">Not\u00edcias<\/a>","rttpg_excerpt":"Comarcas no interior de Goi&aacute;s e Juizado da Inf&acirc;ncia da capital recebem e encaminham crian&ccedil;as para o sistema nacional de ado&ccedil;&atilde;o","_links":{"self":[{"href":"https:\/\/goias.gov.br\/abc\/wp-json\/wp\/v2\/posts\/20668","targetHints":{"allow":["GET"]}}],"collection":[{"href":"https:\/\/goias.gov.br\/abc\/wp-json\/wp\/v2\/posts"}],"about":[{"href":"https:\/\/goias.gov.br\/abc\/wp-json\/wp\/v2\/types\/post"}],"author":[{"embeddable":true,"href":"https:\/\/goias.gov.br\/abc\/wp-json\/wp\/v2\/users\/251"}],"replies":[{"embeddable":true,"href":"https:\/\/goias.gov.br\/abc\/wp-json\/wp\/v2\/comments?post=20668"}],"version-history":[{"count":0,"href":"https:\/\/goias.gov.br\/abc\/wp-json\/wp\/v2\/posts\/20668\/revisions"}],"wp:featuredmedia":[{"embeddable":true,"href":"https:\/\/goias.gov.br\/abc\/wp-json\/wp\/v2\/media\/20667"}],"wp:attachment":[{"href":"https:\/\/goias.gov.br\/abc\/wp-json\/wp\/v2\/media?parent=20668"}],"wp:term":[{"taxonomy":"category","embeddable":true,"href":"https:\/\/goias.gov.br\/abc\/wp-json\/wp\/v2\/categories?post=20668"},{"taxonomy":"post_tag","embeddable":true,"href":"https:\/\/goias.gov.br\/abc\/wp-json\/wp\/v2\/tags?post=20668"}],"curies":[{"name":"wp","href":"https:\/\/api.w.org\/{rel}","templated":true}]}}