

{"id":20508,"date":"2023-08-03T08:29:32","date_gmt":"2023-08-03T11:29:32","guid":{"rendered":"https:\/\/siteshom.goias.gov.br\/abc\/peritos-da-policia-cientifica-de-goias-desenvolvem-nova-ferramenta\/"},"modified":"2023-08-03T08:29:32","modified_gmt":"2023-08-03T11:29:32","slug":"peritos-da-policia-cientifica-de-goias-desenvolvem-nova-ferramenta","status":"publish","type":"post","link":"https:\/\/goias.gov.br\/abc\/peritos-da-policia-cientifica-de-goias-desenvolvem-nova-ferramenta\/","title":{"rendered":"Peritos da Pol\u00edcia Cient\u00edfica de Goi\u00e1s desenvolvem nova ferramenta"},"content":{"rendered":"<p><img fetchpriority=\"high\" decoding=\"async\" class=\" size-full wp-image-20507\" src=\"https:\/\/goias.gov.br\/abc\/wp-content\/uploads\/sites\/23\/2023\/08\/03.08_OMESC_PERICIA-630.jpg\" alt=\"\" width=\"1280\" height=\"720\" srcset=\"https:\/\/goias.gov.br\/abc\/wp-content\/uploads\/sites\/23\/2023\/08\/03.08_OMESC_PERICIA-630.jpg 1280w, https:\/\/goias.gov.br\/abc\/wp-content\/uploads\/sites\/23\/2023\/08\/03.08_OMESC_PERICIA-630-300x169.jpg 300w, https:\/\/goias.gov.br\/abc\/wp-content\/uploads\/sites\/23\/2023\/08\/03.08_OMESC_PERICIA-630-1024x576.jpg 1024w, https:\/\/goias.gov.br\/abc\/wp-content\/uploads\/sites\/23\/2023\/08\/03.08_OMESC_PERICIA-630-768x432.jpg 768w\" sizes=\"(max-width: 1280px) 100vw, 1280px\" \/><\/p>\n<p>Com a novidade, ser&aacute; poss&iacute;vel otimizar a realiza&ccedil;&atilde;o de per&iacute;cia de voz<\/p>\n<p><!--more--><\/p>\n<p>Uma nova ferramenta, desenvolvida por dois servidores da Pol&iacute;cia Cient&iacute;fica de Goi&aacute;s, promete otimizar o trabalho de per&iacute;cia em &aacute;udios. Foi o que mostrou reportagem exibida no programa <em>O Mundo em sua Casa <\/em>desta quinta-feira (3). O trabalho de identifica&ccedil;&atilde;o de voz &eacute; um dos mais complexos realizados, podendo durar em m&eacute;dia de 15 a 30 dias para ser conclu&iacute;do. Para facilitar a per&iacute;cia de compara&ccedil;&atilde;o de voz, os peritos Lucas Alc&acirc;ntara e Rafaello Virgilli tiveram a ideia de criar uma nova ferramenta, utilizando a intelig&ecirc;ncia artificial&nbsp;(IA).<\/p>\n<p>Lucas Alc&acirc;ntara contou que os estudos iniciaram no curso de Mestrado de Ci&ecirc;ncia da Computa&ccedil;&atilde;o, na &aacute;rea de IA, na Universidade Federal de Goi&aacute;s. O projeto a ser apresentado no Mestrado, escolhido por eles, foi o de compara&ccedil;&atilde;o de voz aplicado na intelig&ecirc;ncia artificial. Ele explicou que a adapta&ccedil;&atilde;o ainda vai demorar alguns meses, mas disse esperar que at&eacute; o final do ano j&aacute; seja poss&iacute;vel utilizar a nova ferramenta. O perito Rafaelo Virgilli esclareceu como o trabalho &eacute; desenvolvido na pr&aacute;tica e acrescentou que objetivo agora &eacute; analisar a efic&aacute;cia da ferramenta. &ldquo;Conforme a gente vai percebendo que a ferramenta funciona e entrega um resultado confi&aacute;vel, a gente vai por um caminho em que no futuro &nbsp;consiga utilizar somente ela&rdquo;, disse.<\/p>\n<p><strong>ABC Digital<\/strong><\/p>\n","protected":false},"excerpt":{"rendered":"<p>Com a novidade, ser&aacute; poss&iacute;vel otimizar a realiza&ccedil;&atilde;o de per&iacute;cia de voz<\/p>\n","protected":false},"author":247,"featured_media":20507,"comment_status":"closed","ping_status":"open","sticky":false,"template":"","format":"standard","meta":{"footnotes":""},"categories":[39],"tags":[],"class_list":["post-20508","post","type-post","status-publish","format-standard","has-post-thumbnail","hentry","category-noticias"],"rttpg_featured_image_url":{"full":["https:\/\/goias.gov.br\/abc\/wp-content\/uploads\/sites\/23\/2023\/08\/03.08_OMESC_PERICIA-630.jpg",1280,720,false],"landscape":["https:\/\/goias.gov.br\/abc\/wp-content\/uploads\/sites\/23\/2023\/08\/03.08_OMESC_PERICIA-630.jpg",1280,720,false],"portraits":["https:\/\/goias.gov.br\/abc\/wp-content\/uploads\/sites\/23\/2023\/08\/03.08_OMESC_PERICIA-630.jpg",1280,720,false],"thumbnail":["https:\/\/goias.gov.br\/abc\/wp-content\/uploads\/sites\/23\/2023\/08\/03.08_OMESC_PERICIA-630-150x150.jpg",150,150,true],"medium":["https:\/\/goias.gov.br\/abc\/wp-content\/uploads\/sites\/23\/2023\/08\/03.08_OMESC_PERICIA-630-300x169.jpg",300,169,true],"large":["https:\/\/goias.gov.br\/abc\/wp-content\/uploads\/sites\/23\/2023\/08\/03.08_OMESC_PERICIA-630-1024x576.jpg",1024,576,true],"1536x1536":["https:\/\/goias.gov.br\/abc\/wp-content\/uploads\/sites\/23\/2023\/08\/03.08_OMESC_PERICIA-630.jpg",1280,720,false],"2048x2048":["https:\/\/goias.gov.br\/abc\/wp-content\/uploads\/sites\/23\/2023\/08\/03.08_OMESC_PERICIA-630.jpg",1280,720,false]},"rttpg_author":{"display_name":"lucelialima","author_link":"https:\/\/goias.gov.br\/abc\/author\/lucelialima\/"},"rttpg_comment":0,"rttpg_category":"<a href=\"https:\/\/goias.gov.br\/abc\/categoria\/institucional\/noticias\/\" rel=\"category tag\">Not\u00edcias<\/a>","rttpg_excerpt":"Com a novidade, ser&aacute; poss&iacute;vel otimizar a realiza&ccedil;&atilde;o de per&iacute;cia de voz","_links":{"self":[{"href":"https:\/\/goias.gov.br\/abc\/wp-json\/wp\/v2\/posts\/20508","targetHints":{"allow":["GET"]}}],"collection":[{"href":"https:\/\/goias.gov.br\/abc\/wp-json\/wp\/v2\/posts"}],"about":[{"href":"https:\/\/goias.gov.br\/abc\/wp-json\/wp\/v2\/types\/post"}],"author":[{"embeddable":true,"href":"https:\/\/goias.gov.br\/abc\/wp-json\/wp\/v2\/users\/247"}],"replies":[{"embeddable":true,"href":"https:\/\/goias.gov.br\/abc\/wp-json\/wp\/v2\/comments?post=20508"}],"version-history":[{"count":0,"href":"https:\/\/goias.gov.br\/abc\/wp-json\/wp\/v2\/posts\/20508\/revisions"}],"wp:featuredmedia":[{"embeddable":true,"href":"https:\/\/goias.gov.br\/abc\/wp-json\/wp\/v2\/media\/20507"}],"wp:attachment":[{"href":"https:\/\/goias.gov.br\/abc\/wp-json\/wp\/v2\/media?parent=20508"}],"wp:term":[{"taxonomy":"category","embeddable":true,"href":"https:\/\/goias.gov.br\/abc\/wp-json\/wp\/v2\/categories?post=20508"},{"taxonomy":"post_tag","embeddable":true,"href":"https:\/\/goias.gov.br\/abc\/wp-json\/wp\/v2\/tags?post=20508"}],"curies":[{"name":"wp","href":"https:\/\/api.w.org\/{rel}","templated":true}]}}