

{"id":20433,"date":"2023-07-21T09:30:14","date_gmt":"2023-07-21T12:30:14","guid":{"rendered":"https:\/\/siteshom.goias.gov.br\/abc\/assinado-acordo-de-cooperacao-tecnica-entre-goinfra-e-ufg\/"},"modified":"2023-07-21T09:30:14","modified_gmt":"2023-07-21T12:30:14","slug":"assinado-acordo-de-cooperacao-tecnica-entre-goinfra-e-ufg","status":"publish","type":"post","link":"https:\/\/goias.gov.br\/abc\/assinado-acordo-de-cooperacao-tecnica-entre-goinfra-e-ufg\/","title":{"rendered":"Assinado acordo de coopera\u00e7\u00e3o t\u00e9cnica entre Goinfra e UFG"},"content":{"rendered":"<p>Universidade vai realizar estudos e projetos no setor de transporte e infraestrutura<\/p>\n<p><!--more--><\/p>\n<p><img fetchpriority=\"high\" decoding=\"async\" class=\" size-full wp-image-20432\" alt=\"\" id=\"\" src=\"https:\/\/goias.gov.br\/abc\/wp-content\/uploads\/sites\/23\/2023\/07\/21.07_OMESC_GOINFRAEUFG-fc2.jpg\" style=\"\" title=\"\" width=\"1280\" height=\"720\" srcset=\"https:\/\/goias.gov.br\/abc\/wp-content\/uploads\/sites\/23\/2023\/07\/21.07_OMESC_GOINFRAEUFG-fc2.jpg 1280w, https:\/\/goias.gov.br\/abc\/wp-content\/uploads\/sites\/23\/2023\/07\/21.07_OMESC_GOINFRAEUFG-fc2-300x169.jpg 300w, https:\/\/goias.gov.br\/abc\/wp-content\/uploads\/sites\/23\/2023\/07\/21.07_OMESC_GOINFRAEUFG-fc2-1024x576.jpg 1024w, https:\/\/goias.gov.br\/abc\/wp-content\/uploads\/sites\/23\/2023\/07\/21.07_OMESC_GOINFRAEUFG-fc2-768x432.jpg 768w\" sizes=\"(max-width: 1280px) 100vw, 1280px\" \/><\/p>\n<p>O Governo Estadual, por meio da Ag&ecirc;ncia Goiana de Infraestrutura e Transportes (goinfra), firmou, nesta quinta-feira (20), durante solenidade no Pal&aacute;cio das Esmeraldas, acordo de coopera&ccedil;&atilde;o t&eacute;cnica com a Universidade Federal de Goi&aacute;s (UFG) para a realiza&ccedil;&atilde;o de estudos e projetos no setor de transporte e infraestrutura. Reportagem sobre o evento foi exibida no programa <em>O Mundo em sua Casa<\/em> desta sexta-feira (21).<\/p>\n<p>O foco &eacute; a constru&ccedil;&atilde;o de estradas e pontes com preocupa&ccedil;&atilde;o ecol&oacute;gica.&ldquo;A partir de agora, n&oacute;s estamos inovando com aquilo com que a universidade vai nos emprestar, que &eacute; o projeto executivo&rdquo;, disse o governador Ronaldo Caiado. Segundo ele, a UFG vai participar da constru&ccedil;&atilde;o de obras de acesso a locais de beleza natural do territ&oacute;rio goiano, como Terra Ronca e a regi&atilde;o dos Kalunga nos munic&iacute;pios de Cavalcante,Teresina de Goi&aacute;s e Monte Alegre de Goi&aacute;s.<\/p>\n<p>Durante a reuni&atilde;o, o governador apresentou as &aacute;reas que ser&atilde;o estudadas pela UFG para a implanta&ccedil;&atilde;o do projeto. Em seguida, a Goinfra vai apresentar o cronograma para a execu&ccedil;&atilde;o das obras. Para a reitora da UFG, Angelita Pereira, a coopera&ccedil;&atilde;o t&eacute;cnica vai beneficiar Goi&aacute;s. &ldquo;Vai avan&ccedil;ar, com a infraestrutura, com o acesso a todo o Estado, vai melhorar o acesso a lugares ainda mais dif&iacute;ceis, melhorar a vida das pessoas, mas principalmente e tamb&eacute;m cuidar do nosso meio ambiente&rdquo;, destacou.&rdquo;<\/p>\n<p><strong>ABC Digital<\/strong><\/p>\n","protected":false},"excerpt":{"rendered":"<p>Universidade vai realizar estudos e projetos no setor de transporte e infraestrutura<\/p>\n","protected":false},"author":247,"featured_media":20431,"comment_status":"closed","ping_status":"open","sticky":false,"template":"","format":"standard","meta":{"footnotes":""},"categories":[39],"tags":[],"class_list":["post-20433","post","type-post","status-publish","format-standard","has-post-thumbnail","hentry","category-noticias"],"rttpg_featured_image_url":{"full":["https:\/\/goias.gov.br\/abc\/wp-content\/uploads\/sites\/23\/2023\/07\/21.07_OMESC_GOINFRAEUFG-105.jpg",1280,720,false],"landscape":["https:\/\/goias.gov.br\/abc\/wp-content\/uploads\/sites\/23\/2023\/07\/21.07_OMESC_GOINFRAEUFG-105.jpg",1280,720,false],"portraits":["https:\/\/goias.gov.br\/abc\/wp-content\/uploads\/sites\/23\/2023\/07\/21.07_OMESC_GOINFRAEUFG-105.jpg",1280,720,false],"thumbnail":["https:\/\/goias.gov.br\/abc\/wp-content\/uploads\/sites\/23\/2023\/07\/21.07_OMESC_GOINFRAEUFG-105-150x150.jpg",150,150,true],"medium":["https:\/\/goias.gov.br\/abc\/wp-content\/uploads\/sites\/23\/2023\/07\/21.07_OMESC_GOINFRAEUFG-105-300x169.jpg",300,169,true],"large":["https:\/\/goias.gov.br\/abc\/wp-content\/uploads\/sites\/23\/2023\/07\/21.07_OMESC_GOINFRAEUFG-105-1024x576.jpg",1024,576,true],"1536x1536":["https:\/\/goias.gov.br\/abc\/wp-content\/uploads\/sites\/23\/2023\/07\/21.07_OMESC_GOINFRAEUFG-105.jpg",1280,720,false],"2048x2048":["https:\/\/goias.gov.br\/abc\/wp-content\/uploads\/sites\/23\/2023\/07\/21.07_OMESC_GOINFRAEUFG-105.jpg",1280,720,false]},"rttpg_author":{"display_name":"lucelialima","author_link":"https:\/\/goias.gov.br\/abc\/author\/lucelialima\/"},"rttpg_comment":0,"rttpg_category":"<a href=\"https:\/\/goias.gov.br\/abc\/categoria\/institucional\/noticias\/\" rel=\"category tag\">Not\u00edcias<\/a>","rttpg_excerpt":"Universidade vai realizar estudos e projetos no setor de transporte e infraestrutura","_links":{"self":[{"href":"https:\/\/goias.gov.br\/abc\/wp-json\/wp\/v2\/posts\/20433","targetHints":{"allow":["GET"]}}],"collection":[{"href":"https:\/\/goias.gov.br\/abc\/wp-json\/wp\/v2\/posts"}],"about":[{"href":"https:\/\/goias.gov.br\/abc\/wp-json\/wp\/v2\/types\/post"}],"author":[{"embeddable":true,"href":"https:\/\/goias.gov.br\/abc\/wp-json\/wp\/v2\/users\/247"}],"replies":[{"embeddable":true,"href":"https:\/\/goias.gov.br\/abc\/wp-json\/wp\/v2\/comments?post=20433"}],"version-history":[{"count":0,"href":"https:\/\/goias.gov.br\/abc\/wp-json\/wp\/v2\/posts\/20433\/revisions"}],"wp:featuredmedia":[{"embeddable":true,"href":"https:\/\/goias.gov.br\/abc\/wp-json\/wp\/v2\/media\/20431"}],"wp:attachment":[{"href":"https:\/\/goias.gov.br\/abc\/wp-json\/wp\/v2\/media?parent=20433"}],"wp:term":[{"taxonomy":"category","embeddable":true,"href":"https:\/\/goias.gov.br\/abc\/wp-json\/wp\/v2\/categories?post=20433"},{"taxonomy":"post_tag","embeddable":true,"href":"https:\/\/goias.gov.br\/abc\/wp-json\/wp\/v2\/tags?post=20433"}],"curies":[{"name":"wp","href":"https:\/\/api.w.org\/{rel}","templated":true}]}}