

{"id":20411,"date":"2023-07-19T08:14:24","date_gmt":"2023-07-19T11:14:24","guid":{"rendered":"https:\/\/siteshom.goias.gov.br\/abc\/goias-registra-queda-no-indice-de-homicidios\/"},"modified":"2023-07-19T08:14:24","modified_gmt":"2023-07-19T11:14:24","slug":"goias-registra-queda-no-indice-de-homicidios","status":"publish","type":"post","link":"https:\/\/goias.gov.br\/abc\/goias-registra-queda-no-indice-de-homicidios\/","title":{"rendered":"Goi\u00e1s registra queda no \u00edndice de homic\u00eddios"},"content":{"rendered":"<p><img fetchpriority=\"high\" decoding=\"async\" class=\" size-full wp-image-20410\" src=\"https:\/\/goias.gov.br\/abc\/wp-content\/uploads\/sites\/23\/2023\/07\/19.07_OMESC_QUEDACRIMINALIDADE-feb.jpg\" alt=\"\" width=\"1280\" height=\"719\" srcset=\"https:\/\/goias.gov.br\/abc\/wp-content\/uploads\/sites\/23\/2023\/07\/19.07_OMESC_QUEDACRIMINALIDADE-feb.jpg 1280w, https:\/\/goias.gov.br\/abc\/wp-content\/uploads\/sites\/23\/2023\/07\/19.07_OMESC_QUEDACRIMINALIDADE-feb-300x169.jpg 300w, https:\/\/goias.gov.br\/abc\/wp-content\/uploads\/sites\/23\/2023\/07\/19.07_OMESC_QUEDACRIMINALIDADE-feb-1024x575.jpg 1024w, https:\/\/goias.gov.br\/abc\/wp-content\/uploads\/sites\/23\/2023\/07\/19.07_OMESC_QUEDACRIMINALIDADE-feb-768x431.jpg 768w\" sizes=\"(max-width: 1280px) 100vw, 1280px\" \/><\/p>\n<p>Governador participou de solenidade de forma&ccedil;&atilde;o de novos oficiais e pra&ccedil;as da PMGO e da apresenta&ccedil;&atilde;o do balan&ccedil;o da seguran&ccedil;a p&uacute;blica referente ao 1&ordm; semestre de 2023<\/p>\n<p><!--more--><\/p>\n<p>Um total de 852 novos alunos participou, nesta ter&ccedil;a-feira (18), na Academia de Pol&iacute;cia Militar, da forma&ccedil;&atilde;o de oficiais e pra&ccedil;as da Pol&iacute;cia Militar do Estado de Goi&aacute;s. Eles ser&atilde;o enviados para atuar em todo o Estado, conforme mostrou reportagem exibida no programa <em>O Mundo em sua Casa <\/em>desta quarta-feira (19). &ldquo;O Estado &eacute; dividido em nove comandos regionais. Dentro de quatro a cinco meses, eles j&aacute; estar&atilde;o iniciando o est&aacute;gio operacional e ser&atilde;o colocados em todo o Estado de Goi&aacute;s&rdquo;, informou o comandante-geral da PM, coronel Andr&eacute; Henrique Avelar.<\/p>\n<p>Ap&oacute;s a solenidade, o governador se reuniu com representantes das for&ccedil;as de seguran&ccedil;a, no audit&oacute;rio da Academia de Pol&iacute;cia Militar, para a apresenta&ccedil;&atilde;o dos &iacute;ndices de criminalidade do primeiro semestre deste ano. Durante o balan&ccedil;o, foi divulgado que Goi&aacute;s registrou um dos maiores &iacute;ndices de queda de homic&iacute;dios do Pa&iacute;s. E em rela&ccedil;&atilde;o aos homic&iacute;dios dolosos, 128 munic&iacute;pios goianos n&atilde;o registraram nenhum caso nos primeiros seis meses de 2023. Os casos de feminic&iacute;dio, latroc&iacute;nio, crimes violentos e n&atilde;o violentos contra o patrim&ocirc;nio tamb&eacute;m apresentaram redu&ccedil;&atilde;o.<\/p>\n<p>De acordo com o secret&aacute;rio de Seguran&ccedil;a P&uacute;blica, Renato Brum, esses resultados s&atilde;o &ldquo;frutos de uma integra&ccedil;&atilde;o, de uma intelig&ecirc;ncia entre as for&ccedil;as de seguran&ccedil;a, de um trabalho &aacute;rduo, desde o secret&aacute;rio de Seguran&ccedil;a P&uacute;blica ao policial mais humilde que est&aacute; l&aacute; na ponta.&rdquo;J&aacute; o governador Ronaldo Caiado declarou: &ldquo;Aqui n&oacute;s vamos mostrar que a lei &eacute; aplicada e aqui o cidad&atilde;o pode viver em paz.&rdquo; No primeiro semestre de 2023 foram cumpridos 3.772 mandados de pris&atilde;o e apreens&atilde;o. As pol&iacute;cias Civil e Militar fizeram mais de 13 mil pris&otilde;es em flagrante e deflagraram 14.769 opera&ccedil;&otilde;es. As for&ccedil;as de seguran&ccedil;a tamb&eacute;m apreenderam mais de 20 toneladas de drogas.<\/p>\n<p><strong>ABC Digital<\/strong><\/p>\n","protected":false},"excerpt":{"rendered":"<p>Governador participou de solenidade de forma&ccedil;&atilde;o de novos oficiais e pra&ccedil;as da PMGO e da apresenta&ccedil;&atilde;o do balan&ccedil;o da seguran&ccedil;a p&uacute;blica referente ao 1&ordm; semestre de 2023<\/p>\n","protected":false},"author":247,"featured_media":20410,"comment_status":"closed","ping_status":"open","sticky":false,"template":"","format":"standard","meta":{"footnotes":""},"categories":[39],"tags":[],"class_list":["post-20411","post","type-post","status-publish","format-standard","has-post-thumbnail","hentry","category-noticias"],"rttpg_featured_image_url":{"full":["https:\/\/goias.gov.br\/abc\/wp-content\/uploads\/sites\/23\/2023\/07\/19.07_OMESC_QUEDACRIMINALIDADE-feb.jpg",1280,719,false],"landscape":["https:\/\/goias.gov.br\/abc\/wp-content\/uploads\/sites\/23\/2023\/07\/19.07_OMESC_QUEDACRIMINALIDADE-feb.jpg",1280,719,false],"portraits":["https:\/\/goias.gov.br\/abc\/wp-content\/uploads\/sites\/23\/2023\/07\/19.07_OMESC_QUEDACRIMINALIDADE-feb.jpg",1280,719,false],"thumbnail":["https:\/\/goias.gov.br\/abc\/wp-content\/uploads\/sites\/23\/2023\/07\/19.07_OMESC_QUEDACRIMINALIDADE-feb-150x150.jpg",150,150,true],"medium":["https:\/\/goias.gov.br\/abc\/wp-content\/uploads\/sites\/23\/2023\/07\/19.07_OMESC_QUEDACRIMINALIDADE-feb-300x169.jpg",300,169,true],"large":["https:\/\/goias.gov.br\/abc\/wp-content\/uploads\/sites\/23\/2023\/07\/19.07_OMESC_QUEDACRIMINALIDADE-feb-1024x575.jpg",1024,575,true],"1536x1536":["https:\/\/goias.gov.br\/abc\/wp-content\/uploads\/sites\/23\/2023\/07\/19.07_OMESC_QUEDACRIMINALIDADE-feb.jpg",1280,719,false],"2048x2048":["https:\/\/goias.gov.br\/abc\/wp-content\/uploads\/sites\/23\/2023\/07\/19.07_OMESC_QUEDACRIMINALIDADE-feb.jpg",1280,719,false]},"rttpg_author":{"display_name":"lucelialima","author_link":"https:\/\/goias.gov.br\/abc\/author\/lucelialima\/"},"rttpg_comment":0,"rttpg_category":"<a href=\"https:\/\/goias.gov.br\/abc\/categoria\/institucional\/noticias\/\" rel=\"category tag\">Not\u00edcias<\/a>","rttpg_excerpt":"Governador participou de solenidade de forma&ccedil;&atilde;o de novos oficiais e pra&ccedil;as da PMGO e da apresenta&ccedil;&atilde;o do balan&ccedil;o da seguran&ccedil;a p&uacute;blica referente ao 1&ordm; semestre de 2023","_links":{"self":[{"href":"https:\/\/goias.gov.br\/abc\/wp-json\/wp\/v2\/posts\/20411","targetHints":{"allow":["GET"]}}],"collection":[{"href":"https:\/\/goias.gov.br\/abc\/wp-json\/wp\/v2\/posts"}],"about":[{"href":"https:\/\/goias.gov.br\/abc\/wp-json\/wp\/v2\/types\/post"}],"author":[{"embeddable":true,"href":"https:\/\/goias.gov.br\/abc\/wp-json\/wp\/v2\/users\/247"}],"replies":[{"embeddable":true,"href":"https:\/\/goias.gov.br\/abc\/wp-json\/wp\/v2\/comments?post=20411"}],"version-history":[{"count":0,"href":"https:\/\/goias.gov.br\/abc\/wp-json\/wp\/v2\/posts\/20411\/revisions"}],"wp:featuredmedia":[{"embeddable":true,"href":"https:\/\/goias.gov.br\/abc\/wp-json\/wp\/v2\/media\/20410"}],"wp:attachment":[{"href":"https:\/\/goias.gov.br\/abc\/wp-json\/wp\/v2\/media?parent=20411"}],"wp:term":[{"taxonomy":"category","embeddable":true,"href":"https:\/\/goias.gov.br\/abc\/wp-json\/wp\/v2\/categories?post=20411"},{"taxonomy":"post_tag","embeddable":true,"href":"https:\/\/goias.gov.br\/abc\/wp-json\/wp\/v2\/tags?post=20411"}],"curies":[{"name":"wp","href":"https:\/\/api.w.org\/{rel}","templated":true}]}}