

{"id":20297,"date":"2023-07-04T09:51:11","date_gmt":"2023-07-04T12:51:11","guid":{"rendered":"https:\/\/siteshom.goias.gov.br\/abc\/detran-capacita-agentes-para-atuacao-na-balada-responsavel\/"},"modified":"2023-07-04T09:51:11","modified_gmt":"2023-07-04T12:51:11","slug":"detran-capacita-agentes-para-atuacao-na-balada-responsavel","status":"publish","type":"post","link":"https:\/\/goias.gov.br\/abc\/detran-capacita-agentes-para-atuacao-na-balada-responsavel\/","title":{"rendered":"Detran capacita agentes para atua\u00e7\u00e3o na Balada Respons\u00e1vel"},"content":{"rendered":"<p><img fetchpriority=\"high\" decoding=\"async\" class=\" size-full wp-image-16941\" src=\"https:\/\/goias.gov.br\/abc\/wp-content\/uploads\/sites\/23\/2021\/05\/1905_GCOC_DETRAN-4fd.png\" alt=\"\" width=\"1280\" height=\"720\" srcset=\"https:\/\/goias.gov.br\/abc\/wp-content\/uploads\/sites\/23\/2021\/05\/1905_GCOC_DETRAN-4fd.png 1280w, https:\/\/goias.gov.br\/abc\/wp-content\/uploads\/sites\/23\/2021\/05\/1905_GCOC_DETRAN-4fd-300x169.png 300w, https:\/\/goias.gov.br\/abc\/wp-content\/uploads\/sites\/23\/2021\/05\/1905_GCOC_DETRAN-4fd-1024x576.png 1024w, https:\/\/goias.gov.br\/abc\/wp-content\/uploads\/sites\/23\/2021\/05\/1905_GCOC_DETRAN-4fd-768x432.png 768w\" sizes=\"(max-width: 1280px) 100vw, 1280px\" \/><\/p>\n<p>Curso objetiva padronizar procedimentos e treinar os servidores do &oacute;rg&atilde;o para atua&ccedil;&atilde;o conjunta com a Pol&iacute;cia Militar<\/p>\n<p><!--more--><\/p>\n<p>Um total de 150 servidores do Departamento de Tr&acirc;nsito de Goi&aacute;s (Detran) participam de treinamento para atuar de forma padronizada e eficaz nas a&ccedil;&otilde;es do programa Balada Respons&aacute;vel. Em entrevista veiculada no programa&nbsp;<i>O Mundo em Sua Casa <\/i>desta ter&ccedil;a-feira (4), o presidente do &oacute;rg&atilde;o, delegado Waldir Soares, explicou que a meta &eacute; dar ferramentas para que os agentes possam executar suas tarefas com mais seguran&ccedil;a e efici&ecirc;ncia, o que inclui legisla&ccedil;&atilde;o espec&iacute;fica e uso de coletes salva-vidas.<\/p>\n<p>&ldquo;O conte&uacute;do inclui curso de armamento, informa&ccedil;&otilde;es sobre abordagens e solu&ccedil;&atilde;o de problemas em rela&ccedil;&atilde;o a motoristas embriagados, bem como em situa&ccedil;&otilde;es como detec&ccedil;&atilde;o de drogas, armas de fogo e at&eacute; foragidos da Justi&ccedil;a&rdquo;, explicou o delegado Waldir. Conforme disse, os agentes precisam ter conhecimento espec&iacute;fico para enfrentar, juntamente com a Pol&iacute;cia Militar, as mais diversas situa&ccedil;&otilde;es.<\/p>\n<p>Nos primeiros seis meses deste ano, o Detran j&aacute; realizou 348 opera&ccedil;&otilde;es de tr&acirc;nsito, contabilizando a retirada de 2.105 condutores de ve&iacute;culos alocoolizados, pris&atilde;o de 18 motoristas em n&iacute;vel elevado de embriaguez, 21 flagrantes de armas de fogo e drogas e identifica&ccedil;&atilde;o de tr&ecirc;s pessoas foragidas da Justi&ccedil;a.<\/p>\n<p><strong>ABC Digital<\/strong><\/p>\n","protected":false},"excerpt":{"rendered":"<p>Curso objetiva padronizar procedimentos e treinar os servidores do &oacute;rg&atilde;o para atua&ccedil;&atilde;o conjunta com a Pol&iacute;cia Militar<\/p>\n","protected":false},"author":253,"featured_media":16941,"comment_status":"closed","ping_status":"open","sticky":false,"template":"","format":"standard","meta":{"footnotes":""},"categories":[39],"tags":[],"class_list":["post-20297","post","type-post","status-publish","format-standard","has-post-thumbnail","hentry","category-noticias"],"rttpg_featured_image_url":{"full":["https:\/\/goias.gov.br\/abc\/wp-content\/uploads\/sites\/23\/2021\/05\/1905_GCOC_DETRAN-4fd.png",1280,720,false],"landscape":["https:\/\/goias.gov.br\/abc\/wp-content\/uploads\/sites\/23\/2021\/05\/1905_GCOC_DETRAN-4fd.png",1280,720,false],"portraits":["https:\/\/goias.gov.br\/abc\/wp-content\/uploads\/sites\/23\/2021\/05\/1905_GCOC_DETRAN-4fd.png",1280,720,false],"thumbnail":["https:\/\/goias.gov.br\/abc\/wp-content\/uploads\/sites\/23\/2021\/05\/1905_GCOC_DETRAN-4fd-150x150.png",150,150,true],"medium":["https:\/\/goias.gov.br\/abc\/wp-content\/uploads\/sites\/23\/2021\/05\/1905_GCOC_DETRAN-4fd-300x169.png",300,169,true],"large":["https:\/\/goias.gov.br\/abc\/wp-content\/uploads\/sites\/23\/2021\/05\/1905_GCOC_DETRAN-4fd-1024x576.png",1024,576,true],"1536x1536":["https:\/\/goias.gov.br\/abc\/wp-content\/uploads\/sites\/23\/2021\/05\/1905_GCOC_DETRAN-4fd.png",1280,720,false],"2048x2048":["https:\/\/goias.gov.br\/abc\/wp-content\/uploads\/sites\/23\/2021\/05\/1905_GCOC_DETRAN-4fd.png",1280,720,false]},"rttpg_author":{"display_name":"luissaraujo","author_link":"https:\/\/goias.gov.br\/abc\/author\/luissaraujo\/"},"rttpg_comment":0,"rttpg_category":"<a href=\"https:\/\/goias.gov.br\/abc\/categoria\/institucional\/noticias\/\" rel=\"category tag\">Not\u00edcias<\/a>","rttpg_excerpt":"Curso objetiva padronizar procedimentos e treinar os servidores do &oacute;rg&atilde;o para atua&ccedil;&atilde;o conjunta com a Pol&iacute;cia Militar","_links":{"self":[{"href":"https:\/\/goias.gov.br\/abc\/wp-json\/wp\/v2\/posts\/20297","targetHints":{"allow":["GET"]}}],"collection":[{"href":"https:\/\/goias.gov.br\/abc\/wp-json\/wp\/v2\/posts"}],"about":[{"href":"https:\/\/goias.gov.br\/abc\/wp-json\/wp\/v2\/types\/post"}],"author":[{"embeddable":true,"href":"https:\/\/goias.gov.br\/abc\/wp-json\/wp\/v2\/users\/253"}],"replies":[{"embeddable":true,"href":"https:\/\/goias.gov.br\/abc\/wp-json\/wp\/v2\/comments?post=20297"}],"version-history":[{"count":0,"href":"https:\/\/goias.gov.br\/abc\/wp-json\/wp\/v2\/posts\/20297\/revisions"}],"wp:featuredmedia":[{"embeddable":true,"href":"https:\/\/goias.gov.br\/abc\/wp-json\/wp\/v2\/media\/16941"}],"wp:attachment":[{"href":"https:\/\/goias.gov.br\/abc\/wp-json\/wp\/v2\/media?parent=20297"}],"wp:term":[{"taxonomy":"category","embeddable":true,"href":"https:\/\/goias.gov.br\/abc\/wp-json\/wp\/v2\/categories?post=20297"},{"taxonomy":"post_tag","embeddable":true,"href":"https:\/\/goias.gov.br\/abc\/wp-json\/wp\/v2\/tags?post=20297"}],"curies":[{"name":"wp","href":"https:\/\/api.w.org\/{rel}","templated":true}]}}