

{"id":20219,"date":"2023-06-21T09:11:26","date_gmt":"2023-06-21T12:11:26","guid":{"rendered":"https:\/\/siteshom.goias.gov.br\/abc\/acoes-preventivas-combatem-a-violencia-nas-escolas-de-goias\/"},"modified":"2023-06-21T09:11:26","modified_gmt":"2023-06-21T12:11:26","slug":"acoes-preventivas-combatem-a-violencia-nas-escolas-de-goias","status":"publish","type":"post","link":"https:\/\/goias.gov.br\/abc\/acoes-preventivas-combatem-a-violencia-nas-escolas-de-goias\/","title":{"rendered":"A\u00e7\u00f5es preventivas combatem a viol\u00eancia nas escolas de Goi\u00e1s"},"content":{"rendered":"<p><img fetchpriority=\"high\" decoding=\"async\" class=\" size-full wp-image-20218\" src=\"https:\/\/goias.gov.br\/abc\/wp-content\/uploads\/sites\/23\/2023\/06\/21.06_OMESC_BATALHAOESCOLAR-035.jpg\" alt=\"\" width=\"1280\" height=\"720\" srcset=\"https:\/\/goias.gov.br\/abc\/wp-content\/uploads\/sites\/23\/2023\/06\/21.06_OMESC_BATALHAOESCOLAR-035.jpg 1280w, https:\/\/goias.gov.br\/abc\/wp-content\/uploads\/sites\/23\/2023\/06\/21.06_OMESC_BATALHAOESCOLAR-035-300x169.jpg 300w, https:\/\/goias.gov.br\/abc\/wp-content\/uploads\/sites\/23\/2023\/06\/21.06_OMESC_BATALHAOESCOLAR-035-1024x576.jpg 1024w, https:\/\/goias.gov.br\/abc\/wp-content\/uploads\/sites\/23\/2023\/06\/21.06_OMESC_BATALHAOESCOLAR-035-768x432.jpg 768w\" sizes=\"(max-width: 1280px) 100vw, 1280px\" \/><\/p>\n<p>O tema voltou a ser debatido no Pa&iacute;s devido ao recente ataque em uma escola no Paran&aacute; que causou a morte de dois adolescentes<\/p>\n<p><!--more--><\/p>\n<p>O tema da viol&ecirc;ncia nas escolas voltou a ser debatido no Pa&iacute;s, devido ao recente ataque ocorrido em uma escola de Camb&eacute;, no norte do Paran&aacute;. Um casal de adolescentes morreu, ap&oacute;s ser atingido por um jovem que entrou armado na escola. O fato acende o sinal de alerta, mas n&atilde;o altera o que vem sendo executado pela Pol&iacute;cia Militar de Goi&aacute;s, de acordo com reportagem exibida nesta quarta-feira (21) no programa <em>O Mundo em sua Casa.<\/em><\/p>\n<p>O comandante do Batalh&atilde;o PM Escolar, tenente coronel Wolney Pereira da Silva, disse que a corpora&ccedil;&atilde;o est&aacute; trabalhando com outros &oacute;rg&atilde;os, sob a coordena&ccedil;&atilde;o do Minist&eacute;rio P&uacute;blico, para que a Pol&iacute;cia Militar continue trabalhando a seguran&ccedil;a nas escolas. &ldquo;A comunica&ccedil;&atilde;o da PM, do Batalh&atilde;o Escolar, com a Secretaria de Educa&ccedil;&atilde;o, &eacute; cont&iacute;nua no sentido de melhorar a seguran&ccedil;a dos alunos, da comunidade escolar como um todo&rdquo;, garantiu.<\/p>\n<p>Em abril passado, o Governo de Goi&aacute;s, por meio da Seduc, determinou o investimento de R$ 1,8 milh&atilde;o para a aquisi&ccedil;&atilde;o de detectores de metal para as escolas. Esses equipamentos foram distribu&iacute;dos aos estabelecimentos de ensino de todo o Estado. Outra forma de preven&ccedil;&atilde;o &eacute; a divulga&ccedil;&atilde;o de informa&ccedil;&otilde;es. Foi elaborada uma cartilha da PMGO, denominada Escola Segura, que &eacute; o protocolo de seguran&ccedil;a das escolas, onde diretores, professores e os pr&oacute;prios alunos t&ecirc;m informa&ccedil;&otilde;es oficiais de como proceder em uma situa&ccedil;&atilde;o de perigo no ambiente escolar.&nbsp;O tenente coronel Wolney acrescentou que as a&ccedil;&otilde;es preventivas continuam, n&atilde;o foram restritas s&oacute; ao in&iacute;cio do ano. Todas as provid&ecirc;ncias s&atilde;o tomadas para que as escolas goianas continuem seguras, destacou.<\/p>\n<p><strong>ABC Digital<\/strong><\/p>\n","protected":false},"excerpt":{"rendered":"<p>O tema voltou a ser debatido no Pa&iacute;s devido ao recente ataque em uma escola no Paran&aacute; que causou a morte de dois adolescentes<\/p>\n","protected":false},"author":247,"featured_media":20218,"comment_status":"closed","ping_status":"open","sticky":false,"template":"","format":"standard","meta":{"footnotes":""},"categories":[39],"tags":[],"class_list":["post-20219","post","type-post","status-publish","format-standard","has-post-thumbnail","hentry","category-noticias"],"rttpg_featured_image_url":{"full":["https:\/\/goias.gov.br\/abc\/wp-content\/uploads\/sites\/23\/2023\/06\/21.06_OMESC_BATALHAOESCOLAR-035.jpg",1280,720,false],"landscape":["https:\/\/goias.gov.br\/abc\/wp-content\/uploads\/sites\/23\/2023\/06\/21.06_OMESC_BATALHAOESCOLAR-035.jpg",1280,720,false],"portraits":["https:\/\/goias.gov.br\/abc\/wp-content\/uploads\/sites\/23\/2023\/06\/21.06_OMESC_BATALHAOESCOLAR-035.jpg",1280,720,false],"thumbnail":["https:\/\/goias.gov.br\/abc\/wp-content\/uploads\/sites\/23\/2023\/06\/21.06_OMESC_BATALHAOESCOLAR-035-150x150.jpg",150,150,true],"medium":["https:\/\/goias.gov.br\/abc\/wp-content\/uploads\/sites\/23\/2023\/06\/21.06_OMESC_BATALHAOESCOLAR-035-300x169.jpg",300,169,true],"large":["https:\/\/goias.gov.br\/abc\/wp-content\/uploads\/sites\/23\/2023\/06\/21.06_OMESC_BATALHAOESCOLAR-035-1024x576.jpg",1024,576,true],"1536x1536":["https:\/\/goias.gov.br\/abc\/wp-content\/uploads\/sites\/23\/2023\/06\/21.06_OMESC_BATALHAOESCOLAR-035.jpg",1280,720,false],"2048x2048":["https:\/\/goias.gov.br\/abc\/wp-content\/uploads\/sites\/23\/2023\/06\/21.06_OMESC_BATALHAOESCOLAR-035.jpg",1280,720,false]},"rttpg_author":{"display_name":"lucelialima","author_link":"https:\/\/goias.gov.br\/abc\/author\/lucelialima\/"},"rttpg_comment":0,"rttpg_category":"<a href=\"https:\/\/goias.gov.br\/abc\/categoria\/institucional\/noticias\/\" rel=\"category tag\">Not\u00edcias<\/a>","rttpg_excerpt":"O tema voltou a ser debatido no Pa&iacute;s devido ao recente ataque em uma escola no Paran&aacute; que causou a morte de dois adolescentes","_links":{"self":[{"href":"https:\/\/goias.gov.br\/abc\/wp-json\/wp\/v2\/posts\/20219","targetHints":{"allow":["GET"]}}],"collection":[{"href":"https:\/\/goias.gov.br\/abc\/wp-json\/wp\/v2\/posts"}],"about":[{"href":"https:\/\/goias.gov.br\/abc\/wp-json\/wp\/v2\/types\/post"}],"author":[{"embeddable":true,"href":"https:\/\/goias.gov.br\/abc\/wp-json\/wp\/v2\/users\/247"}],"replies":[{"embeddable":true,"href":"https:\/\/goias.gov.br\/abc\/wp-json\/wp\/v2\/comments?post=20219"}],"version-history":[{"count":0,"href":"https:\/\/goias.gov.br\/abc\/wp-json\/wp\/v2\/posts\/20219\/revisions"}],"wp:featuredmedia":[{"embeddable":true,"href":"https:\/\/goias.gov.br\/abc\/wp-json\/wp\/v2\/media\/20218"}],"wp:attachment":[{"href":"https:\/\/goias.gov.br\/abc\/wp-json\/wp\/v2\/media?parent=20219"}],"wp:term":[{"taxonomy":"category","embeddable":true,"href":"https:\/\/goias.gov.br\/abc\/wp-json\/wp\/v2\/categories?post=20219"},{"taxonomy":"post_tag","embeddable":true,"href":"https:\/\/goias.gov.br\/abc\/wp-json\/wp\/v2\/tags?post=20219"}],"curies":[{"name":"wp","href":"https:\/\/api.w.org\/{rel}","templated":true}]}}