

{"id":20086,"date":"2023-05-31T17:24:14","date_gmt":"2023-05-31T20:24:14","guid":{"rendered":"https:\/\/siteshom.goias.gov.br\/abc\/saude-prorroga-vacinacao-contra-a-gripe-em-goias\/"},"modified":"2023-05-31T17:24:14","modified_gmt":"2023-05-31T20:24:14","slug":"saude-prorroga-vacinacao-contra-a-gripe-em-goias","status":"publish","type":"post","link":"https:\/\/goias.gov.br\/abc\/saude-prorroga-vacinacao-contra-a-gripe-em-goias\/","title":{"rendered":"Sa\u00fade prorroga vacina\u00e7\u00e3o contra a gripe em Goi\u00e1s"},"content":{"rendered":"<p>O estado n&atilde;o vacinou nem 50% da popula&ccedil;&atilde;o apta e a inten&ccedil;&atilde;o &eacute; que esse n&uacute;mero chegue aos 90%<\/p>\n<p><!--more--><\/p>\n<p style=\"text-align: center;\"><iframe allow=\"accelerometer; autoplay; clipboard-write; encrypted-media; gyroscope; picture-in-picture; web-share\" allowfullscreen=\"\" frameborder=\"0\" height=\"315\" src=\"https:\/\/www.youtube.com\/embed\/tEqa9GDTKhA\" title=\"YouTube video player\" width=\"560\"><\/iframe><\/p>\n<p>Atendendo a determina&ccedil;&atilde;o do Minist&eacute;rio da Sa&uacute;de, por causa da baixa imuniza&ccedil;&atilde;o, a Secretaria de Sa&uacute;de de Goi&aacute;s (SES-GO) prorroga o prazo da vacina&ccedil;&atilde;o, que terminaria hoje (31), contra a gripe (influenza), para todas as faixas et&aacute;rias, at&eacute; acabarem as doses dispon&iacute;veis. Superintendente de Vigil&acirc;ncia em Sa&uacute;de da SES-GO, Fl&uacute;via Amorim informou &agrave; reportagem do <em>Jornal Brasil Central<\/em> que sua secretaria espera para os pr&oacute;ximos dias mais 300 mil doses, mas que os munic&iacute;pios goianos est&atilde;o abastecidos com doses suficientes para continuar a vacina&ccedil;&atilde;o. A campanha segue at&eacute; que se esgote todo o estoque de doses dos munic&iacute;pios. A decis&atilde;o ocorre tamb&eacute;m em um momento em que existe o aumento de casos e &oacute;bitos por influenza em pessoas dos grupos priorit&aacute;rios. At&eacute; 30 de maio, foram confirmadas 37 mortes.<\/p>\n<p>&ldquo;Quanto mais r&aacute;pido as pessoas se vacinarem, mais r&aacute;pido estar&atilde;o protegidas e menor ser&aacute; a press&atilde;o nos servi&ccedil;os de sa&uacute;de. Um alerta que eu fa&ccedil;o &eacute; principalmente para esses grupos que a gente considera de maior risco, que s&atilde;o gestantes, crian&ccedil;as a partir de seis meses, idosos, mulheres que deram &agrave; luz nos &uacute;ltimos dias e que ainda n&atilde;o se vacinaram contra a influenza. Para essas pessoas, a doen&ccedil;a pode ser mais grave&rdquo;, afirmou Fl&uacute;via, acrescentando que tamb&eacute;m as outras pessoas fora desses grupos que queiram se proteger, &ldquo;a hora &eacute; agora, as f&eacute;rias de julho est&atilde;o chegando, o inverno tamb&eacute;m e nada melhor que poder tirar suas f&eacute;rias com tranquilidade e com sa&uacute;de&rdquo;. At&eacute; agora, 46,89% dos goianos foram vacinados e a meta &eacute; imunizar, no m&iacute;nimo, 90% da popula&ccedil;&atilde;o apta.<\/p>\n<p><strong>ABC Digital<\/strong><\/p>\n","protected":false},"excerpt":{"rendered":"<p>O estado n&atilde;o vacinou nem 50% da popula&ccedil;&atilde;o apta e a inten&ccedil;&atilde;o &eacute; que esse n&uacute;mero chegue aos 90%<\/p>\n","protected":false},"author":250,"featured_media":20085,"comment_status":"closed","ping_status":"open","sticky":false,"template":"","format":"standard","meta":{"footnotes":""},"categories":[39],"tags":[],"class_list":["post-20086","post","type-post","status-publish","format-standard","has-post-thumbnail","hentry","category-noticias"],"rttpg_featured_image_url":{"full":["https:\/\/goias.gov.br\/abc\/wp-content\/uploads\/sites\/23\/2023\/05\/31.05_JBC_VACINA-43d.jpg",1280,720,false],"landscape":["https:\/\/goias.gov.br\/abc\/wp-content\/uploads\/sites\/23\/2023\/05\/31.05_JBC_VACINA-43d.jpg",1280,720,false],"portraits":["https:\/\/goias.gov.br\/abc\/wp-content\/uploads\/sites\/23\/2023\/05\/31.05_JBC_VACINA-43d.jpg",1280,720,false],"thumbnail":["https:\/\/goias.gov.br\/abc\/wp-content\/uploads\/sites\/23\/2023\/05\/31.05_JBC_VACINA-43d-150x150.jpg",150,150,true],"medium":["https:\/\/goias.gov.br\/abc\/wp-content\/uploads\/sites\/23\/2023\/05\/31.05_JBC_VACINA-43d-300x169.jpg",300,169,true],"large":["https:\/\/goias.gov.br\/abc\/wp-content\/uploads\/sites\/23\/2023\/05\/31.05_JBC_VACINA-43d-1024x576.jpg",1024,576,true],"1536x1536":["https:\/\/goias.gov.br\/abc\/wp-content\/uploads\/sites\/23\/2023\/05\/31.05_JBC_VACINA-43d.jpg",1280,720,false],"2048x2048":["https:\/\/goias.gov.br\/abc\/wp-content\/uploads\/sites\/23\/2023\/05\/31.05_JBC_VACINA-43d.jpg",1280,720,false]},"rttpg_author":{"display_name":"matheusbernardes","author_link":"https:\/\/goias.gov.br\/abc\/author\/matheusbernardes\/"},"rttpg_comment":0,"rttpg_category":"<a href=\"https:\/\/goias.gov.br\/abc\/categoria\/institucional\/noticias\/\" rel=\"category tag\">Not\u00edcias<\/a>","rttpg_excerpt":"O estado n&atilde;o vacinou nem 50% da popula&ccedil;&atilde;o apta e a inten&ccedil;&atilde;o &eacute; que esse n&uacute;mero chegue aos 90%","_links":{"self":[{"href":"https:\/\/goias.gov.br\/abc\/wp-json\/wp\/v2\/posts\/20086","targetHints":{"allow":["GET"]}}],"collection":[{"href":"https:\/\/goias.gov.br\/abc\/wp-json\/wp\/v2\/posts"}],"about":[{"href":"https:\/\/goias.gov.br\/abc\/wp-json\/wp\/v2\/types\/post"}],"author":[{"embeddable":true,"href":"https:\/\/goias.gov.br\/abc\/wp-json\/wp\/v2\/users\/250"}],"replies":[{"embeddable":true,"href":"https:\/\/goias.gov.br\/abc\/wp-json\/wp\/v2\/comments?post=20086"}],"version-history":[{"count":0,"href":"https:\/\/goias.gov.br\/abc\/wp-json\/wp\/v2\/posts\/20086\/revisions"}],"wp:featuredmedia":[{"embeddable":true,"href":"https:\/\/goias.gov.br\/abc\/wp-json\/wp\/v2\/media\/20085"}],"wp:attachment":[{"href":"https:\/\/goias.gov.br\/abc\/wp-json\/wp\/v2\/media?parent=20086"}],"wp:term":[{"taxonomy":"category","embeddable":true,"href":"https:\/\/goias.gov.br\/abc\/wp-json\/wp\/v2\/categories?post=20086"},{"taxonomy":"post_tag","embeddable":true,"href":"https:\/\/goias.gov.br\/abc\/wp-json\/wp\/v2\/tags?post=20086"}],"curies":[{"name":"wp","href":"https:\/\/api.w.org\/{rel}","templated":true}]}}