

{"id":20052,"date":"2023-05-29T08:54:44","date_gmt":"2023-05-29T11:54:44","guid":{"rendered":"https:\/\/siteshom.goias.gov.br\/abc\/cavalhodromo-de-pirenopolis-vai-receber-r-30-milhoes-em-investimentos\/"},"modified":"2023-05-29T08:54:44","modified_gmt":"2023-05-29T11:54:44","slug":"cavalhodromo-de-pirenopolis-vai-receber-r-30-milhoes-em-investimentos","status":"publish","type":"post","link":"https:\/\/goias.gov.br\/abc\/cavalhodromo-de-pirenopolis-vai-receber-r-30-milhoes-em-investimentos\/","title":{"rendered":"Cavalh\u00f3dromo de Piren\u00f3polis vai receber R$ 30 milh\u00f5es em investimentos"},"content":{"rendered":"<p><img fetchpriority=\"high\" decoding=\"async\" class=\" size-full wp-image-19678\" src=\"https:\/\/goias.gov.br\/abc\/wp-content\/uploads\/sites\/23\/2023\/03\/27.03_JBC_CAVALHODROMO-2ed.jpg\" alt=\"\" width=\"1280\" height=\"720\" srcset=\"https:\/\/goias.gov.br\/abc\/wp-content\/uploads\/sites\/23\/2023\/03\/27.03_JBC_CAVALHODROMO-2ed.jpg 1280w, https:\/\/goias.gov.br\/abc\/wp-content\/uploads\/sites\/23\/2023\/03\/27.03_JBC_CAVALHODROMO-2ed-300x169.jpg 300w, https:\/\/goias.gov.br\/abc\/wp-content\/uploads\/sites\/23\/2023\/03\/27.03_JBC_CAVALHODROMO-2ed-1024x576.jpg 1024w, https:\/\/goias.gov.br\/abc\/wp-content\/uploads\/sites\/23\/2023\/03\/27.03_JBC_CAVALHODROMO-2ed-768x432.jpg 768w\" sizes=\"(max-width: 1280px) 100vw, 1280px\" \/><\/p>\n<p>An&uacute;ncio do Governo do Estado foi feito durante a abertura oficial do evento na cidade neste domingo (28)<\/p>\n<p><!--more--><\/p>\n<p>A abertura das Cavalhadas neste domingo (28), em Piren&oacute;polis, atraiu muitos visitantes para uma das festas mais populares do Brasil, que tem mais de 200 anos de tradi&ccedil;&atilde;o e faz parte da festa do Divino Esp&iacute;rito Santo. A novidade este ano foi o retorno da festa para o Cavalh&oacute;dromo do munic&iacute;pio, que estava interditado pelo Corpo de Bombeiros, conforme mostrou reportagem exibida nesta segunda-feira (29) no programa <em>O Mundo em sua Casa<\/em>.<\/p>\n<p>Segundo a secret&aacute;ria de Estado de Cultura, Yara Nunes, o local recebeu investimentos do Governo Estadual para garantir a seguran&ccedil;a do p&uacute;blico. Na ocasi&atilde;o, foi anunciado que o Cavalh&oacute;dromo vai receber R$ 30 milh&otilde;es em investimentos de infraestrutura. &ldquo;Todo esse espa&ccedil;o aqui vai passar por revitaliza&ccedil;&atilde;o, ent&atilde;o ter&aacute; estruturas fixas que come&ccedil;ar&atilde;o a ser constru&iacute;das ainda este ano&rdquo;, informou.<\/p>\n<h2><strong>Tradi&ccedil;&atilde;o<\/strong><\/h2>\n<p>Nas Cavalhadas, os cavaleiros se vestem a car&aacute;ter para a encena&ccedil;&atilde;o teatral que conta a hist&oacute;ria das disputas entre mouros e crist&atilde;os na Pen&iacute;nsula Ib&eacute;rica. O rei crist&atilde;o Adail Cardoso disse que a tradi&ccedil;&atilde;o tem 205 anos e o rei mouro In&aacute;cio Rossicler contou que participar do evento &eacute; uma tradi&ccedil;&atilde;o familiar que acontece em louvor ao Divino Esp&iacute;rito Santo.<\/p>\n<p>Presente &agrave; abertura do evento, o governador Ronaldo Caiado explicou significado da encena&ccedil;&atilde;o. Ele lembrou que, no&nbsp;final dos combates no campo de batalha&nbsp;que s&atilde;o vencidos pelos cavaleiros crist&atilde;os (de azul), os mouros (de vermelho) s&atilde;o batizados e convertidos &agrave; f&eacute; cat&oacute;lica.<\/p>\n<p><strong>ABC Digital<\/strong><\/p>\n","protected":false},"excerpt":{"rendered":"<p>An&uacute;ncio do Governo do Estado foi feito durante a abertura oficial do evento na cidade neste domingo (28)<\/p>\n","protected":false},"author":247,"featured_media":19678,"comment_status":"closed","ping_status":"open","sticky":false,"template":"","format":"standard","meta":{"footnotes":""},"categories":[39],"tags":[],"class_list":["post-20052","post","type-post","status-publish","format-standard","has-post-thumbnail","hentry","category-noticias"],"rttpg_featured_image_url":{"full":["https:\/\/goias.gov.br\/abc\/wp-content\/uploads\/sites\/23\/2023\/03\/27.03_JBC_CAVALHODROMO-2ed.jpg",1280,720,false],"landscape":["https:\/\/goias.gov.br\/abc\/wp-content\/uploads\/sites\/23\/2023\/03\/27.03_JBC_CAVALHODROMO-2ed.jpg",1280,720,false],"portraits":["https:\/\/goias.gov.br\/abc\/wp-content\/uploads\/sites\/23\/2023\/03\/27.03_JBC_CAVALHODROMO-2ed.jpg",1280,720,false],"thumbnail":["https:\/\/goias.gov.br\/abc\/wp-content\/uploads\/sites\/23\/2023\/03\/27.03_JBC_CAVALHODROMO-2ed-150x150.jpg",150,150,true],"medium":["https:\/\/goias.gov.br\/abc\/wp-content\/uploads\/sites\/23\/2023\/03\/27.03_JBC_CAVALHODROMO-2ed-300x169.jpg",300,169,true],"large":["https:\/\/goias.gov.br\/abc\/wp-content\/uploads\/sites\/23\/2023\/03\/27.03_JBC_CAVALHODROMO-2ed-1024x576.jpg",1024,576,true],"1536x1536":["https:\/\/goias.gov.br\/abc\/wp-content\/uploads\/sites\/23\/2023\/03\/27.03_JBC_CAVALHODROMO-2ed.jpg",1280,720,false],"2048x2048":["https:\/\/goias.gov.br\/abc\/wp-content\/uploads\/sites\/23\/2023\/03\/27.03_JBC_CAVALHODROMO-2ed.jpg",1280,720,false]},"rttpg_author":{"display_name":"lucelialima","author_link":"https:\/\/goias.gov.br\/abc\/author\/lucelialima\/"},"rttpg_comment":0,"rttpg_category":"<a href=\"https:\/\/goias.gov.br\/abc\/categoria\/institucional\/noticias\/\" rel=\"category tag\">Not\u00edcias<\/a>","rttpg_excerpt":"An&uacute;ncio do Governo do Estado foi feito durante a abertura oficial do evento na cidade neste domingo (28)","_links":{"self":[{"href":"https:\/\/goias.gov.br\/abc\/wp-json\/wp\/v2\/posts\/20052","targetHints":{"allow":["GET"]}}],"collection":[{"href":"https:\/\/goias.gov.br\/abc\/wp-json\/wp\/v2\/posts"}],"about":[{"href":"https:\/\/goias.gov.br\/abc\/wp-json\/wp\/v2\/types\/post"}],"author":[{"embeddable":true,"href":"https:\/\/goias.gov.br\/abc\/wp-json\/wp\/v2\/users\/247"}],"replies":[{"embeddable":true,"href":"https:\/\/goias.gov.br\/abc\/wp-json\/wp\/v2\/comments?post=20052"}],"version-history":[{"count":0,"href":"https:\/\/goias.gov.br\/abc\/wp-json\/wp\/v2\/posts\/20052\/revisions"}],"wp:featuredmedia":[{"embeddable":true,"href":"https:\/\/goias.gov.br\/abc\/wp-json\/wp\/v2\/media\/19678"}],"wp:attachment":[{"href":"https:\/\/goias.gov.br\/abc\/wp-json\/wp\/v2\/media?parent=20052"}],"wp:term":[{"taxonomy":"category","embeddable":true,"href":"https:\/\/goias.gov.br\/abc\/wp-json\/wp\/v2\/categories?post=20052"},{"taxonomy":"post_tag","embeddable":true,"href":"https:\/\/goias.gov.br\/abc\/wp-json\/wp\/v2\/tags?post=20052"}],"curies":[{"name":"wp","href":"https:\/\/api.w.org\/{rel}","templated":true}]}}