

{"id":19790,"date":"2023-04-14T11:48:58","date_gmt":"2023-04-14T14:48:58","guid":{"rendered":"https:\/\/siteshom.goias.gov.br\/abc\/festival-de-musica-e-ex-craque-do-tigrao-sao-atracoes-deste-fim-de-semana-da-tbc\/"},"modified":"2023-04-14T11:48:58","modified_gmt":"2023-04-14T14:48:58","slug":"festival-de-musica-e-ex-craque-do-tigrao-sao-atracoes-deste-fim-de-semana-da-tbc","status":"publish","type":"post","link":"https:\/\/goias.gov.br\/abc\/festival-de-musica-e-ex-craque-do-tigrao-sao-atracoes-deste-fim-de-semana-da-tbc\/","title":{"rendered":"Festival de m\u00fasica e ex-craque do Tigr\u00e3o s\u00e3o atra\u00e7\u00f5es deste fim de semana da TBC"},"content":{"rendered":"<p><img fetchpriority=\"high\" decoding=\"async\" class=\" size-full wp-image-19612\" src=\"https:\/\/goias.gov.br\/abc\/wp-content\/uploads\/sites\/23\/2023\/03\/FDS_01-ecd.jpg\" alt=\"\" width=\"1280\" height=\"720\" srcset=\"https:\/\/goias.gov.br\/abc\/wp-content\/uploads\/sites\/23\/2023\/03\/FDS_01-ecd.jpg 1280w, https:\/\/goias.gov.br\/abc\/wp-content\/uploads\/sites\/23\/2023\/03\/FDS_01-ecd-300x169.jpg 300w, https:\/\/goias.gov.br\/abc\/wp-content\/uploads\/sites\/23\/2023\/03\/FDS_01-ecd-1024x576.jpg 1024w, https:\/\/goias.gov.br\/abc\/wp-content\/uploads\/sites\/23\/2023\/03\/FDS_01-ecd-768x432.jpg 768w\" sizes=\"(max-width: 1280px) 100vw, 1280px\" \/><\/p>\n<p>TBC Mem&oacute;ria e podcast &Iacute;dolos do Esportes est&atilde;o na grade da emissora<\/p>\n<p><!--more--><\/p>\n<p>A TV Brasil Central preparou uma programa&ccedil;&atilde;o especial para os telespectadores curtirem o fim de semana. Pra come&ccedil;ar, o <em>TBC Mem&oacute;ria<\/em> deste s&aacute;bado (15) fala sobre o Gremi, o Festival de M&uacute;sica, Artes e Literatura que aconteceu em Inhumas, distante 48 km de Goi&acirc;nia, durante 25 anos. O apresentador Enzo de Lisita receber&aacute; o empres&aacute;rio Ronnye Pessoni, um dos respons&aacute;veis pela organiza&ccedil;&atilde;o do festival que atraia a aten&ccedil;&atilde;o de jovens talentosos de todo o pa&iacute;s. Pessoni vai contar como uma cidade pequena, sem tradi&ccedil;&atilde;o cultural atraiu tanta aten&ccedil;&atilde;o, a partir das 8h30.<\/p>\n<p>Na sequ&ecirc;ncia, o podcast <em>&Iacute;dolos do Esporte<\/em> bate um papo com o ex-jogador Z&eacute; Luiz, um dos personagens mais vitoriosos da hist&oacute;ria do Vila Nova. O jornalista Dante Keller recebe, &agrave;s 11h, o atleta que se orgulha de ter atuado em todas as posi&ccedil;&otilde;es e ser o jogador de futebol com mais jogos disputados pelo tigr&atilde;o no Campeonato Brasileiro de 1978. A programa&ccedil;&atilde;o da TV Brasil Central pode ser conferida pelo canal 13.1, pelo <a href=\"https:\/\/www.youtube.com\/tvbrasilcentral\" target=\"_blank\" title=\"abre em nova janela\" rel=\"noopener\">canal do YouTube<\/a> ou aplicativo TBCFlix.<\/p>\n<p><strong>ABC Digital<\/strong><\/p>\n","protected":false},"excerpt":{"rendered":"<p>TBC Mem&oacute;ria e podcast &Iacute;dolos do Esportes est&atilde;o na grade da emissora<\/p>\n","protected":false},"author":252,"featured_media":19612,"comment_status":"closed","ping_status":"open","sticky":false,"template":"","format":"standard","meta":{"footnotes":""},"categories":[39],"tags":[],"class_list":["post-19790","post","type-post","status-publish","format-standard","has-post-thumbnail","hentry","category-noticias"],"rttpg_featured_image_url":{"full":["https:\/\/goias.gov.br\/abc\/wp-content\/uploads\/sites\/23\/2023\/03\/FDS_01-ecd.jpg",1280,720,false],"landscape":["https:\/\/goias.gov.br\/abc\/wp-content\/uploads\/sites\/23\/2023\/03\/FDS_01-ecd.jpg",1280,720,false],"portraits":["https:\/\/goias.gov.br\/abc\/wp-content\/uploads\/sites\/23\/2023\/03\/FDS_01-ecd.jpg",1280,720,false],"thumbnail":["https:\/\/goias.gov.br\/abc\/wp-content\/uploads\/sites\/23\/2023\/03\/FDS_01-ecd-150x150.jpg",150,150,true],"medium":["https:\/\/goias.gov.br\/abc\/wp-content\/uploads\/sites\/23\/2023\/03\/FDS_01-ecd-300x169.jpg",300,169,true],"large":["https:\/\/goias.gov.br\/abc\/wp-content\/uploads\/sites\/23\/2023\/03\/FDS_01-ecd-1024x576.jpg",1024,576,true],"1536x1536":["https:\/\/goias.gov.br\/abc\/wp-content\/uploads\/sites\/23\/2023\/03\/FDS_01-ecd.jpg",1280,720,false],"2048x2048":["https:\/\/goias.gov.br\/abc\/wp-content\/uploads\/sites\/23\/2023\/03\/FDS_01-ecd.jpg",1280,720,false]},"rttpg_author":{"display_name":"brunassantos","author_link":"https:\/\/goias.gov.br\/abc\/author\/brunassantos\/"},"rttpg_comment":0,"rttpg_category":"<a href=\"https:\/\/goias.gov.br\/abc\/categoria\/institucional\/noticias\/\" rel=\"category tag\">Not\u00edcias<\/a>","rttpg_excerpt":"TBC Mem&oacute;ria e podcast &Iacute;dolos do Esportes est&atilde;o na grade da emissora","_links":{"self":[{"href":"https:\/\/goias.gov.br\/abc\/wp-json\/wp\/v2\/posts\/19790","targetHints":{"allow":["GET"]}}],"collection":[{"href":"https:\/\/goias.gov.br\/abc\/wp-json\/wp\/v2\/posts"}],"about":[{"href":"https:\/\/goias.gov.br\/abc\/wp-json\/wp\/v2\/types\/post"}],"author":[{"embeddable":true,"href":"https:\/\/goias.gov.br\/abc\/wp-json\/wp\/v2\/users\/252"}],"replies":[{"embeddable":true,"href":"https:\/\/goias.gov.br\/abc\/wp-json\/wp\/v2\/comments?post=19790"}],"version-history":[{"count":0,"href":"https:\/\/goias.gov.br\/abc\/wp-json\/wp\/v2\/posts\/19790\/revisions"}],"wp:featuredmedia":[{"embeddable":true,"href":"https:\/\/goias.gov.br\/abc\/wp-json\/wp\/v2\/media\/19612"}],"wp:attachment":[{"href":"https:\/\/goias.gov.br\/abc\/wp-json\/wp\/v2\/media?parent=19790"}],"wp:term":[{"taxonomy":"category","embeddable":true,"href":"https:\/\/goias.gov.br\/abc\/wp-json\/wp\/v2\/categories?post=19790"},{"taxonomy":"post_tag","embeddable":true,"href":"https:\/\/goias.gov.br\/abc\/wp-json\/wp\/v2\/tags?post=19790"}],"curies":[{"name":"wp","href":"https:\/\/api.w.org\/{rel}","templated":true}]}}