

{"id":19758,"date":"2023-04-10T15:45:42","date_gmt":"2023-04-10T18:45:42","guid":{"rendered":"https:\/\/siteshom.goias.gov.br\/abc\/programa-cinturao-da-moda-eleva-producao-mensal-de-pecas\/"},"modified":"2023-04-10T15:45:42","modified_gmt":"2023-04-10T18:45:42","slug":"programa-cinturao-da-moda-eleva-producao-mensal-de-pecas","status":"publish","type":"post","link":"https:\/\/goias.gov.br\/abc\/programa-cinturao-da-moda-eleva-producao-mensal-de-pecas\/","title":{"rendered":"Programa Cintur\u00e3o da Moda eleva produ\u00e7\u00e3o mensal de pe\u00e7as"},"content":{"rendered":"<p>Coordenado pela SIC, programa envolve 30 cidades da regi&atilde;o metropolitana na capital e 16 mil confec&ccedil;&otilde;es que enviam aos munic&iacute;pios os cortes e recebem de volta as pe&ccedil;as prontas<\/p>\n<p><!--more--><\/p>\n<p style=\"text-align: center;\"><iframe allow=\"accelerometer; autoplay; clipboard-write; encrypted-media; gyroscope; picture-in-picture; web-share\" allowfullscreen=\"\" frameborder=\"0\" height=\"315\" src=\"https:\/\/www.youtube.com\/embed\/BNX5Ql6svlo\" title=\"YouTube video player\" width=\"560\"><\/iframe><\/p>\n<p>Programa lan&ccedil;ado pelo governo de Goi&aacute;s para fomentar a gera&ccedil;&atilde;o de emprego e renda por meio das confec&ccedil;&otilde;es, o Cintur&atilde;o da Moda fechou o m&ecirc;s de mar&ccedil;o elevando em mil pe&ccedil;as a sua produ&ccedil;&atilde;o mensal. Foram 3,1 mil pe&ccedil;as contra 2 mil em fevereiro. O total produzido nos tr&ecirc;s primeiros meses do ano passa de 7 mil pe&ccedil;as.<\/p>\n<p>Coordenado pela Secretaria de Estado de Ind&uacute;stria, Com&eacute;rcio e Servi&ccedil;os (SIC) em parceria com prefeituras e entidades de forma&ccedil;&atilde;o e capacita&ccedil;&atilde;o profissional, o Cintur&atilde;o da Moda abarca 30 munic&iacute;pios da regi&atilde;o metropolitana da capital. As costureiras s&atilde;o treinadas e atuam em seus pr&oacute;prios munic&iacute;pios, de onde as pe&ccedil;as s&atilde;o levadas para comercializa&ccedil;&atilde;o na Regi&atilde;o da 44, em Goi&acirc;nia.<\/p>\n<p>Em entrevista ao <em>Jornal Brasil Central<\/em> nesta segunda-feira (10), o secret&aacute;rio Joel Santanna Braga, titular da SIC, disse que o programa deve integrar mais 12 munic&iacute;pios em breve, totalizando 42 envolvidos na cadeia produtiva da moda. Ele explicou que o programa &eacute; ancorado em cerca de 16 mil confec&ccedil;&otilde;es da capital que contratam as costureiras das cidades parceiras do programa para costurar e finalizar as pe&ccedil;as.<\/p>\n<p>&ldquo;&Eacute; um programa grandioso em que estamos investindo. O governador Ronaldo Caiado se empenhou em adquirir 10 m&aacute;quinas Audace [de corte digital] para melhorar a qualidade e produtividade do trabalho no programa. Estamos animados e queremos levar a moda goiana n&atilde;o s&oacute; para a [Regi&atilde;o da] 44 mas tamb&eacute;m para feiras nacionais e internacionais&rdquo;, finalizou Braga.<\/p>\n<p><strong>ABC Digital<\/strong><\/p>\n<p class=\"western\" style=\"line-height: 115%; margin-bottom: 0.35cm\"><font face=\"Arial, serif\"><span style=\"font-weight: normal\"> <\/span><\/font><\/p>\n","protected":false},"excerpt":{"rendered":"<p>Coordenado pela SIC, programa envolve 30 cidades da regi&atilde;o metropolitana na capital e 16 mil confec&ccedil;&otilde;es que enviam aos munic&iacute;pios os cortes e recebem de volta as pe&ccedil;as prontas<\/p>\n","protected":false},"author":251,"featured_media":19757,"comment_status":"closed","ping_status":"open","sticky":false,"template":"","format":"standard","meta":{"footnotes":""},"categories":[39],"tags":[],"class_list":["post-19758","post","type-post","status-publish","format-standard","has-post-thumbnail","hentry","category-noticias"],"rttpg_featured_image_url":{"full":["https:\/\/goias.gov.br\/abc\/wp-content\/uploads\/sites\/23\/2023\/04\/10.04_JBC_MODA-2b4.jpg",1280,720,false],"landscape":["https:\/\/goias.gov.br\/abc\/wp-content\/uploads\/sites\/23\/2023\/04\/10.04_JBC_MODA-2b4.jpg",1280,720,false],"portraits":["https:\/\/goias.gov.br\/abc\/wp-content\/uploads\/sites\/23\/2023\/04\/10.04_JBC_MODA-2b4.jpg",1280,720,false],"thumbnail":["https:\/\/goias.gov.br\/abc\/wp-content\/uploads\/sites\/23\/2023\/04\/10.04_JBC_MODA-2b4-150x150.jpg",150,150,true],"medium":["https:\/\/goias.gov.br\/abc\/wp-content\/uploads\/sites\/23\/2023\/04\/10.04_JBC_MODA-2b4-300x169.jpg",300,169,true],"large":["https:\/\/goias.gov.br\/abc\/wp-content\/uploads\/sites\/23\/2023\/04\/10.04_JBC_MODA-2b4-1024x576.jpg",1024,576,true],"1536x1536":["https:\/\/goias.gov.br\/abc\/wp-content\/uploads\/sites\/23\/2023\/04\/10.04_JBC_MODA-2b4.jpg",1280,720,false],"2048x2048":["https:\/\/goias.gov.br\/abc\/wp-content\/uploads\/sites\/23\/2023\/04\/10.04_JBC_MODA-2b4.jpg",1280,720,false]},"rttpg_author":{"display_name":"eliasdias","author_link":"https:\/\/goias.gov.br\/abc\/author\/eliasdias\/"},"rttpg_comment":0,"rttpg_category":"<a href=\"https:\/\/goias.gov.br\/abc\/categoria\/institucional\/noticias\/\" rel=\"category tag\">Not\u00edcias<\/a>","rttpg_excerpt":"Coordenado pela SIC, programa envolve 30 cidades da regi&atilde;o metropolitana na capital e 16 mil confec&ccedil;&otilde;es que enviam aos munic&iacute;pios os cortes e recebem de volta as pe&ccedil;as prontas","_links":{"self":[{"href":"https:\/\/goias.gov.br\/abc\/wp-json\/wp\/v2\/posts\/19758","targetHints":{"allow":["GET"]}}],"collection":[{"href":"https:\/\/goias.gov.br\/abc\/wp-json\/wp\/v2\/posts"}],"about":[{"href":"https:\/\/goias.gov.br\/abc\/wp-json\/wp\/v2\/types\/post"}],"author":[{"embeddable":true,"href":"https:\/\/goias.gov.br\/abc\/wp-json\/wp\/v2\/users\/251"}],"replies":[{"embeddable":true,"href":"https:\/\/goias.gov.br\/abc\/wp-json\/wp\/v2\/comments?post=19758"}],"version-history":[{"count":0,"href":"https:\/\/goias.gov.br\/abc\/wp-json\/wp\/v2\/posts\/19758\/revisions"}],"wp:featuredmedia":[{"embeddable":true,"href":"https:\/\/goias.gov.br\/abc\/wp-json\/wp\/v2\/media\/19757"}],"wp:attachment":[{"href":"https:\/\/goias.gov.br\/abc\/wp-json\/wp\/v2\/media?parent=19758"}],"wp:term":[{"taxonomy":"category","embeddable":true,"href":"https:\/\/goias.gov.br\/abc\/wp-json\/wp\/v2\/categories?post=19758"},{"taxonomy":"post_tag","embeddable":true,"href":"https:\/\/goias.gov.br\/abc\/wp-json\/wp\/v2\/tags?post=19758"}],"curies":[{"name":"wp","href":"https:\/\/api.w.org\/{rel}","templated":true}]}}