

{"id":19514,"date":"2023-03-13T06:24:21","date_gmt":"2023-03-13T09:24:21","guid":{"rendered":"https:\/\/siteshom.goias.gov.br\/abc\/maira-lemos-canta-repertorio-versatil-no-estudio-rbc-desta-segunda-feira\/"},"modified":"2023-03-13T06:24:21","modified_gmt":"2023-03-13T09:24:21","slug":"maira-lemos-canta-repertorio-versatil-no-estudio-rbc-desta-segunda-feira","status":"publish","type":"post","link":"https:\/\/goias.gov.br\/abc\/maira-lemos-canta-repertorio-versatil-no-estudio-rbc-desta-segunda-feira\/","title":{"rendered":"Ma\u00edra Lemos canta repert\u00f3rio vers\u00e1til no Est\u00fadio RBC desta segunda-feira"},"content":{"rendered":"<p><img fetchpriority=\"high\" decoding=\"async\" class=\" size-full wp-image-19236\" src=\"https:\/\/goias.gov.br\/abc\/wp-content\/uploads\/sites\/23\/2023\/01\/ESTUDIO_RBC_03-d14.jpg\" alt=\"\" width=\"1280\" height=\"720\" srcset=\"https:\/\/goias.gov.br\/abc\/wp-content\/uploads\/sites\/23\/2023\/01\/ESTUDIO_RBC_03-d14.jpg 1280w, https:\/\/goias.gov.br\/abc\/wp-content\/uploads\/sites\/23\/2023\/01\/ESTUDIO_RBC_03-d14-300x169.jpg 300w, https:\/\/goias.gov.br\/abc\/wp-content\/uploads\/sites\/23\/2023\/01\/ESTUDIO_RBC_03-d14-1024x576.jpg 1024w, https:\/\/goias.gov.br\/abc\/wp-content\/uploads\/sites\/23\/2023\/01\/ESTUDIO_RBC_03-d14-768x432.jpg 768w\" sizes=\"(max-width: 1280px) 100vw, 1280px\" \/><\/p>\n<p>A programa&ccedil;&atilde;o da semana come&ccedil;a com m&uacute;sica que arranca aplausos por onde passa<\/p>\n<p><!--more--><\/p>\n<p>O programa <em>Est&uacute;dio RBC<\/em>, apresentado por Jean Paul Lopes, recebe uma das vozes mais potentes e vers&aacute;teis da cena da m&uacute;sica goianiense nesta segunda-feira (13). A cantora Ma&iacute;ra Lemos se apresenta nos est&uacute;dios da RBC FM ao vivo, &agrave;s 15h, e garante um repert&oacute;rio que vai do samba ao poprock. Com mais de 35 anos de carreira, ela tem quatro discos na conta e f&atilde;s por onde passa.<\/p>\n<p>Artista desde crian&ccedil;a, Ma&iacute;ra ficou conhecida em programas de televis&atilde;o nos anos 90, participou de grandes reality shows musicais da TV e j&aacute; fez performances ao lado de grandes nomes da m&uacute;sica nacional, como Elba Ramalho e F&aacute;tima Guedes. O <em>Est&uacute;dio RBC<\/em> pode ser conferido na RBC FM, sintonia 90,1 de Goi&acirc;nia e em videocast pelo <a href=\"https:\/\/youtube.com\/tvbrasilcentral\" target=\"_blank\" title=\"abre em nova janela\" rel=\"noopener\">canal da TBC no YouTube<\/a>.<\/p>\n<p><strong>ABC Digital<\/strong><\/p>\n","protected":false},"excerpt":{"rendered":"<p>A programa&ccedil;&atilde;o da semana come&ccedil;a com m&uacute;sica que arranca aplausos por onde passa<\/p>\n","protected":false},"author":252,"featured_media":19236,"comment_status":"closed","ping_status":"open","sticky":false,"template":"","format":"standard","meta":{"footnotes":""},"categories":[39],"tags":[],"class_list":["post-19514","post","type-post","status-publish","format-standard","has-post-thumbnail","hentry","category-noticias"],"rttpg_featured_image_url":{"full":["https:\/\/goias.gov.br\/abc\/wp-content\/uploads\/sites\/23\/2023\/01\/ESTUDIO_RBC_03-d14.jpg",1280,720,false],"landscape":["https:\/\/goias.gov.br\/abc\/wp-content\/uploads\/sites\/23\/2023\/01\/ESTUDIO_RBC_03-d14.jpg",1280,720,false],"portraits":["https:\/\/goias.gov.br\/abc\/wp-content\/uploads\/sites\/23\/2023\/01\/ESTUDIO_RBC_03-d14.jpg",1280,720,false],"thumbnail":["https:\/\/goias.gov.br\/abc\/wp-content\/uploads\/sites\/23\/2023\/01\/ESTUDIO_RBC_03-d14-150x150.jpg",150,150,true],"medium":["https:\/\/goias.gov.br\/abc\/wp-content\/uploads\/sites\/23\/2023\/01\/ESTUDIO_RBC_03-d14-300x169.jpg",300,169,true],"large":["https:\/\/goias.gov.br\/abc\/wp-content\/uploads\/sites\/23\/2023\/01\/ESTUDIO_RBC_03-d14-1024x576.jpg",1024,576,true],"1536x1536":["https:\/\/goias.gov.br\/abc\/wp-content\/uploads\/sites\/23\/2023\/01\/ESTUDIO_RBC_03-d14.jpg",1280,720,false],"2048x2048":["https:\/\/goias.gov.br\/abc\/wp-content\/uploads\/sites\/23\/2023\/01\/ESTUDIO_RBC_03-d14.jpg",1280,720,false]},"rttpg_author":{"display_name":"brunassantos","author_link":"https:\/\/goias.gov.br\/abc\/author\/brunassantos\/"},"rttpg_comment":0,"rttpg_category":"<a href=\"https:\/\/goias.gov.br\/abc\/categoria\/institucional\/noticias\/\" rel=\"category tag\">Not\u00edcias<\/a>","rttpg_excerpt":"A programa&ccedil;&atilde;o da semana come&ccedil;a com m&uacute;sica que arranca aplausos por onde passa","_links":{"self":[{"href":"https:\/\/goias.gov.br\/abc\/wp-json\/wp\/v2\/posts\/19514","targetHints":{"allow":["GET"]}}],"collection":[{"href":"https:\/\/goias.gov.br\/abc\/wp-json\/wp\/v2\/posts"}],"about":[{"href":"https:\/\/goias.gov.br\/abc\/wp-json\/wp\/v2\/types\/post"}],"author":[{"embeddable":true,"href":"https:\/\/goias.gov.br\/abc\/wp-json\/wp\/v2\/users\/252"}],"replies":[{"embeddable":true,"href":"https:\/\/goias.gov.br\/abc\/wp-json\/wp\/v2\/comments?post=19514"}],"version-history":[{"count":0,"href":"https:\/\/goias.gov.br\/abc\/wp-json\/wp\/v2\/posts\/19514\/revisions"}],"wp:featuredmedia":[{"embeddable":true,"href":"https:\/\/goias.gov.br\/abc\/wp-json\/wp\/v2\/media\/19236"}],"wp:attachment":[{"href":"https:\/\/goias.gov.br\/abc\/wp-json\/wp\/v2\/media?parent=19514"}],"wp:term":[{"taxonomy":"category","embeddable":true,"href":"https:\/\/goias.gov.br\/abc\/wp-json\/wp\/v2\/categories?post=19514"},{"taxonomy":"post_tag","embeddable":true,"href":"https:\/\/goias.gov.br\/abc\/wp-json\/wp\/v2\/tags?post=19514"}],"curies":[{"name":"wp","href":"https:\/\/api.w.org\/{rel}","templated":true}]}}