

{"id":18604,"date":"2022-06-20T11:31:44","date_gmt":"2022-06-20T14:31:44","guid":{"rendered":"https:\/\/siteshom.goias.gov.br\/abc\/secretaria-de-educacao-inaugura-centro-de-midias\/"},"modified":"2022-06-20T11:31:44","modified_gmt":"2022-06-20T14:31:44","slug":"secretaria-de-educacao-inaugura-centro-de-midias","status":"publish","type":"post","link":"https:\/\/goias.gov.br\/abc\/secretaria-de-educacao-inaugura-centro-de-midias\/","title":{"rendered":"Secretaria de Educa\u00e7\u00e3o inaugura Centro de M\u00eddias"},"content":{"rendered":"<p>Secret&aacute;ria Estadual de Educa&ccedil;&atilde;o, F&aacute;tima Gavioli, fala sobre tecnologia que permite aulas em tempo real para todo o Estado<\/p>\n<p><!--more--><\/p>\n<figure class=\"image\"><a href=\"https:\/\/youtu.be\/2ZxClDFZIdU\" target=\"_blank\" title=\"abre em nova janela\" rel=\"noopener\"><img fetchpriority=\"high\" decoding=\"async\" class=\" size-full wp-image-18603\" alt=\"\" id=\"\" src=\"https:\/\/goias.gov.br\/abc\/wp-content\/uploads\/sites\/23\/2022\/06\/20.06_OMESC_EDUCACAO-726.jpg\" style=\"\" title=\"\" width=\"1280\" height=\"720\" srcset=\"https:\/\/goias.gov.br\/abc\/wp-content\/uploads\/sites\/23\/2022\/06\/20.06_OMESC_EDUCACAO-726.jpg 1280w, https:\/\/goias.gov.br\/abc\/wp-content\/uploads\/sites\/23\/2022\/06\/20.06_OMESC_EDUCACAO-726-300x169.jpg 300w, https:\/\/goias.gov.br\/abc\/wp-content\/uploads\/sites\/23\/2022\/06\/20.06_OMESC_EDUCACAO-726-1024x576.jpg 1024w, https:\/\/goias.gov.br\/abc\/wp-content\/uploads\/sites\/23\/2022\/06\/20.06_OMESC_EDUCACAO-726-768x432.jpg 768w\" sizes=\"(max-width: 1280px) 100vw, 1280px\" \/><\/a><figcaption class=\"text-center\"><em>Clique na imagem para assistir a mat&eacute;ria<\/em><\/figcaption><\/figure>\n<p>O Governo de Goi&aacute;s inaugura hoje, &agrave;s 16h, o Centro de M&iacute;dias da Secretaria de Educa&ccedil;&atilde;o. Aprovado pelo Conselho Estadual de Educa&ccedil;&atilde;o e pela Assembleia Legislativa, o Centro de M&iacute;dias vai atender 51 pontos e mais de 14 mil alunos. Ele &eacute; voltado para o ensino m&eacute;dio, o professor entra no est&uacute;dio e d&aacute; aula em tempo real para os alunos nos lugares mais distantes de Goi&aacute;s. Uma entrevista com a secret&aacute;ria de Educa&ccedil;&atilde;o, F&aacute;tima Gavioli, foi exibida no <em>O Mundo em sua Casa<\/em> desta segunda-feira (20).<\/p>\n<p>A partir de 2023, as turmas do Goi&aacute;s Tec ser&atilde;o implantadas tamb&eacute;m nos assentamentos. Em vez de o &ocirc;nibus pegar as crian&ccedil;as e levar &agrave; cidade para estudar, ser&atilde;o colocados antena e sat&eacute;lite. O Centro de M&iacute;dias fica na Ag&ecirc;ncia Brasil Central. &ldquo;TBC e Seduc n&atilde;o estiveram t&atilde;o juntos e misturados e a prova disso ser&aacute; essa inaugura&ccedil;&atilde;o&rdquo;, encerrou a titular da pasta.<\/p>\n<p><strong>ABC Digital<\/strong><\/p>\n","protected":false},"excerpt":{"rendered":"<p>Secret&aacute;ria Estadual de Educa&ccedil;&atilde;o, F&aacute;tima Gavioli, fala sobre tecnologia que permite aulas em tempo real para todo o Estado<\/p>\n","protected":false},"author":249,"featured_media":18603,"comment_status":"closed","ping_status":"open","sticky":false,"template":"","format":"standard","meta":{"footnotes":""},"categories":[39],"tags":[],"class_list":["post-18604","post","type-post","status-publish","format-standard","has-post-thumbnail","hentry","category-noticias"],"rttpg_featured_image_url":{"full":["https:\/\/goias.gov.br\/abc\/wp-content\/uploads\/sites\/23\/2022\/06\/20.06_OMESC_EDUCACAO-726.jpg",1280,720,false],"landscape":["https:\/\/goias.gov.br\/abc\/wp-content\/uploads\/sites\/23\/2022\/06\/20.06_OMESC_EDUCACAO-726.jpg",1280,720,false],"portraits":["https:\/\/goias.gov.br\/abc\/wp-content\/uploads\/sites\/23\/2022\/06\/20.06_OMESC_EDUCACAO-726.jpg",1280,720,false],"thumbnail":["https:\/\/goias.gov.br\/abc\/wp-content\/uploads\/sites\/23\/2022\/06\/20.06_OMESC_EDUCACAO-726-150x150.jpg",150,150,true],"medium":["https:\/\/goias.gov.br\/abc\/wp-content\/uploads\/sites\/23\/2022\/06\/20.06_OMESC_EDUCACAO-726-300x169.jpg",300,169,true],"large":["https:\/\/goias.gov.br\/abc\/wp-content\/uploads\/sites\/23\/2022\/06\/20.06_OMESC_EDUCACAO-726-1024x576.jpg",1024,576,true],"1536x1536":["https:\/\/goias.gov.br\/abc\/wp-content\/uploads\/sites\/23\/2022\/06\/20.06_OMESC_EDUCACAO-726.jpg",1280,720,false],"2048x2048":["https:\/\/goias.gov.br\/abc\/wp-content\/uploads\/sites\/23\/2022\/06\/20.06_OMESC_EDUCACAO-726.jpg",1280,720,false]},"rttpg_author":{"display_name":"alessandrobernardes","author_link":"https:\/\/goias.gov.br\/abc\/author\/alessandrobernardes\/"},"rttpg_comment":0,"rttpg_category":"<a href=\"https:\/\/goias.gov.br\/abc\/categoria\/institucional\/noticias\/\" rel=\"category tag\">Not\u00edcias<\/a>","rttpg_excerpt":"Secret&aacute;ria Estadual de Educa&ccedil;&atilde;o, F&aacute;tima Gavioli, fala sobre tecnologia que permite aulas em tempo real para todo o Estado","_links":{"self":[{"href":"https:\/\/goias.gov.br\/abc\/wp-json\/wp\/v2\/posts\/18604","targetHints":{"allow":["GET"]}}],"collection":[{"href":"https:\/\/goias.gov.br\/abc\/wp-json\/wp\/v2\/posts"}],"about":[{"href":"https:\/\/goias.gov.br\/abc\/wp-json\/wp\/v2\/types\/post"}],"author":[{"embeddable":true,"href":"https:\/\/goias.gov.br\/abc\/wp-json\/wp\/v2\/users\/249"}],"replies":[{"embeddable":true,"href":"https:\/\/goias.gov.br\/abc\/wp-json\/wp\/v2\/comments?post=18604"}],"version-history":[{"count":0,"href":"https:\/\/goias.gov.br\/abc\/wp-json\/wp\/v2\/posts\/18604\/revisions"}],"wp:featuredmedia":[{"embeddable":true,"href":"https:\/\/goias.gov.br\/abc\/wp-json\/wp\/v2\/media\/18603"}],"wp:attachment":[{"href":"https:\/\/goias.gov.br\/abc\/wp-json\/wp\/v2\/media?parent=18604"}],"wp:term":[{"taxonomy":"category","embeddable":true,"href":"https:\/\/goias.gov.br\/abc\/wp-json\/wp\/v2\/categories?post=18604"},{"taxonomy":"post_tag","embeddable":true,"href":"https:\/\/goias.gov.br\/abc\/wp-json\/wp\/v2\/tags?post=18604"}],"curies":[{"name":"wp","href":"https:\/\/api.w.org\/{rel}","templated":true}]}}