

{"id":18590,"date":"2022-06-15T10:26:48","date_gmt":"2022-06-15T13:26:48","guid":{"rendered":"https:\/\/siteshom.goias.gov.br\/abc\/avanco-da-variola-do-macaco-preocupa-mas-ainda-nao-ha-letalidade\/"},"modified":"2022-06-15T10:26:48","modified_gmt":"2022-06-15T13:26:48","slug":"avanco-da-variola-do-macaco-preocupa-mas-ainda-nao-ha-letalidade","status":"publish","type":"post","link":"https:\/\/goias.gov.br\/abc\/avanco-da-variola-do-macaco-preocupa-mas-ainda-nao-ha-letalidade\/","title":{"rendered":"Avan\u00e7o da var\u00edola do macaco preocupa, mas ainda n\u00e3o h\u00e1 letalidade"},"content":{"rendered":"<p>Organiza&ccedil;&atilde;o Mundial de Sa&uacute;de recomenda a vacina&ccedil;&atilde;o de grupos priorit&aacute;rios, incluindo profissionais de sa&uacute;de que atuam no diagn&oacute;stico da doen&ccedil;a<\/p>\n<p><!--more--><\/p>\n<figure class=\"image\"><a href=\"https:\/\/youtu.be\/mM0DO7eTQoI\" target=\"_blank\" title=\"abre em nova janela\" rel=\"noopener\"><img fetchpriority=\"high\" decoding=\"async\" class=\" size-full wp-image-18589\" alt=\"\" id=\"\" src=\"https:\/\/goias.gov.br\/abc\/wp-content\/uploads\/sites\/23\/2022\/06\/15.06_OMESC_VARIOLA-1ac.jpg\" style=\"\" title=\"\" width=\"1280\" height=\"720\" srcset=\"https:\/\/goias.gov.br\/abc\/wp-content\/uploads\/sites\/23\/2022\/06\/15.06_OMESC_VARIOLA-1ac.jpg 1280w, https:\/\/goias.gov.br\/abc\/wp-content\/uploads\/sites\/23\/2022\/06\/15.06_OMESC_VARIOLA-1ac-300x169.jpg 300w, https:\/\/goias.gov.br\/abc\/wp-content\/uploads\/sites\/23\/2022\/06\/15.06_OMESC_VARIOLA-1ac-1024x576.jpg 1024w, https:\/\/goias.gov.br\/abc\/wp-content\/uploads\/sites\/23\/2022\/06\/15.06_OMESC_VARIOLA-1ac-768x432.jpg 768w\" sizes=\"(max-width: 1280px) 100vw, 1280px\" \/><\/a><figcaption class=\"text-center\"><em>Clique na imagem para assistir a mat&eacute;ria<\/em><\/figcaption><\/figure>\n<p>A var&iacute;ola do macaco tem gerado um alerta e preocupa&ccedil;&atilde;o em todo o pa&iacute;s. O comit&ecirc; de emerg&ecirc;ncia da Organiza&ccedil;&atilde;o Mundial da Sa&uacute;de (OMS) vai decidir se a expans&atilde;o do v&iacute;rus no mundo representa uma nova emerg&ecirc;ncia de sa&uacute;de p&uacute;blica em escala mundial, como foi a pandemia da Covid-19. Em reportagem veiculada no teleradiojornal <em>O Mundo em sua Casa<\/em> desta quarta-feira (15), o infectologista Marcelo Daher afirma que este &eacute; o momento de aten&ccedil;&atilde;o das autoridades. &ldquo;Nesse surto atual, que tem casos na Europa, Estados Unidos e em v&aacute;rios outros pa&iacute;ses, em praticamente todos os continentes, n&atilde;o tem relato de mortalidade por enquanto. N&oacute;s temos que ter aten&ccedil;&atilde;o, a maioria dos casos &eacute; entre homens adultos jovens, de 20 a 50 anos. Quem se vacinou contra a var&iacute;ola tem uma certa prote&ccedil;&atilde;o contra essa doen&ccedil;a tamb&eacute;m&rdquo;, explicou.<\/p>\n<p>O governo est&aacute; negociando a compra de doses da vacina contra a var&iacute;ola de macaco, de acordo com o Minist&eacute;rio da Sa&uacute;de. Os imunizantes s&atilde;o para os profissionais de sa&uacute;de e pessoas que tiveram contato com doentes confirmados. Desde o in&iacute;cio do ano, o mundo j&aacute; registrou mais de 1.700 casos da doen&ccedil;a em 40 pa&iacute;ses. No Brasil, s&atilde;o tr&ecirc;s casos confirmados, dois em S&atilde;o Paulo e um no Rio Grande do Sul. Tamb&eacute;m est&atilde;o em estudo outros casos: um no Acre e outro em Minas Gerais, que teria provocado a morte de um homem. Se for confirmado, essa ser&aacute; a primeira v&iacute;tima em todo o mundo.<\/p>\n<p>&ldquo;Todos n&oacute;s temos o direito de receber a vacina da var&iacute;ola, ela &eacute; gratuita pelo SUS e tem mostrado efici&ecirc;ncia de at&eacute; 85% de prote&ccedil;&atilde;o para a var&iacute;ola dos macacos. O v&iacute;rus var&iacute;ola do macaco n&atilde;o quer dizer que o macaco &eacute; o respons&aacute;vel por isso. Ele &eacute; um hospedeiro, como n&oacute;s tamb&eacute;m podemos receber o v&iacute;rus da var&iacute;ola&rdquo;, explica Renato &Acirc;ngelo da Silva, membro do Conselho Regional de Biomedicina de Goi&aacute;s.<\/p>\n<p><strong>ABC Digital<\/strong><\/p>\n","protected":false},"excerpt":{"rendered":"<p>Organiza&ccedil;&atilde;o Mundial de Sa&uacute;de recomenda a vacina&ccedil;&atilde;o de grupos priorit&aacute;rios, incluindo profissionais de sa&uacute;de que atuam no diagn&oacute;stico da doen&ccedil;a<\/p>\n","protected":false},"author":249,"featured_media":18589,"comment_status":"closed","ping_status":"open","sticky":false,"template":"","format":"standard","meta":{"footnotes":""},"categories":[39],"tags":[],"class_list":["post-18590","post","type-post","status-publish","format-standard","has-post-thumbnail","hentry","category-noticias"],"rttpg_featured_image_url":{"full":["https:\/\/goias.gov.br\/abc\/wp-content\/uploads\/sites\/23\/2022\/06\/15.06_OMESC_VARIOLA-1ac.jpg",1280,720,false],"landscape":["https:\/\/goias.gov.br\/abc\/wp-content\/uploads\/sites\/23\/2022\/06\/15.06_OMESC_VARIOLA-1ac.jpg",1280,720,false],"portraits":["https:\/\/goias.gov.br\/abc\/wp-content\/uploads\/sites\/23\/2022\/06\/15.06_OMESC_VARIOLA-1ac.jpg",1280,720,false],"thumbnail":["https:\/\/goias.gov.br\/abc\/wp-content\/uploads\/sites\/23\/2022\/06\/15.06_OMESC_VARIOLA-1ac-150x150.jpg",150,150,true],"medium":["https:\/\/goias.gov.br\/abc\/wp-content\/uploads\/sites\/23\/2022\/06\/15.06_OMESC_VARIOLA-1ac-300x169.jpg",300,169,true],"large":["https:\/\/goias.gov.br\/abc\/wp-content\/uploads\/sites\/23\/2022\/06\/15.06_OMESC_VARIOLA-1ac-1024x576.jpg",1024,576,true],"1536x1536":["https:\/\/goias.gov.br\/abc\/wp-content\/uploads\/sites\/23\/2022\/06\/15.06_OMESC_VARIOLA-1ac.jpg",1280,720,false],"2048x2048":["https:\/\/goias.gov.br\/abc\/wp-content\/uploads\/sites\/23\/2022\/06\/15.06_OMESC_VARIOLA-1ac.jpg",1280,720,false]},"rttpg_author":{"display_name":"alessandrobernardes","author_link":"https:\/\/goias.gov.br\/abc\/author\/alessandrobernardes\/"},"rttpg_comment":0,"rttpg_category":"<a href=\"https:\/\/goias.gov.br\/abc\/categoria\/institucional\/noticias\/\" rel=\"category tag\">Not\u00edcias<\/a>","rttpg_excerpt":"Organiza&ccedil;&atilde;o Mundial de Sa&uacute;de recomenda a vacina&ccedil;&atilde;o de grupos priorit&aacute;rios, incluindo profissionais de sa&uacute;de que atuam no diagn&oacute;stico da doen&ccedil;a","_links":{"self":[{"href":"https:\/\/goias.gov.br\/abc\/wp-json\/wp\/v2\/posts\/18590","targetHints":{"allow":["GET"]}}],"collection":[{"href":"https:\/\/goias.gov.br\/abc\/wp-json\/wp\/v2\/posts"}],"about":[{"href":"https:\/\/goias.gov.br\/abc\/wp-json\/wp\/v2\/types\/post"}],"author":[{"embeddable":true,"href":"https:\/\/goias.gov.br\/abc\/wp-json\/wp\/v2\/users\/249"}],"replies":[{"embeddable":true,"href":"https:\/\/goias.gov.br\/abc\/wp-json\/wp\/v2\/comments?post=18590"}],"version-history":[{"count":0,"href":"https:\/\/goias.gov.br\/abc\/wp-json\/wp\/v2\/posts\/18590\/revisions"}],"wp:featuredmedia":[{"embeddable":true,"href":"https:\/\/goias.gov.br\/abc\/wp-json\/wp\/v2\/media\/18589"}],"wp:attachment":[{"href":"https:\/\/goias.gov.br\/abc\/wp-json\/wp\/v2\/media?parent=18590"}],"wp:term":[{"taxonomy":"category","embeddable":true,"href":"https:\/\/goias.gov.br\/abc\/wp-json\/wp\/v2\/categories?post=18590"},{"taxonomy":"post_tag","embeddable":true,"href":"https:\/\/goias.gov.br\/abc\/wp-json\/wp\/v2\/tags?post=18590"}],"curies":[{"name":"wp","href":"https:\/\/api.w.org\/{rel}","templated":true}]}}