

{"id":17942,"date":"2022-02-17T09:39:36","date_gmt":"2022-02-17T12:39:36","guid":{"rendered":"https:\/\/siteshom.goias.gov.br\/abc\/poder-publico-recupera-e-entrega-predio-historico-em-goiania\/"},"modified":"2022-02-17T09:39:36","modified_gmt":"2022-02-17T12:39:36","slug":"poder-publico-recupera-e-entrega-predio-historico-em-goiania","status":"publish","type":"post","link":"https:\/\/goias.gov.br\/abc\/poder-publico-recupera-e-entrega-predio-historico-em-goiania\/","title":{"rendered":"Poder p\u00fablico recupera e entrega pr\u00e9dio hist\u00f3rico em Goi\u00e2nia"},"content":{"rendered":"<p>Antigo pr&eacute;dio da Chefatura de Pol&iacute;cia, com mais de 80 anos, foi totalmente reformado em parceria entre o Estado e o Iphan<\/p>\n<p><!--more--><\/p>\n<p style=\"text-align: center;\"><iframe allow=\"accelerometer; autoplay; clipboard-write; encrypted-media; gyroscope; picture-in-picture\" allowfullscreen=\"\" frameborder=\"0\" height=\"315\" src=\"https:\/\/www.youtube.com\/embed\/-ir7GcZ5B-w?start=1259\" title=\"YouTube video player\" width=\"560\"><\/iframe><\/p>\n<p>&ldquo;A devolu&ccedil;&atilde;o desse patrim&ocirc;nio &agrave; popula&ccedil;&atilde;o goiana faz parte do esfor&ccedil;o do nosso Governo em recuperar e revitalizar a Pra&ccedil;a C&iacute;vica, local que retrata a hist&oacute;ria da capital&rdquo;, afirmou o governador Ronaldo Caiado ao entregar totalmente reformado o pr&eacute;dio que sediou a Chefatura de Pol&iacute;cia, depois a cadeia, e tamb&eacute;m a Procuradoria-Geral do Estado por v&aacute;rios anos. A cerim&ocirc;nia, realizada na quarta-feira (16), teve ampla cobertura nos ve&iacute;culos de comunica&ccedil;&atilde;o da Ag&ecirc;ncia Brasil Central.<\/p>\n<p>A solenidade de reinaugura&ccedil;&atilde;o contou com as presen&ccedil;as do ministro do Turismo, Gilson Machado, e da presidente do Instituto do Patrim&ocirc;nio Hist&oacute;rico e Art&iacute;stico Nacional (Iphan), Larissa Peixoto. &ldquo;Para a recupera&ccedil;&atilde;o desse patrim&ocirc;nio que n&atilde;o &eacute; s&oacute; dos goianos, mas nacional, o Governo Federal destinou recursos da ordem de R$ 6,4 milh&otilde;es, o que demonstra apre&ccedil;o &agrave; popula&ccedil;&atilde;o e cuidado com os logradouros p&uacute;blicos de valor hist&oacute;rico como este&rdquo;, afirmou a presidente do Iphan.<\/p>\n<p>O local ter&aacute; uso m&uacute;ltiplo a partir de agora, conforme explicou o governador Ronaldo Caiado. O t&eacute;rreo ser&aacute; usado como <em>coworking<\/em>, esp&eacute;cie de ambiente&nbsp;que permite o trabalho colaborativo. J&aacute; o primeiro andar vai abrigar a Funda&ccedil;&atilde;o de Amparo &agrave; Pesquisa (Fapeg), Centro de Intelig&ecirc;ncia Artificial e &aacute;rea de pesquisa em Inova&ccedil;&atilde;o e Tecnologia.<\/p>\n<p><strong>ABC Digital<\/strong><\/p>\n","protected":false},"excerpt":{"rendered":"<p>Antigo pr&eacute;dio da Chefatura de Pol&iacute;cia, com mais de 80 anos, foi totalmente reformado em parceria entre o Estado e o Iphan<\/p>\n","protected":false},"author":7,"featured_media":17941,"comment_status":"closed","ping_status":"open","sticky":false,"template":"","format":"standard","meta":{"footnotes":""},"categories":[39],"tags":[],"class_list":["post-17942","post","type-post","status-publish","format-standard","has-post-thumbnail","hentry","category-noticias"],"rttpg_featured_image_url":{"full":["https:\/\/goias.gov.br\/abc\/wp-content\/uploads\/sites\/23\/2022\/02\/1702_OMESC_CHEFATURA-62f.png",1280,720,false],"landscape":["https:\/\/goias.gov.br\/abc\/wp-content\/uploads\/sites\/23\/2022\/02\/1702_OMESC_CHEFATURA-62f.png",1280,720,false],"portraits":["https:\/\/goias.gov.br\/abc\/wp-content\/uploads\/sites\/23\/2022\/02\/1702_OMESC_CHEFATURA-62f.png",1280,720,false],"thumbnail":["https:\/\/goias.gov.br\/abc\/wp-content\/uploads\/sites\/23\/2022\/02\/1702_OMESC_CHEFATURA-62f-150x150.png",150,150,true],"medium":["https:\/\/goias.gov.br\/abc\/wp-content\/uploads\/sites\/23\/2022\/02\/1702_OMESC_CHEFATURA-62f-300x169.png",300,169,true],"large":["https:\/\/goias.gov.br\/abc\/wp-content\/uploads\/sites\/23\/2022\/02\/1702_OMESC_CHEFATURA-62f-1024x576.png",1024,576,true],"1536x1536":["https:\/\/goias.gov.br\/abc\/wp-content\/uploads\/sites\/23\/2022\/02\/1702_OMESC_CHEFATURA-62f.png",1280,720,false],"2048x2048":["https:\/\/goias.gov.br\/abc\/wp-content\/uploads\/sites\/23\/2022\/02\/1702_OMESC_CHEFATURA-62f.png",1280,720,false]},"rttpg_author":{"display_name":"gustavogoncalves","author_link":"https:\/\/goias.gov.br\/abc\/author\/gustavogoncalves\/"},"rttpg_comment":0,"rttpg_category":"<a href=\"https:\/\/goias.gov.br\/abc\/categoria\/institucional\/noticias\/\" rel=\"category tag\">Not\u00edcias<\/a>","rttpg_excerpt":"Antigo pr&eacute;dio da Chefatura de Pol&iacute;cia, com mais de 80 anos, foi totalmente reformado em parceria entre o Estado e o Iphan","_links":{"self":[{"href":"https:\/\/goias.gov.br\/abc\/wp-json\/wp\/v2\/posts\/17942","targetHints":{"allow":["GET"]}}],"collection":[{"href":"https:\/\/goias.gov.br\/abc\/wp-json\/wp\/v2\/posts"}],"about":[{"href":"https:\/\/goias.gov.br\/abc\/wp-json\/wp\/v2\/types\/post"}],"author":[{"embeddable":true,"href":"https:\/\/goias.gov.br\/abc\/wp-json\/wp\/v2\/users\/7"}],"replies":[{"embeddable":true,"href":"https:\/\/goias.gov.br\/abc\/wp-json\/wp\/v2\/comments?post=17942"}],"version-history":[{"count":0,"href":"https:\/\/goias.gov.br\/abc\/wp-json\/wp\/v2\/posts\/17942\/revisions"}],"wp:featuredmedia":[{"embeddable":true,"href":"https:\/\/goias.gov.br\/abc\/wp-json\/wp\/v2\/media\/17941"}],"wp:attachment":[{"href":"https:\/\/goias.gov.br\/abc\/wp-json\/wp\/v2\/media?parent=17942"}],"wp:term":[{"taxonomy":"category","embeddable":true,"href":"https:\/\/goias.gov.br\/abc\/wp-json\/wp\/v2\/categories?post=17942"},{"taxonomy":"post_tag","embeddable":true,"href":"https:\/\/goias.gov.br\/abc\/wp-json\/wp\/v2\/tags?post=17942"}],"curies":[{"name":"wp","href":"https:\/\/api.w.org\/{rel}","templated":true}]}}