

{"id":17321,"date":"2021-08-30T15:04:54","date_gmt":"2021-08-30T18:04:54","guid":{"rendered":"https:\/\/siteshom.goias.gov.br\/abc\/chuvas-esparsas-ja-caem-em-goias\/"},"modified":"2021-08-30T15:04:54","modified_gmt":"2021-08-30T18:04:54","slug":"chuvas-esparsas-ja-caem-em-goias","status":"publish","type":"post","link":"https:\/\/goias.gov.br\/abc\/chuvas-esparsas-ja-caem-em-goias\/","title":{"rendered":"Ap\u00f3s 70 dias de estiagem, chuvas esparsas j\u00e1 caem em Goi\u00e1s"},"content":{"rendered":"<p>Gerente do Cimehgo, Andr&eacute; Amorim diz que &aacute;guas ser&atilde;o localizadas e de pouco volume, mas suficientes para melhorar a qualidade do ar<\/p>\n<p><!--more--><\/p>\n<p style=\"text-align: center;\"><iframe allow=\"accelerometer; autoplay; clipboard-write; encrypted-media; gyroscope; picture-in-picture\" allowfullscreen=\"\" frameborder=\"0\" height=\"315\" src=\"https:\/\/www.youtube.com\/embed\/42mqyhmNVWk?start=1248\" title=\"YouTube video player\" width=\"560\"><\/iframe><\/p>\n<p>Mais de 70 dias depois e as chuvas est&atilde;o de volta a Goi&aacute;s. Neste fim semana, foram registradas chuvas esparsas nas regi&otilde;es de Itumbiara e Jata&iacute;. Andr&eacute; Amorim, gerente do Centro de Informa&ccedil;&otilde;es Meteorol&oacute;gicas e Hidrol&oacute;gicas de Goi&aacute;s (Cimehgo), da Secretaria do Meio Ambiente (Semad), disse ao Jornal Brasil Central que a instabilidade segue pelos pr&oacute;ximos dias tamb&eacute;m na regi&atilde;o metropolitana de Goi&acirc;nia.<\/p>\n<p>Segundo ele, ser&atilde;o chuvas r&aacute;pidas e de pouco volume, j&aacute; que o per&iacute;odo chuvoso est&aacute; previsto para iniciar s&oacute; na segunda quinzena de outubro. O refresco de agora, diz o metereologista, vai melhor tamb&eacute;m a umidade relativa do ar, que vinha ficando abaixo do recomendado pela Organiza&ccedil;&atilde;o Mundial da Sa&uacute;de (OMS).<\/p>\n<p><strong>ABC Digital<\/strong><\/p>\n","protected":false},"excerpt":{"rendered":"<p>Gerente do Cimehgo, Andr&eacute; Amorim diz que &aacute;guas ser&atilde;o localizadas e de pouco volume, mas suficientes para melhorar a qualidade do ar<\/p>\n","protected":false},"author":251,"featured_media":17320,"comment_status":"closed","ping_status":"open","sticky":false,"template":"","format":"standard","meta":{"footnotes":""},"categories":[39],"tags":[],"class_list":["post-17321","post","type-post","status-publish","format-standard","has-post-thumbnail","hentry","category-noticias"],"rttpg_featured_image_url":{"full":["https:\/\/goias.gov.br\/abc\/wp-content\/uploads\/sites\/23\/2021\/08\/3008_JBC_CHUVA-215.png",1280,720,false],"landscape":["https:\/\/goias.gov.br\/abc\/wp-content\/uploads\/sites\/23\/2021\/08\/3008_JBC_CHUVA-215.png",1280,720,false],"portraits":["https:\/\/goias.gov.br\/abc\/wp-content\/uploads\/sites\/23\/2021\/08\/3008_JBC_CHUVA-215.png",1280,720,false],"thumbnail":["https:\/\/goias.gov.br\/abc\/wp-content\/uploads\/sites\/23\/2021\/08\/3008_JBC_CHUVA-215-150x150.png",150,150,true],"medium":["https:\/\/goias.gov.br\/abc\/wp-content\/uploads\/sites\/23\/2021\/08\/3008_JBC_CHUVA-215-300x169.png",300,169,true],"large":["https:\/\/goias.gov.br\/abc\/wp-content\/uploads\/sites\/23\/2021\/08\/3008_JBC_CHUVA-215-1024x576.png",1024,576,true],"1536x1536":["https:\/\/goias.gov.br\/abc\/wp-content\/uploads\/sites\/23\/2021\/08\/3008_JBC_CHUVA-215.png",1280,720,false],"2048x2048":["https:\/\/goias.gov.br\/abc\/wp-content\/uploads\/sites\/23\/2021\/08\/3008_JBC_CHUVA-215.png",1280,720,false]},"rttpg_author":{"display_name":"eliasdias","author_link":"https:\/\/goias.gov.br\/abc\/author\/eliasdias\/"},"rttpg_comment":0,"rttpg_category":"<a href=\"https:\/\/goias.gov.br\/abc\/categoria\/institucional\/noticias\/\" rel=\"category tag\">Not\u00edcias<\/a>","rttpg_excerpt":"Gerente do Cimehgo, Andr&eacute; Amorim diz que &aacute;guas ser&atilde;o localizadas e de pouco volume, mas suficientes para melhorar a qualidade do ar","_links":{"self":[{"href":"https:\/\/goias.gov.br\/abc\/wp-json\/wp\/v2\/posts\/17321","targetHints":{"allow":["GET"]}}],"collection":[{"href":"https:\/\/goias.gov.br\/abc\/wp-json\/wp\/v2\/posts"}],"about":[{"href":"https:\/\/goias.gov.br\/abc\/wp-json\/wp\/v2\/types\/post"}],"author":[{"embeddable":true,"href":"https:\/\/goias.gov.br\/abc\/wp-json\/wp\/v2\/users\/251"}],"replies":[{"embeddable":true,"href":"https:\/\/goias.gov.br\/abc\/wp-json\/wp\/v2\/comments?post=17321"}],"version-history":[{"count":0,"href":"https:\/\/goias.gov.br\/abc\/wp-json\/wp\/v2\/posts\/17321\/revisions"}],"wp:featuredmedia":[{"embeddable":true,"href":"https:\/\/goias.gov.br\/abc\/wp-json\/wp\/v2\/media\/17320"}],"wp:attachment":[{"href":"https:\/\/goias.gov.br\/abc\/wp-json\/wp\/v2\/media?parent=17321"}],"wp:term":[{"taxonomy":"category","embeddable":true,"href":"https:\/\/goias.gov.br\/abc\/wp-json\/wp\/v2\/categories?post=17321"},{"taxonomy":"post_tag","embeddable":true,"href":"https:\/\/goias.gov.br\/abc\/wp-json\/wp\/v2\/tags?post=17321"}],"curies":[{"name":"wp","href":"https:\/\/api.w.org\/{rel}","templated":true}]}}