

{"id":16784,"date":"2021-04-12T09:55:13","date_gmt":"2021-04-12T12:55:13","guid":{"rendered":"https:\/\/siteshom.goias.gov.br\/abc\/secretaria-da-saude-explica-criterios-da-vacinacao-contra-influenza-iniciada-hoje\/"},"modified":"2021-04-12T09:55:13","modified_gmt":"2021-04-12T12:55:13","slug":"secretaria-da-saude-explica-criterios-da-vacinacao-contra-influenza-iniciada-hoje","status":"publish","type":"post","link":"https:\/\/goias.gov.br\/abc\/secretaria-da-saude-explica-criterios-da-vacinacao-contra-influenza-iniciada-hoje\/","title":{"rendered":"Secretaria da Sa\u00fade explica crit\u00e9rios da vacina\u00e7\u00e3o contra influenza iniciada hoje"},"content":{"rendered":"<p>Este ano, os grupos priorit&aacute;rios s&atilde;o crian&ccedil;as de seis meses a cinco anos, gestantes, mulheres parturientes at&eacute; 45 dias, ind&iacute;genas e profissionais da sa&uacute;de. Primeira etapa vai at&eacute; 10 de maio<\/p>\n<p><!--more--><\/p>\n<p><iframe frameborder=\"0\" height=\"200\" src=\"https:\/\/castbox.fm\/app\/castbox\/player\/id3400504\/id372651957?v=8.22.11&amp;autoplay=0\" width=\"100%\"><\/iframe><\/p>\n<p>A t&eacute;cnica da Ger&ecirc;ncia de Imuniza&ccedil;&atilde;o da Secretaria de Estado da Sa&uacute;de, Liz Jane, explicou hoje, 12, em entrevista ao programa O Mundo em Sua Casa das r&aacute;dios Brasil Central AM e RBC FM, os crit&eacute;rios definidos pelas autoridades de sa&uacute;de para imuniza&ccedil;&atilde;o da popula&ccedil;&atilde;o contra a influenza, doen&ccedil;a conhecida popularmente como gripe. Segundo ela, ao contr&aacute;rio que do que ocorria nos anos anteriores, a prioridade agora deixou de ser os idosos, que no momento est&atilde;o tomando a vacina contra a Covid-19. Assim, os grupos preferenciais s&atilde;o crian&ccedil;as de seis meses a cinco anos, gestantes, pu&eacute;rperas, ind&iacute;genas e profissionais de sa&uacute;de.<\/p>\n<p>Liz Jane esclareceu que ind&iacute;genas e profissionais de sa&uacute;de tamb&eacute;m est&atilde;o sendo vacinados contra Covid e da&iacute; a import&acirc;ncia de respeitar um prazo m&iacute;nimo de 14 dias para que a pessoa possa receber a vacina contra influenza. O mesmo crit&eacute;rio precisa ser observado em todos os demais casos, ou seja, a pessoa s&oacute; pode receber a vacina da gripe 14 dias ap&oacute;s receber a da Covid. A t&eacute;cnica da Secretaria de Sa&uacute;de observou ainda que, para evitar confus&atilde;o, as vacinas contra influenza ser&atilde;o aplicadas em locais diferentes daqueles utilizados para aplica&ccedil;&atilde;o da vacina da Covid. &ldquo;&Eacute; fundamental que as pessoas fiquem atentas para se dirigir aos locais indicados, fazendo distin&ccedil;&atilde;o entre vacina da Covid e vacina da gripe&rdquo;, acentuou.<\/p>\n<p>Outro aspecto relevante destacado por Liz Jane &eacute; que a vacina contra gripe j&aacute; &eacute; aplicada h&aacute; 23 anos com sucesso. Contudo, esclareceu que a cada ano ocorre atualiza&ccedil;&atilde;o e reformula&ccedil;&atilde;o do imunizante, considerando a cepas que circularam no ano anterior. &ldquo;J&aacute; est&aacute; comprovado que a efic&aacute;cia da vacina da gripe &eacute; por um ano. Por isso &eacute; fundamental que as pessoas se vacinem novamente, de modo a prevenir principalmente a H1N1, que tamb&eacute;m pode causar muitos problemas, inclusive morte&rdquo;, declarou a t&eacute;cnica, acrescentando que os sintomas da gripe e da Covid s&atilde;o parecidos. Portanto, se uma pessoa est&aacute; imunizada contra a gripe j&aacute; ser&aacute; mais f&aacute;cil identificar a Covid em casos suspeitos.<\/p>\n<p><strong>ABC Digital<\/strong><\/p>\n","protected":false},"excerpt":{"rendered":"<p>Este ano, os grupos priorit&aacute;rios s&atilde;o crian&ccedil;as de seis meses a cinco anos, gestantes, mulheres parturientes at&eacute; 45 dias, ind&iacute;genas e profissionais da sa&uacute;de. Primeira etapa vai at&eacute; 10 de maio<\/p>\n","protected":false},"author":7,"featured_media":16783,"comment_status":"closed","ping_status":"open","sticky":false,"template":"","format":"standard","meta":{"footnotes":""},"categories":[39],"tags":[],"class_list":["post-16784","post","type-post","status-publish","format-standard","has-post-thumbnail","hentry","category-noticias"],"rttpg_featured_image_url":{"full":["https:\/\/goias.gov.br\/abc\/wp-content\/uploads\/sites\/23\/2021\/04\/1204_OMESC_INFLUENZA_16x9-b46.png",1280,720,false],"landscape":["https:\/\/goias.gov.br\/abc\/wp-content\/uploads\/sites\/23\/2021\/04\/1204_OMESC_INFLUENZA_16x9-b46.png",1280,720,false],"portraits":["https:\/\/goias.gov.br\/abc\/wp-content\/uploads\/sites\/23\/2021\/04\/1204_OMESC_INFLUENZA_16x9-b46.png",1280,720,false],"thumbnail":["https:\/\/goias.gov.br\/abc\/wp-content\/uploads\/sites\/23\/2021\/04\/1204_OMESC_INFLUENZA_16x9-b46-150x150.png",150,150,true],"medium":["https:\/\/goias.gov.br\/abc\/wp-content\/uploads\/sites\/23\/2021\/04\/1204_OMESC_INFLUENZA_16x9-b46-300x169.png",300,169,true],"large":["https:\/\/goias.gov.br\/abc\/wp-content\/uploads\/sites\/23\/2021\/04\/1204_OMESC_INFLUENZA_16x9-b46-1024x576.png",1024,576,true],"1536x1536":["https:\/\/goias.gov.br\/abc\/wp-content\/uploads\/sites\/23\/2021\/04\/1204_OMESC_INFLUENZA_16x9-b46.png",1280,720,false],"2048x2048":["https:\/\/goias.gov.br\/abc\/wp-content\/uploads\/sites\/23\/2021\/04\/1204_OMESC_INFLUENZA_16x9-b46.png",1280,720,false]},"rttpg_author":{"display_name":"gustavogoncalves","author_link":"https:\/\/goias.gov.br\/abc\/author\/gustavogoncalves\/"},"rttpg_comment":0,"rttpg_category":"<a href=\"https:\/\/goias.gov.br\/abc\/categoria\/institucional\/noticias\/\" rel=\"category tag\">Not\u00edcias<\/a>","rttpg_excerpt":"Este ano, os grupos priorit&aacute;rios s&atilde;o crian&ccedil;as de seis meses a cinco anos, gestantes, mulheres parturientes at&eacute; 45 dias, ind&iacute;genas e profissionais da sa&uacute;de. Primeira etapa vai at&eacute; 10 de maio","_links":{"self":[{"href":"https:\/\/goias.gov.br\/abc\/wp-json\/wp\/v2\/posts\/16784","targetHints":{"allow":["GET"]}}],"collection":[{"href":"https:\/\/goias.gov.br\/abc\/wp-json\/wp\/v2\/posts"}],"about":[{"href":"https:\/\/goias.gov.br\/abc\/wp-json\/wp\/v2\/types\/post"}],"author":[{"embeddable":true,"href":"https:\/\/goias.gov.br\/abc\/wp-json\/wp\/v2\/users\/7"}],"replies":[{"embeddable":true,"href":"https:\/\/goias.gov.br\/abc\/wp-json\/wp\/v2\/comments?post=16784"}],"version-history":[{"count":0,"href":"https:\/\/goias.gov.br\/abc\/wp-json\/wp\/v2\/posts\/16784\/revisions"}],"wp:featuredmedia":[{"embeddable":true,"href":"https:\/\/goias.gov.br\/abc\/wp-json\/wp\/v2\/media\/16783"}],"wp:attachment":[{"href":"https:\/\/goias.gov.br\/abc\/wp-json\/wp\/v2\/media?parent=16784"}],"wp:term":[{"taxonomy":"category","embeddable":true,"href":"https:\/\/goias.gov.br\/abc\/wp-json\/wp\/v2\/categories?post=16784"},{"taxonomy":"post_tag","embeddable":true,"href":"https:\/\/goias.gov.br\/abc\/wp-json\/wp\/v2\/tags?post=16784"}],"curies":[{"name":"wp","href":"https:\/\/api.w.org\/{rel}","templated":true}]}}