

{"id":16751,"date":"2021-04-12T07:55:55","date_gmt":"2021-04-12T10:55:55","guid":{"rendered":"https:\/\/siteshom.goias.gov.br\/abc\/musica-de-goias-tera-a-rbc-fm-como-aliada\/"},"modified":"2021-04-12T07:55:55","modified_gmt":"2021-04-12T10:55:55","slug":"musica-de-goias-tera-a-rbc-fm-como-aliada","status":"publish","type":"post","link":"https:\/\/goias.gov.br\/abc\/musica-de-goias-tera-a-rbc-fm-como-aliada\/","title":{"rendered":"M\u00fasica de Goi\u00e1s ter\u00e1 a RBC FM como aliada"},"content":{"rendered":"<p><img fetchpriority=\"high\" decoding=\"async\" class=\" size-full wp-image-16750\" src=\"https:\/\/goias.gov.br\/abc\/wp-content\/uploads\/sites\/23\/2021\/04\/1204_RBC_MUSICA-164.png\" alt=\"\" width=\"1280\" height=\"720\" srcset=\"https:\/\/goias.gov.br\/abc\/wp-content\/uploads\/sites\/23\/2021\/04\/1204_RBC_MUSICA-164.png 1280w, https:\/\/goias.gov.br\/abc\/wp-content\/uploads\/sites\/23\/2021\/04\/1204_RBC_MUSICA-164-300x169.png 300w, https:\/\/goias.gov.br\/abc\/wp-content\/uploads\/sites\/23\/2021\/04\/1204_RBC_MUSICA-164-1024x576.png 1024w, https:\/\/goias.gov.br\/abc\/wp-content\/uploads\/sites\/23\/2021\/04\/1204_RBC_MUSICA-164-768x432.png 768w\" sizes=\"(max-width: 1280px) 100vw, 1280px\" \/><\/p>\n<p>A iniciativa &eacute; uma inquieta&ccedil;&atilde;o do presidente da ABC, Reginaldo J&uacute;nior, que agilizou uma parceria com a Secult Goi&aacute;s, para garantir mais espa&ccedil;o para a divulga&ccedil;&atilde;o da m&uacute;sica que &eacute; feita pelos goianos<\/p>\n<p><!--more--><\/p>\n<p lang=\"PT-BR\" paraeid=\"{e5064757-9182-42c9-b388-d797ecf32907}{34}\" paraid=\"1880535410\" xml:lang=\"PT-BR\">A RBC FM est&aacute; finalizando os &uacute;ltimos&nbsp;preparativos para colocar em pr&aacute;tica o novo projeto que ampliar&aacute; o espa&ccedil;o dedicado aos artistas da terra em sua programa&ccedil;&atilde;o. O programa Em Casa, apresentado por Maz&eacute; Alves, estreia na pr&oacute;xima segunda-feira com p&iacute;lulas durante a programa&ccedil;&atilde;o.&nbsp;Essa &eacute; uma parceria com a Secretaria de Cultura de Goi&aacute;s (Secult-GO), dentro da nova perspectiva experimentada pela dire&ccedil;&atilde;o da Ag&ecirc;ncia Brasil Central (ABC), com a orienta&ccedil;&atilde;o do Governo de Goi&aacute;s, de dar espa&ccedil;o e prestigiar os m&uacute;sicos goianos&nbsp;com a inclus&atilde;o, na programa&ccedil;&atilde;o, de inser&ccedil;&otilde;es di&aacute;rias de depoimentos deles, explicando o trabalho, como s&atilde;o criadas as composi&ccedil;&otilde;es e os detalhes interessantes da carreira. Em seguida, o p&uacute;blico ouvinte escutar&aacute; can&ccedil;&otilde;es pr&oacute;prias gravadas por esses artistas.&nbsp;<\/p>\n<p lang=\"PT-BR\" paraeid=\"{e5064757-9182-42c9-b388-d797ecf32907}{45}\" paraid=\"917315707\" xml:lang=\"PT-BR\">A coordenadora do Departamento de Conte&uacute;do da TBC e integrante do Conselho de Cultura do Estado Maz&eacute; Alves, que vai apresentar o programa radiof&ocirc;nico, informou que a ideia surgiu da inquieta&ccedil;&atilde;o do presidente da Ag&ecirc;ncia Brasil Central (ABC), Reginaldo J&uacute;nior, em devolver os espa&ccedil;os das emissoras da ABC para os goianos, nesse caso a RBC FM, fazendo da emissora uma aliada dos m&uacute;sicos goianos. &ldquo;Para tanto, foram selecionados alguns nomes de artistas que j&aacute; fazem parte da grade de programa&ccedil;&atilde;o da r&aacute;dio, para que a partir dessas m&uacute;sicas que j&aacute; comprovaram a qualidade exigida para exibi&ccedil;&atilde;o, possamos refor&ccedil;ar nossos v&iacute;nculos com esses artistas e abrir espa&ccedil;o para outros&rdquo;, afirmou. Segundo ela, a parceria com a&nbsp;Secult&nbsp;Goi&aacute;s ajudar&aacute; a manter elo entre o Governo do Estado e a produ&ccedil;&atilde;o musical goiana, onde ser&atilde;o valorizados artistas que participam de editais e s&atilde;o premiados com o aval do Conselho Estadual de Cultura.&nbsp;<\/p>\n<p lang=\"PT-BR\" paraeid=\"{e5064757-9182-42c9-b388-d797ecf32907}{56}\" paraid=\"1436166208\" xml:lang=\"PT-BR\">A novidade, de acordo com o jornalista e m&uacute;sico&nbsp;Reny&nbsp;Cruvinel, que &eacute; supervisor na emissora, &eacute; o depoimento, onde cada um vai falar sobre sua m&uacute;sica, acompanhado de muita informa&ccedil;&atilde;o, com um&nbsp;programete&nbsp;com espa&ccedil;o para a cultura em geral, e uma agenda sobre que atividades art&iacute;sticas e culturais est&atilde;o acontecendo no Estado, tamb&eacute;m como um convite ao p&uacute;blico para participar.&nbsp;<\/p>\n<p lang=\"PT-BR\" paraeid=\"{e5064757-9182-42c9-b388-d797ecf32907}{67}\" paraid=\"767627167\" xml:lang=\"PT-BR\">A RBC FM est&aacute; antenada com o que se disseminava de que era preciso dar voz ao trabalho dos artistas goianos, trabalho no qual ela foi pioneira, mas que veio perdendo espa&ccedil;o, mesmo diante das constantes reivindica&ccedil;&otilde;es dos m&uacute;sicos, cantores e compositores do Estado. A nova dire&ccedil;&atilde;o da ABC percebeu e se sensibilizou com essa postura, agora com esse projeto que conta com o apoio da&nbsp;Secult-GO e devolvendo aos goianos um espa&ccedil;o importante para a divulga&ccedil;&atilde;o da cultura produzida no Estado.&nbsp;<\/p>\n<h2 aria-level=\"2\" lang=\"PT-BR\" paraeid=\"{e5064757-9182-42c9-b388-d797ecf32907}{78}\" paraid=\"151726522\" role=\"heading\" xml:lang=\"PT-BR\">Hamilton Carneiro&nbsp;<\/h2>\n<p lang=\"PT-BR\" paraeid=\"{e5064757-9182-42c9-b388-d797ecf32907}{95}\" paraid=\"214063759\" xml:lang=\"PT-BR\">Compositor e um dos grandes incentivadores da m&uacute;sica feita em Goi&aacute;s, o publicit&aacute;rio Hamilton Carneiro, que mant&eacute;m h&aacute; mais de quatro d&eacute;cadas um programa televisivo no Estado garantindo espa&ccedil;o aos artistas goianos, elogiou a iniciativa da RBC FM e da&nbsp;Secult&nbsp;Goi&aacute;s de garantir esse canal de divulga&ccedil;&atilde;o da m&uacute;sica nascida no Estado. &ldquo;No momento em que temos mais talentos que espa&ccedil;o &eacute; muito interessante essa iniciativa da R&aacute;dio Brasil Central FM e da Secretaria de Cultura de Goi&aacute;s promoverem esse espa&ccedil;o que &eacute; muito importante para a m&uacute;sica boa que &eacute; feita em Goi&aacute;s&rdquo;, observou Hamilton.&nbsp;<\/p>\n<p lang=\"PT-BR\" paraeid=\"{e5064757-9182-42c9-b388-d797ecf32907}{106}\" paraid=\"2076678982\" xml:lang=\"PT-BR\">Para ele, a m&uacute;sica feita aqui tem todas as condi&ccedil;&otilde;es de representar bem o pa&iacute;s, &ldquo;mesmo tendo seus tra&ccedil;os regionais, pois s&atilde;o m&uacute;sicas muito boas, assim como se faz na Bahia, que tem muitas m&uacute;sicas boas com tra&ccedil;os absolutamente regionais e que se tornam universais&rdquo;. Na opini&atilde;o dele, &eacute; importante n&atilde;o esquecer o que disse o jornalista e dramaturgo N&eacute;lson Rodrigues, que &ldquo;para ser universal comece pelo seu quintal&rdquo;.&nbsp;<\/p>\n<p lang=\"PT-BR\" paraeid=\"{e5064757-9182-42c9-b388-d797ecf32907}{117}\" paraid=\"1299068145\" xml:lang=\"PT-BR\">Observou tamb&eacute;m que &ldquo;Goi&aacute;s tem muitos talentos nas &aacute;reas da composi&ccedil;&atilde;o que n&atilde;o t&ecirc;m os espa&ccedil;os, n&atilde;o digo nem desejados, mas os espa&ccedil;os que merecem&rdquo;, acrescentando que essa &eacute; uma &ldquo;boa forma de divulgar nossa m&uacute;sica&rdquo;. Concluiu parabenizando a RBC FM e a Secretaria de Cultura de Goi&aacute;s por mais esta iniciativa, que valoriza o trabalho musical dos artistas goianos, que precisam muito de espa&ccedil;os para a divulga&ccedil;&atilde;o de suas obras.&nbsp;<\/p>\n<p><strong>ABC Digital<\/strong><\/p>\n","protected":false},"excerpt":{"rendered":"<p>A iniciativa &eacute; uma inquieta&ccedil;&atilde;o do presidente da ABC, Reginaldo J&uacute;nior, que agilizou uma parceria com a Secult Goi&aacute;s, para garantir mais espa&ccedil;o para a divulga&ccedil;&atilde;o da m&uacute;sica que &eacute; feita pelos goianos<\/p>\n","protected":false},"author":250,"featured_media":16750,"comment_status":"closed","ping_status":"open","sticky":false,"template":"","format":"standard","meta":{"footnotes":""},"categories":[39],"tags":[],"class_list":["post-16751","post","type-post","status-publish","format-standard","has-post-thumbnail","hentry","category-noticias"],"rttpg_featured_image_url":{"full":["https:\/\/goias.gov.br\/abc\/wp-content\/uploads\/sites\/23\/2021\/04\/1204_RBC_MUSICA-164.png",1280,720,false],"landscape":["https:\/\/goias.gov.br\/abc\/wp-content\/uploads\/sites\/23\/2021\/04\/1204_RBC_MUSICA-164.png",1280,720,false],"portraits":["https:\/\/goias.gov.br\/abc\/wp-content\/uploads\/sites\/23\/2021\/04\/1204_RBC_MUSICA-164.png",1280,720,false],"thumbnail":["https:\/\/goias.gov.br\/abc\/wp-content\/uploads\/sites\/23\/2021\/04\/1204_RBC_MUSICA-164-150x150.png",150,150,true],"medium":["https:\/\/goias.gov.br\/abc\/wp-content\/uploads\/sites\/23\/2021\/04\/1204_RBC_MUSICA-164-300x169.png",300,169,true],"large":["https:\/\/goias.gov.br\/abc\/wp-content\/uploads\/sites\/23\/2021\/04\/1204_RBC_MUSICA-164-1024x576.png",1024,576,true],"1536x1536":["https:\/\/goias.gov.br\/abc\/wp-content\/uploads\/sites\/23\/2021\/04\/1204_RBC_MUSICA-164.png",1280,720,false],"2048x2048":["https:\/\/goias.gov.br\/abc\/wp-content\/uploads\/sites\/23\/2021\/04\/1204_RBC_MUSICA-164.png",1280,720,false]},"rttpg_author":{"display_name":"matheusbernardes","author_link":"https:\/\/goias.gov.br\/abc\/author\/matheusbernardes\/"},"rttpg_comment":0,"rttpg_category":"<a href=\"https:\/\/goias.gov.br\/abc\/categoria\/institucional\/noticias\/\" rel=\"category tag\">Not\u00edcias<\/a>","rttpg_excerpt":"A iniciativa &eacute; uma inquieta&ccedil;&atilde;o do presidente da ABC, Reginaldo J&uacute;nior, que agilizou uma parceria com a Secult Goi&aacute;s, para garantir mais espa&ccedil;o para a divulga&ccedil;&atilde;o da m&uacute;sica que &eacute; feita pelos goianos","_links":{"self":[{"href":"https:\/\/goias.gov.br\/abc\/wp-json\/wp\/v2\/posts\/16751","targetHints":{"allow":["GET"]}}],"collection":[{"href":"https:\/\/goias.gov.br\/abc\/wp-json\/wp\/v2\/posts"}],"about":[{"href":"https:\/\/goias.gov.br\/abc\/wp-json\/wp\/v2\/types\/post"}],"author":[{"embeddable":true,"href":"https:\/\/goias.gov.br\/abc\/wp-json\/wp\/v2\/users\/250"}],"replies":[{"embeddable":true,"href":"https:\/\/goias.gov.br\/abc\/wp-json\/wp\/v2\/comments?post=16751"}],"version-history":[{"count":0,"href":"https:\/\/goias.gov.br\/abc\/wp-json\/wp\/v2\/posts\/16751\/revisions"}],"wp:featuredmedia":[{"embeddable":true,"href":"https:\/\/goias.gov.br\/abc\/wp-json\/wp\/v2\/media\/16750"}],"wp:attachment":[{"href":"https:\/\/goias.gov.br\/abc\/wp-json\/wp\/v2\/media?parent=16751"}],"wp:term":[{"taxonomy":"category","embeddable":true,"href":"https:\/\/goias.gov.br\/abc\/wp-json\/wp\/v2\/categories?post=16751"},{"taxonomy":"post_tag","embeddable":true,"href":"https:\/\/goias.gov.br\/abc\/wp-json\/wp\/v2\/tags?post=16751"}],"curies":[{"name":"wp","href":"https:\/\/api.w.org\/{rel}","templated":true}]}}