

{"id":164000,"date":"2026-04-24T10:24:52","date_gmt":"2026-04-24T13:24:52","guid":{"rendered":"https:\/\/goias.gov.br\/abc\/?p=164000"},"modified":"2026-04-24T10:41:48","modified_gmt":"2026-04-24T13:41:48","slug":"lancada-a-34a-edicao-do-rally-dos-sertoes","status":"publish","type":"post","link":"https:\/\/goias.gov.br\/abc\/lancada-a-34a-edicao-do-rally-dos-sertoes\/","title":{"rendered":"Lan\u00e7ada a 34\u00aa edi\u00e7\u00e3o do Rally dos Sert\u00f5es"},"content":{"rendered":"\n<p>Evento de car\u00e1ter nacional que movimenta equipes, competidores e estruturas de apoio ao longo de mais de 4 mil quil\u00f4metros, o <em>Rally dos Sert\u00f5es<\/em> de 2026 foi lan\u00e7ado na quinta-feira (24) em Goi\u00e2nia, onde ocorrer\u00e1 a largada e tamb\u00e9m a chegada dos participantes. A prova ser\u00e1 de 22 a 30 de agosto, passando por cidades como Cavalcante, na Chapada dos Veadeiros em Goi\u00e1s; Lu\u00eds Eduardo Magalh\u00e3es, na Bahia; Mateiros e Porto Nacional, no Tocantins; Mina\u00e7u e Goian\u00e9sia, em Goi\u00e1s; e chegada em Goi\u00e2nia, onde ser\u00e1 conhecido o vencedor. A competi\u00e7\u00e3o tem apoio do governo de Goi\u00e1s, por meio da Secretaria da Retomada, como mostrou reportagem da TV Brasil Central.<\/p>\n\n\n\n<p>\u201c\u00c9 mais um grande evento nacional que vem para Goi\u00e1s, trazendo movimento para nossa economia nas \u00e1reas de hotelaria, gastronomia, turismo e com\u00e9rcio. Da\u00ed a parceria do governo de Goi\u00e1s\u201d, afirmou C\u00e9sar Moura, secret\u00e1rio da Retomada. Ele informou ainda que o <em>Goi\u00e1s Social<\/em> vai estar presente em todo o trajeto do <em>Rally<\/em> em territ\u00f3rio goiano. \u201cVamos fazer atendimento \u00e0 popula\u00e7\u00e3o em situa\u00e7\u00e3o de vulnerabilidade nas localidades goianas, conforme orienta\u00e7\u00e3o da primeira-dama Iara Netto Vilela\u201d, asseverou ele. A CEO do <em>Rally dos Sert\u00f5es<\/em>, Leonora Guedes, ressaltou a import\u00e2ncia da competi\u00e7\u00e3o, da parceria do governo de Goi\u00e1s e de Goi\u00e2nia como local de partida e chegada. \u201c\u00c9 uma cidade com localiza\u00e7\u00e3o estrat\u00e9gica, boa estrutura hoteleira, gastronomia diversificada e hospitalidade \u00edmpar\u201d, arrematou.<\/p>\n\n\n\n<p><strong>ABC Digital<\/strong><\/p>\n","protected":false},"excerpt":{"rendered":"<p>Evento de car\u00e1ter nacional que movimenta equipes, competidores e estruturas de apoio ao longo de mais de 4 mil quil\u00f4metros, o Rally dos Sert\u00f5es de 2026 foi lan\u00e7ado na quinta-feira (24) em Goi\u00e2nia, onde ocorrer\u00e1 a largada e tamb\u00e9m a chegada dos participantes. A prova ser\u00e1 de 22 a 30 de agosto, passando por cidades [&hellip;]<\/p>\n","protected":false},"author":381,"featured_media":164002,"comment_status":"closed","ping_status":"open","sticky":false,"template":"","format":"standard","meta":{"footnotes":""},"categories":[39],"tags":[58],"class_list":["post-164000","post","type-post","status-publish","format-standard","has-post-thumbnail","hentry","category-noticias","tag-jornalismo"],"rttpg_featured_image_url":{"full":["https:\/\/goias.gov.br\/abc\/wp-content\/uploads\/sites\/23\/2026\/04\/rally-dos-sertoes.jpg",1200,599,false],"landscape":["https:\/\/goias.gov.br\/abc\/wp-content\/uploads\/sites\/23\/2026\/04\/rally-dos-sertoes.jpg",1200,599,false],"portraits":["https:\/\/goias.gov.br\/abc\/wp-content\/uploads\/sites\/23\/2026\/04\/rally-dos-sertoes.jpg",1200,599,false],"thumbnail":["https:\/\/goias.gov.br\/abc\/wp-content\/uploads\/sites\/23\/2026\/04\/rally-dos-sertoes-150x150.jpg",150,150,true],"medium":["https:\/\/goias.gov.br\/abc\/wp-content\/uploads\/sites\/23\/2026\/04\/rally-dos-sertoes-300x150.jpg",300,150,true],"large":["https:\/\/goias.gov.br\/abc\/wp-content\/uploads\/sites\/23\/2026\/04\/rally-dos-sertoes-1024x511.jpg",1024,511,true],"1536x1536":["https:\/\/goias.gov.br\/abc\/wp-content\/uploads\/sites\/23\/2026\/04\/rally-dos-sertoes.jpg",1200,599,false],"2048x2048":["https:\/\/goias.gov.br\/abc\/wp-content\/uploads\/sites\/23\/2026\/04\/rally-dos-sertoes.jpg",1200,599,false]},"rttpg_author":{"display_name":"paulolicio","author_link":"https:\/\/goias.gov.br\/abc\/author\/paulolicio\/"},"rttpg_comment":0,"rttpg_category":"<a href=\"https:\/\/goias.gov.br\/abc\/categoria\/institucional\/noticias\/\" rel=\"category tag\">Not\u00edcias<\/a>","rttpg_excerpt":"Evento de car\u00e1ter nacional que movimenta equipes, competidores e estruturas de apoio ao longo de mais de 4 mil quil\u00f4metros, o Rally dos Sert\u00f5es de 2026 foi lan\u00e7ado na quinta-feira (24) em Goi\u00e2nia, onde ocorrer\u00e1 a largada e tamb\u00e9m a chegada dos participantes. A prova ser\u00e1 de 22 a 30 de agosto, passando por cidades&hellip;","_links":{"self":[{"href":"https:\/\/goias.gov.br\/abc\/wp-json\/wp\/v2\/posts\/164000","targetHints":{"allow":["GET"]}}],"collection":[{"href":"https:\/\/goias.gov.br\/abc\/wp-json\/wp\/v2\/posts"}],"about":[{"href":"https:\/\/goias.gov.br\/abc\/wp-json\/wp\/v2\/types\/post"}],"author":[{"embeddable":true,"href":"https:\/\/goias.gov.br\/abc\/wp-json\/wp\/v2\/users\/381"}],"replies":[{"embeddable":true,"href":"https:\/\/goias.gov.br\/abc\/wp-json\/wp\/v2\/comments?post=164000"}],"version-history":[{"count":2,"href":"https:\/\/goias.gov.br\/abc\/wp-json\/wp\/v2\/posts\/164000\/revisions"}],"predecessor-version":[{"id":164003,"href":"https:\/\/goias.gov.br\/abc\/wp-json\/wp\/v2\/posts\/164000\/revisions\/164003"}],"wp:featuredmedia":[{"embeddable":true,"href":"https:\/\/goias.gov.br\/abc\/wp-json\/wp\/v2\/media\/164002"}],"wp:attachment":[{"href":"https:\/\/goias.gov.br\/abc\/wp-json\/wp\/v2\/media?parent=164000"}],"wp:term":[{"taxonomy":"category","embeddable":true,"href":"https:\/\/goias.gov.br\/abc\/wp-json\/wp\/v2\/categories?post=164000"},{"taxonomy":"post_tag","embeddable":true,"href":"https:\/\/goias.gov.br\/abc\/wp-json\/wp\/v2\/tags?post=164000"}],"curies":[{"name":"wp","href":"https:\/\/api.w.org\/{rel}","templated":true}]}}