

{"id":163941,"date":"2026-04-22T09:47:06","date_gmt":"2026-04-22T12:47:06","guid":{"rendered":"https:\/\/goias.gov.br\/abc\/?p=163941"},"modified":"2026-04-22T09:47:06","modified_gmt":"2026-04-22T12:47:06","slug":"governo-estadual-vai-subsidiar-preco-do-diesel-em-r-060","status":"publish","type":"post","link":"https:\/\/goias.gov.br\/abc\/governo-estadual-vai-subsidiar-preco-do-diesel-em-r-060\/","title":{"rendered":"Governo estadual vai subsidiar pre\u00e7o do diesel em R$ 0,60"},"content":{"rendered":"\n<p>O governador Daniel Vilela assinou Termo de Ades\u00e3o que insere Goi\u00e1s no Regime Emergencial de Abastecimento de Combust\u00edveis proposto pelo governo federal em decorr\u00eancia da crise no Oriente M\u00e9dio que culminou com a elava\u00e7\u00e3o do pre\u00e7o do petr\u00f3leo, com reflexo principalmente no \u00f3leo diesel, insumo fundamental ao desenvolvimento econ\u00f4mico do estado. Conforme reportagem da TV Brasil Central, a medida prev\u00ea suben\u00e7\u00e3o total de R$ 1,20 no valor do litro do diesel, sendo R$ 0,60 bancado pelo estado e R$ 0,60 pela Uni\u00e3o.<\/p>\n\n\n\n<p>\u201cO aumento do diesel tem ipacto direto na economia goiana, principalmente em rela\u00e7\u00e3o ao agroneg\u00f3cio. O nosso objetivo \u00e9 segurar os pre\u00e7os nas bombas, garantir o abastecimento, manter o equil\u00edbrio fiscal, aliviar o bolso dos consumidores e evitar maiores reflexos na infla\u00e7\u00e3o\u201d, enfatizou o governador Daniel Vilela. Ele adiantou que governo estadual vai usar seus meios para fiscalizar o cumprimento da medida que ter\u00e1 validade nos pr\u00f3ximos dois meses.<\/p>\n\n\n\n<p><strong>ABC Digital<\/strong><\/p>\n","protected":false},"excerpt":{"rendered":"<p>O governador Daniel Vilela assinou Termo de Ades\u00e3o que insere Goi\u00e1s no Regime Emergencial de Abastecimento de Combust\u00edveis proposto pelo governo federal em decorr\u00eancia da crise no Oriente M\u00e9dio que culminou com a elava\u00e7\u00e3o do pre\u00e7o do petr\u00f3leo, com reflexo principalmente no \u00f3leo diesel, insumo fundamental ao desenvolvimento econ\u00f4mico do estado. Conforme reportagem da TV [&hellip;]<\/p>\n","protected":false},"author":381,"featured_media":163943,"comment_status":"closed","ping_status":"open","sticky":false,"template":"","format":"standard","meta":{"footnotes":""},"categories":[39],"tags":[58],"class_list":["post-163941","post","type-post","status-publish","format-standard","has-post-thumbnail","hentry","category-noticias","tag-jornalismo"],"rttpg_featured_image_url":{"full":["https:\/\/goias.gov.br\/abc\/wp-content\/uploads\/sites\/23\/2026\/04\/materia-diesel.jpg",1200,600,false],"landscape":["https:\/\/goias.gov.br\/abc\/wp-content\/uploads\/sites\/23\/2026\/04\/materia-diesel.jpg",1200,600,false],"portraits":["https:\/\/goias.gov.br\/abc\/wp-content\/uploads\/sites\/23\/2026\/04\/materia-diesel.jpg",1200,600,false],"thumbnail":["https:\/\/goias.gov.br\/abc\/wp-content\/uploads\/sites\/23\/2026\/04\/materia-diesel-150x150.jpg",150,150,true],"medium":["https:\/\/goias.gov.br\/abc\/wp-content\/uploads\/sites\/23\/2026\/04\/materia-diesel-300x150.jpg",300,150,true],"large":["https:\/\/goias.gov.br\/abc\/wp-content\/uploads\/sites\/23\/2026\/04\/materia-diesel-1024x512.jpg",1024,512,true],"1536x1536":["https:\/\/goias.gov.br\/abc\/wp-content\/uploads\/sites\/23\/2026\/04\/materia-diesel.jpg",1200,600,false],"2048x2048":["https:\/\/goias.gov.br\/abc\/wp-content\/uploads\/sites\/23\/2026\/04\/materia-diesel.jpg",1200,600,false]},"rttpg_author":{"display_name":"paulolicio","author_link":"https:\/\/goias.gov.br\/abc\/author\/paulolicio\/"},"rttpg_comment":0,"rttpg_category":"<a href=\"https:\/\/goias.gov.br\/abc\/categoria\/institucional\/noticias\/\" rel=\"category tag\">Not\u00edcias<\/a>","rttpg_excerpt":"O governador Daniel Vilela assinou Termo de Ades\u00e3o que insere Goi\u00e1s no Regime Emergencial de Abastecimento de Combust\u00edveis proposto pelo governo federal em decorr\u00eancia da crise no Oriente M\u00e9dio que culminou com a elava\u00e7\u00e3o do pre\u00e7o do petr\u00f3leo, com reflexo principalmente no \u00f3leo diesel, insumo fundamental ao desenvolvimento econ\u00f4mico do estado. Conforme reportagem da TV&hellip;","_links":{"self":[{"href":"https:\/\/goias.gov.br\/abc\/wp-json\/wp\/v2\/posts\/163941","targetHints":{"allow":["GET"]}}],"collection":[{"href":"https:\/\/goias.gov.br\/abc\/wp-json\/wp\/v2\/posts"}],"about":[{"href":"https:\/\/goias.gov.br\/abc\/wp-json\/wp\/v2\/types\/post"}],"author":[{"embeddable":true,"href":"https:\/\/goias.gov.br\/abc\/wp-json\/wp\/v2\/users\/381"}],"replies":[{"embeddable":true,"href":"https:\/\/goias.gov.br\/abc\/wp-json\/wp\/v2\/comments?post=163941"}],"version-history":[{"count":1,"href":"https:\/\/goias.gov.br\/abc\/wp-json\/wp\/v2\/posts\/163941\/revisions"}],"predecessor-version":[{"id":163942,"href":"https:\/\/goias.gov.br\/abc\/wp-json\/wp\/v2\/posts\/163941\/revisions\/163942"}],"wp:featuredmedia":[{"embeddable":true,"href":"https:\/\/goias.gov.br\/abc\/wp-json\/wp\/v2\/media\/163943"}],"wp:attachment":[{"href":"https:\/\/goias.gov.br\/abc\/wp-json\/wp\/v2\/media?parent=163941"}],"wp:term":[{"taxonomy":"category","embeddable":true,"href":"https:\/\/goias.gov.br\/abc\/wp-json\/wp\/v2\/categories?post=163941"},{"taxonomy":"post_tag","embeddable":true,"href":"https:\/\/goias.gov.br\/abc\/wp-json\/wp\/v2\/tags?post=163941"}],"curies":[{"name":"wp","href":"https:\/\/api.w.org\/{rel}","templated":true}]}}