

{"id":16305,"date":"2021-01-11T14:17:15","date_gmt":"2021-01-11T17:17:15","guid":{"rendered":"https:\/\/siteshom.goias.gov.br\/abc\/vereador-leandro-sena-alinha-projetos-e-prioridades-em-sua-atuacao-na-camara\/"},"modified":"2021-01-11T14:17:15","modified_gmt":"2021-01-11T17:17:15","slug":"vereador-leandro-sena-alinha-projetos-e-prioridades-em-sua-atuacao-na-camara","status":"publish","type":"post","link":"https:\/\/goias.gov.br\/abc\/vereador-leandro-sena-alinha-projetos-e-prioridades-em-sua-atuacao-na-camara\/","title":{"rendered":"Vereador Leandro Sena alinha projetos e prioridades em sua atua\u00e7\u00e3o na C\u00e2mara"},"content":{"rendered":"<p>Parlamentar diz que vai implementar o Gabinete Itinerante para ouvir as pessoas nos bairros e buscar solu&ccedil;&otilde;es para os problemas, contribuindo para melhorar a vida da popula&ccedil;&atilde;o<\/p>\n<p><!--more--><\/p>\n<p><iframe frameborder=\"0\" height=\"150\" src=\"https:\/\/castbox.fm\/app\/castbox\/player\/id3400504\/id343884574?v=8.22.11&amp;autoplay=0\" width=\"100%\"><\/iframe><\/p>\n<p>Atuar de forma presente, participativa e din&acirc;mica em contato direto com os cidad&atilde;os de todos os bairros da Capital, ouvindo suas demandas e procurando solucionar os problemas. &Eacute; com essa meta que o vereador Leandro Sena retorna &agrave; C&acirc;mara Municipal de Goi&acirc;nia ap&oacute;s 14 anos, conforme revelou em entrevista hoje, 11, ao programa O Mundo em Sua Casa, das r&aacute;dios Brasil Central AM e RBC FM. &ldquo;Eu minha equipe vamos implementar o Gabinete Itinerante, para estar nos bairros ouvindo a popula&ccedil;&atilde;o nos seus anseios mais leg&iacute;timos e adotando as medidas necess&aacute;rias ao atendimento de suas demandas&rdquo;, assegurou.<\/p>\n<p>Sena reconheceu que Goi&acirc;nia hoje possui problemas diferentes de 14 anos atr&aacute;s, mas disse estar preparado para os debates, principalmente porque n&atilde;o deixou de desenvolver o trabalho social que realiza. &ldquo;Vamos debater muito fortemente as quest&otilde;es da mobilidade urbana e da sa&uacute;de. Uma das minhas prioridades ser&aacute; a cobran&ccedil;a ao cumprimento das leis. No caso do transporte, por exemplo, &eacute; preciso o cumprimento da legisla&ccedil;&atilde;o que determina atendimento diferenciado &agrave;s pessoas portadoras de defici&ecirc;ncias&rdquo;, enfatizou ele.<\/p>\n<p>No campo da Sa&uacute;de, Leandro Sena disse que &eacute; urgente a garantia de atendimento &agrave;s pessoas que aguardam atendimento nas filas, principalmente crian&ccedil;as. Por fim, o vereador disse que atuar&aacute; com humildade, mas com firmeza, atuando de forma determinada e participativa nos debates de todas as principais quest&otilde;es da cidade, como Plano Diretor, melhoria da sa&uacute;de, retomada da economia p&oacute;s-pandemia, gera&ccedil;&atilde;o de emprego e renda, fiscaliza&ccedil;&atilde;o das obras em andamento e outras.<\/p>\n<p><strong>ABC Digital<\/strong><\/p>\n","protected":false},"excerpt":{"rendered":"<p>Parlamentar diz que vai implementar o Gabinete Itinerante para ouvir as pessoas nos bairros e buscar solu&ccedil;&otilde;es para os problemas, contribuindo para melhorar a vida da popula&ccedil;&atilde;o<\/p>\n","protected":false},"author":249,"featured_media":16304,"comment_status":"closed","ping_status":"open","sticky":false,"template":"","format":"standard","meta":{"footnotes":""},"categories":[39],"tags":[],"class_list":["post-16305","post","type-post","status-publish","format-standard","has-post-thumbnail","hentry","category-noticias"],"rttpg_featured_image_url":{"full":["https:\/\/goias.gov.br\/abc\/wp-content\/uploads\/sites\/23\/2021\/01\/1101_OMESC_LEANDRO_SENA_16x9-3b1.png",1280,720,false],"landscape":["https:\/\/goias.gov.br\/abc\/wp-content\/uploads\/sites\/23\/2021\/01\/1101_OMESC_LEANDRO_SENA_16x9-3b1.png",1280,720,false],"portraits":["https:\/\/goias.gov.br\/abc\/wp-content\/uploads\/sites\/23\/2021\/01\/1101_OMESC_LEANDRO_SENA_16x9-3b1.png",1280,720,false],"thumbnail":["https:\/\/goias.gov.br\/abc\/wp-content\/uploads\/sites\/23\/2021\/01\/1101_OMESC_LEANDRO_SENA_16x9-3b1-150x150.png",150,150,true],"medium":["https:\/\/goias.gov.br\/abc\/wp-content\/uploads\/sites\/23\/2021\/01\/1101_OMESC_LEANDRO_SENA_16x9-3b1-300x169.png",300,169,true],"large":["https:\/\/goias.gov.br\/abc\/wp-content\/uploads\/sites\/23\/2021\/01\/1101_OMESC_LEANDRO_SENA_16x9-3b1-1024x576.png",1024,576,true],"1536x1536":["https:\/\/goias.gov.br\/abc\/wp-content\/uploads\/sites\/23\/2021\/01\/1101_OMESC_LEANDRO_SENA_16x9-3b1.png",1280,720,false],"2048x2048":["https:\/\/goias.gov.br\/abc\/wp-content\/uploads\/sites\/23\/2021\/01\/1101_OMESC_LEANDRO_SENA_16x9-3b1.png",1280,720,false]},"rttpg_author":{"display_name":"alessandrobernardes","author_link":"https:\/\/goias.gov.br\/abc\/author\/alessandrobernardes\/"},"rttpg_comment":0,"rttpg_category":"<a href=\"https:\/\/goias.gov.br\/abc\/categoria\/institucional\/noticias\/\" rel=\"category tag\">Not\u00edcias<\/a>","rttpg_excerpt":"Parlamentar diz que vai implementar o Gabinete Itinerante para ouvir as pessoas nos bairros e buscar solu&ccedil;&otilde;es para os problemas, contribuindo para melhorar a vida da popula&ccedil;&atilde;o","_links":{"self":[{"href":"https:\/\/goias.gov.br\/abc\/wp-json\/wp\/v2\/posts\/16305","targetHints":{"allow":["GET"]}}],"collection":[{"href":"https:\/\/goias.gov.br\/abc\/wp-json\/wp\/v2\/posts"}],"about":[{"href":"https:\/\/goias.gov.br\/abc\/wp-json\/wp\/v2\/types\/post"}],"author":[{"embeddable":true,"href":"https:\/\/goias.gov.br\/abc\/wp-json\/wp\/v2\/users\/249"}],"replies":[{"embeddable":true,"href":"https:\/\/goias.gov.br\/abc\/wp-json\/wp\/v2\/comments?post=16305"}],"version-history":[{"count":0,"href":"https:\/\/goias.gov.br\/abc\/wp-json\/wp\/v2\/posts\/16305\/revisions"}],"wp:featuredmedia":[{"embeddable":true,"href":"https:\/\/goias.gov.br\/abc\/wp-json\/wp\/v2\/media\/16304"}],"wp:attachment":[{"href":"https:\/\/goias.gov.br\/abc\/wp-json\/wp\/v2\/media?parent=16305"}],"wp:term":[{"taxonomy":"category","embeddable":true,"href":"https:\/\/goias.gov.br\/abc\/wp-json\/wp\/v2\/categories?post=16305"},{"taxonomy":"post_tag","embeddable":true,"href":"https:\/\/goias.gov.br\/abc\/wp-json\/wp\/v2\/tags?post=16305"}],"curies":[{"name":"wp","href":"https:\/\/api.w.org\/{rel}","templated":true}]}}