

{"id":16186,"date":"2020-12-11T11:37:06","date_gmt":"2020-12-11T14:37:06","guid":{"rendered":"https:\/\/siteshom.goias.gov.br\/abc\/prefeitura-de-goiania-promete-liberar-parte-do-viaduto-da-avenida-jamel-cecilio-ate-o-natal\/"},"modified":"2020-12-11T11:37:06","modified_gmt":"2020-12-11T14:37:06","slug":"prefeitura-de-goiania-promete-liberar-parte-do-viaduto-da-avenida-jamel-cecilio-ate-o-natal","status":"publish","type":"post","link":"https:\/\/goias.gov.br\/abc\/prefeitura-de-goiania-promete-liberar-parte-do-viaduto-da-avenida-jamel-cecilio-ate-o-natal\/","title":{"rendered":"Prefeitura de Goi\u00e2nia promete liberar parte do viaduto da Avenida Jamel Cec\u00edlio at\u00e9 o Natal"},"content":{"rendered":"<p>Secret&aacute;rio Dolzonan Mattos informa que libera&ccedil;&atilde;o das duas pistas da avenida ser&aacute; feita agora, mas finaliza&ccedil;&atilde;o completa da obra fica para 2021<\/p>\n<p><!--more--><\/p>\n<p style=\"text-align: center;\"><iframe frameborder=\"0\" height=\"150\" src=\"https:\/\/castbox.fm\/app\/castbox\/player\/id3400504\/id335356438?v=8.22.11&amp;autoplay=0\" width=\"100%\"><\/iframe><\/p>\n<p>A obra de constru&ccedil;&atilde;o do viaduto da Avenida Jamel Cec&iacute;lio com a Marginal Botafogo, vias de grande tr&aacute;fego em Goi&acirc;nia, completou um ano neste m&ecirc;s, mas a prefeitura promete liberar parte do trecho at&eacute; o pr&oacute;ximo dia 25, feriado de Natal.<\/p>\n<p>Dolzonan Mattos, secret&aacute;rio municipal de Infraestrutura da capital, falou sobre o assunto nesta sexta-feira, 11, ao radiojornal O Mundo Em Sua Casa, das r&aacute;dios Brasil Central AM e RBC FM. Em entrevista aos apresentadores Paulo Henrique Santos e Gil Bonfim, Mattos explicou o atraso na constru&ccedil;&atilde;o e disse que a obra completa do complexo vi&aacute;rio ser&aacute; entregue em abril de 2021.<\/p>\n<p><strong>ABC Digital<\/strong><\/p>\n","protected":false},"excerpt":{"rendered":"<p>Secret&aacute;rio Dolzonan Mattos informa que libera&ccedil;&atilde;o das duas pistas da avenida ser&aacute; feita agora, mas finaliza&ccedil;&atilde;o completa da obra fica para 2021<\/p>\n","protected":false},"author":251,"featured_media":16185,"comment_status":"closed","ping_status":"open","sticky":false,"template":"","format":"standard","meta":{"footnotes":""},"categories":[39],"tags":[],"class_list":["post-16186","post","type-post","status-publish","format-standard","has-post-thumbnail","hentry","category-noticias"],"rttpg_featured_image_url":{"full":["https:\/\/goias.gov.br\/abc\/wp-content\/uploads\/sites\/23\/2020\/12\/1112_OMESC_VIADUTO_16x9-7b9.png",1280,720,false],"landscape":["https:\/\/goias.gov.br\/abc\/wp-content\/uploads\/sites\/23\/2020\/12\/1112_OMESC_VIADUTO_16x9-7b9.png",1280,720,false],"portraits":["https:\/\/goias.gov.br\/abc\/wp-content\/uploads\/sites\/23\/2020\/12\/1112_OMESC_VIADUTO_16x9-7b9.png",1280,720,false],"thumbnail":["https:\/\/goias.gov.br\/abc\/wp-content\/uploads\/sites\/23\/2020\/12\/1112_OMESC_VIADUTO_16x9-7b9-150x150.png",150,150,true],"medium":["https:\/\/goias.gov.br\/abc\/wp-content\/uploads\/sites\/23\/2020\/12\/1112_OMESC_VIADUTO_16x9-7b9-300x169.png",300,169,true],"large":["https:\/\/goias.gov.br\/abc\/wp-content\/uploads\/sites\/23\/2020\/12\/1112_OMESC_VIADUTO_16x9-7b9-1024x576.png",1024,576,true],"1536x1536":["https:\/\/goias.gov.br\/abc\/wp-content\/uploads\/sites\/23\/2020\/12\/1112_OMESC_VIADUTO_16x9-7b9.png",1280,720,false],"2048x2048":["https:\/\/goias.gov.br\/abc\/wp-content\/uploads\/sites\/23\/2020\/12\/1112_OMESC_VIADUTO_16x9-7b9.png",1280,720,false]},"rttpg_author":{"display_name":"eliasdias","author_link":"https:\/\/goias.gov.br\/abc\/author\/eliasdias\/"},"rttpg_comment":0,"rttpg_category":"<a href=\"https:\/\/goias.gov.br\/abc\/categoria\/institucional\/noticias\/\" rel=\"category tag\">Not\u00edcias<\/a>","rttpg_excerpt":"Secret&aacute;rio Dolzonan Mattos informa que libera&ccedil;&atilde;o das duas pistas da avenida ser&aacute; feita agora, mas finaliza&ccedil;&atilde;o completa da obra fica para 2021","_links":{"self":[{"href":"https:\/\/goias.gov.br\/abc\/wp-json\/wp\/v2\/posts\/16186","targetHints":{"allow":["GET"]}}],"collection":[{"href":"https:\/\/goias.gov.br\/abc\/wp-json\/wp\/v2\/posts"}],"about":[{"href":"https:\/\/goias.gov.br\/abc\/wp-json\/wp\/v2\/types\/post"}],"author":[{"embeddable":true,"href":"https:\/\/goias.gov.br\/abc\/wp-json\/wp\/v2\/users\/251"}],"replies":[{"embeddable":true,"href":"https:\/\/goias.gov.br\/abc\/wp-json\/wp\/v2\/comments?post=16186"}],"version-history":[{"count":0,"href":"https:\/\/goias.gov.br\/abc\/wp-json\/wp\/v2\/posts\/16186\/revisions"}],"wp:featuredmedia":[{"embeddable":true,"href":"https:\/\/goias.gov.br\/abc\/wp-json\/wp\/v2\/media\/16185"}],"wp:attachment":[{"href":"https:\/\/goias.gov.br\/abc\/wp-json\/wp\/v2\/media?parent=16186"}],"wp:term":[{"taxonomy":"category","embeddable":true,"href":"https:\/\/goias.gov.br\/abc\/wp-json\/wp\/v2\/categories?post=16186"},{"taxonomy":"post_tag","embeddable":true,"href":"https:\/\/goias.gov.br\/abc\/wp-json\/wp\/v2\/tags?post=16186"}],"curies":[{"name":"wp","href":"https:\/\/api.w.org\/{rel}","templated":true}]}}