

{"id":161722,"date":"2026-04-13T09:00:00","date_gmt":"2026-04-13T12:00:00","guid":{"rendered":"https:\/\/goias.gov.br\/abc\/?p=161722"},"modified":"2026-04-13T09:25:16","modified_gmt":"2026-04-13T12:25:16","slug":"nesta-segunda-omesc-destacou-ocorrencias-tragicas-envolvendo-criancas","status":"publish","type":"post","link":"https:\/\/goias.gov.br\/abc\/nesta-segunda-omesc-destacou-ocorrencias-tragicas-envolvendo-criancas\/","title":{"rendered":"Nesta segunda, Omesc destacou ocorr\u00eancias tr\u00e1gicas envolvendo crian\u00e7as"},"content":{"rendered":"\n<p>Dois casos de trag\u00e9dias envolvendo crian\u00e7as foram mostrados pelo jornal <em>O Mundo em Sua Casa<\/em> (Omesc) nesta segunda-feira (13), apresentado pela jornalista Mariana T\u00e1vora. Um deles trouxe detalhes da morte de uma menina de 11 anos em Itumbiara, ap\u00f3s ficar presa na janela do banheiro no s\u00e1bado (11). A menina j\u00e1 estava sem vida quando os socorristas chegaram ao local. A suspeita \u00e9 que o tamborete em que ela estava tenha escorregado, deixando a menina com a cabe\u00e7a presa ao vitr\u00f4.<\/p>\n\n\n\n<p>O outro caso \u00e9 referente ao um beb\u00ea de 7 meses que teve 30% do corpo queimado durante o banho em um ber\u00e7\u00e1rio em Rio Verde. Les\u00f5es atingiram regi\u00e3o genital e p\u00e9s e foram classificadas como de 2\u00ba grau. O caso aconteceu no primeiro dia em que a m\u00e3e havia retornado ao trabalho ap\u00f3s a licen\u00e7a-maternidade. Ainda sobre ocorr\u00eancias policiais, um homem suspeito de furtar carros elogiou o trabalho da pol\u00edcia realizado com o objetivo de prend\u00ea-lo. O criminoso reconheceu a efici\u00eancia e rapidez das for\u00e7as de seguran\u00e7a de Goi\u00e1s.<\/p>\n\n\n\n<p>No campo da pol\u00edtica, uma nova pesquisa Datafolha sobre as elei\u00e7\u00f5es de 2026 mostrou queda na avalia\u00e7\u00e3o positiva do governo do presidente Luiz In\u00e1cio Lula da Silva. E no campo internacional, a guerra do Ir\u00e3 com Estados Unidos e Israel rende novos cap\u00edtulos. O Ir\u00e3 afirma que vai dar o troco caso os Estados Unidos decidam mesmo fechar o Estreito de Ormuz, medida que j\u00e1 foi anunciada por Donald Trump, presidente americano. A decis\u00e3o norte-americana vem ap\u00f3s fracasso das negocia\u00e7\u00f5es de paz realizados no s\u00e1bado e domingo, na Jord\u00e2nia.<\/p>\n\n\n\n<p><strong>ABC Digital<\/strong><\/p>\n\n\n\n<figure class=\"wp-block-embed aligncenter is-type-video is-provider-youtube wp-block-embed-youtube wp-embed-aspect-4-3 wp-has-aspect-ratio\"><div class=\"wp-block-embed__wrapper\">\n<iframe title=\"| O MUNDO EM SUA CASA | 13\/04\/2026\" width=\"500\" height=\"375\" src=\"https:\/\/www.youtube.com\/embed\/cBmK25FSyJQ?feature=oembed\" frameborder=\"0\" allow=\"accelerometer; autoplay; clipboard-write; encrypted-media; gyroscope; picture-in-picture; web-share\" referrerpolicy=\"strict-origin-when-cross-origin\" allowfullscreen><\/iframe>\n<\/div><\/figure>\n","protected":false},"excerpt":{"rendered":"<p>Dois casos de trag\u00e9dias envolvendo crian\u00e7as foram mostrados pelo jornal O Mundo em Sua Casa (Omesc) nesta segunda-feira (13), apresentado pela jornalista Mariana T\u00e1vora. Um deles trouxe detalhes da morte de uma menina de 11 anos em Itumbiara, ap\u00f3s ficar presa na janela do banheiro no s\u00e1bado (11). A menina j\u00e1 estava sem vida quando [&hellip;]<\/p>\n","protected":false},"author":381,"featured_media":161724,"comment_status":"closed","ping_status":"open","sticky":false,"template":"","format":"standard","meta":{"footnotes":""},"categories":[39],"tags":[57],"class_list":["post-161722","post","type-post","status-publish","format-standard","has-post-thumbnail","hentry","category-noticias","tag-programacao"],"rttpg_featured_image_url":{"full":["https:\/\/goias.gov.br\/abc\/wp-content\/uploads\/sites\/23\/2026\/04\/2026.04.13_OMESC_FECHAMENTO.jpg",1200,600,false],"landscape":["https:\/\/goias.gov.br\/abc\/wp-content\/uploads\/sites\/23\/2026\/04\/2026.04.13_OMESC_FECHAMENTO.jpg",1200,600,false],"portraits":["https:\/\/goias.gov.br\/abc\/wp-content\/uploads\/sites\/23\/2026\/04\/2026.04.13_OMESC_FECHAMENTO.jpg",1200,600,false],"thumbnail":["https:\/\/goias.gov.br\/abc\/wp-content\/uploads\/sites\/23\/2026\/04\/2026.04.13_OMESC_FECHAMENTO-150x150.jpg",150,150,true],"medium":["https:\/\/goias.gov.br\/abc\/wp-content\/uploads\/sites\/23\/2026\/04\/2026.04.13_OMESC_FECHAMENTO-300x150.jpg",300,150,true],"large":["https:\/\/goias.gov.br\/abc\/wp-content\/uploads\/sites\/23\/2026\/04\/2026.04.13_OMESC_FECHAMENTO-1024x512.jpg",1024,512,true],"1536x1536":["https:\/\/goias.gov.br\/abc\/wp-content\/uploads\/sites\/23\/2026\/04\/2026.04.13_OMESC_FECHAMENTO.jpg",1200,600,false],"2048x2048":["https:\/\/goias.gov.br\/abc\/wp-content\/uploads\/sites\/23\/2026\/04\/2026.04.13_OMESC_FECHAMENTO.jpg",1200,600,false]},"rttpg_author":{"display_name":"paulolicio","author_link":"https:\/\/goias.gov.br\/abc\/author\/paulolicio\/"},"rttpg_comment":0,"rttpg_category":"<a href=\"https:\/\/goias.gov.br\/abc\/categoria\/institucional\/noticias\/\" rel=\"category tag\">Not\u00edcias<\/a>","rttpg_excerpt":"Dois casos de trag\u00e9dias envolvendo crian\u00e7as foram mostrados pelo jornal O Mundo em Sua Casa (Omesc) nesta segunda-feira (13), apresentado pela jornalista Mariana T\u00e1vora. Um deles trouxe detalhes da morte de uma menina de 11 anos em Itumbiara, ap\u00f3s ficar presa na janela do banheiro no s\u00e1bado (11). A menina j\u00e1 estava sem vida quando&hellip;","_links":{"self":[{"href":"https:\/\/goias.gov.br\/abc\/wp-json\/wp\/v2\/posts\/161722","targetHints":{"allow":["GET"]}}],"collection":[{"href":"https:\/\/goias.gov.br\/abc\/wp-json\/wp\/v2\/posts"}],"about":[{"href":"https:\/\/goias.gov.br\/abc\/wp-json\/wp\/v2\/types\/post"}],"author":[{"embeddable":true,"href":"https:\/\/goias.gov.br\/abc\/wp-json\/wp\/v2\/users\/381"}],"replies":[{"embeddable":true,"href":"https:\/\/goias.gov.br\/abc\/wp-json\/wp\/v2\/comments?post=161722"}],"version-history":[{"count":1,"href":"https:\/\/goias.gov.br\/abc\/wp-json\/wp\/v2\/posts\/161722\/revisions"}],"predecessor-version":[{"id":161740,"href":"https:\/\/goias.gov.br\/abc\/wp-json\/wp\/v2\/posts\/161722\/revisions\/161740"}],"wp:featuredmedia":[{"embeddable":true,"href":"https:\/\/goias.gov.br\/abc\/wp-json\/wp\/v2\/media\/161724"}],"wp:attachment":[{"href":"https:\/\/goias.gov.br\/abc\/wp-json\/wp\/v2\/media?parent=161722"}],"wp:term":[{"taxonomy":"category","embeddable":true,"href":"https:\/\/goias.gov.br\/abc\/wp-json\/wp\/v2\/categories?post=161722"},{"taxonomy":"post_tag","embeddable":true,"href":"https:\/\/goias.gov.br\/abc\/wp-json\/wp\/v2\/tags?post=161722"}],"curies":[{"name":"wp","href":"https:\/\/api.w.org\/{rel}","templated":true}]}}