

{"id":16164,"date":"2020-12-08T15:46:02","date_gmt":"2020-12-08T18:46:02","guid":{"rendered":"https:\/\/siteshom.goias.gov.br\/abc\/vereadora-eleita-aava-santiago-vai-defender-a-reducao-das-desigualdades-sociais-em-goiania\/"},"modified":"2020-12-08T15:46:02","modified_gmt":"2020-12-08T18:46:02","slug":"vereadora-eleita-aava-santiago-vai-defender-a-reducao-das-desigualdades-sociais-em-goiania","status":"publish","type":"post","link":"https:\/\/goias.gov.br\/abc\/vereadora-eleita-aava-santiago-vai-defender-a-reducao-das-desigualdades-sociais-em-goiania\/","title":{"rendered":"Vereadora eleita, Aava Santiago vai defender a redu\u00e7\u00e3o das desigualdades sociais em Goi\u00e2nia"},"content":{"rendered":"<p>De acordo com ela, quando o poder p&uacute;blico desenvolve pol&iacute;ticas para valoriza&ccedil;&atilde;o da luta das mulheres e da escola p&uacute;blica, atinge toda sociedade e as desigualdades diminuem<\/p>\n<p><!--more--><\/p>\n<p style=\"text-align: center;\"><iframe frameborder=\"0\" height=\"150\" src=\"https:\/\/castbox.fm\/app\/castbox\/player\/id3400504\/id334550016?v=8.22.11&amp;autoplay=0\" width=\"100%\"><\/iframe><\/p>\n<p>&Uacute;nica representante do PSDB na futura legislatura da C&acirc;mara de Goi&acirc;nia, a vereadora Aava Santiago define dois eixos de trabalho para o seu mandato, com foco na redu&ccedil;&atilde;o das desigualdades sociais, o fortalecimento da luta das mulheres e o fortalecimento da escola p&uacute;blica. Ela foi entrevistada hoje, 8\/12, por Gil Bomfim e Paulo Henrique Santos, no programa O Mundo em Sua Casa, das r&aacute;dios Brasil Central AM e RBC FM. Segundo ela, as pesquisas apontam que Goi&acirc;nia &eacute; uma das cidades mais desiguais da Am&eacute;rica Latina e isso foi aprofundado com a pandemia. &ldquo;Precisamos de uma C&acirc;mara conectada com essa realidade t&atilde;o nefasta para dar solu&ccedil;&otilde;es pra isso. A ferramenta que pretendo usar para isso &eacute; o fortalecimento das mulheres, tendo em vista que n&oacute;s fomos as mais demitidas durante a pandemia, mas tamb&eacute;m as que mais se reinventaram&rdquo;, afirmou.<\/p>\n<p>Disse que vai tamb&eacute;m lutar pelo fortalecimento da escola p&uacute;blica, porque o diagn&oacute;stico &ldquo;muito pessimista de que os estudantes da rede p&uacute;blica de Goi&acirc;nia saem muito precarizados desse processo&rdquo;. Para Aava, &ldquo;infelizmente, o munic&iacute;pio n&atilde;o deu conta de dar as solu&ccedil;&otilde;es virtuais que os alunos necessitavam por causa da aus&ecirc;ncia do ambiente escolar&rdquo;. Afirmou ainda que quando se faz pol&iacute;tica p&uacute;blica para as mulheres, isso alcan&ccedil;a toda a sociedade, &ldquo;assim como quando a gente fortalece os n&uacute;cleos da escola p&uacute;blica toda sociedade &eacute; alcan&ccedil;ada&rdquo;.<\/p>\n<p><strong>ABC Digital<\/strong><\/p>\n","protected":false},"excerpt":{"rendered":"<p>De acordo com ela, quando o poder p&uacute;blico desenvolve pol&iacute;ticas para valoriza&ccedil;&atilde;o da luta das mulheres e da escola p&uacute;blica, atinge toda sociedade e as desigualdades diminuem<\/p>\n","protected":false},"author":250,"featured_media":16163,"comment_status":"closed","ping_status":"open","sticky":false,"template":"","format":"standard","meta":{"footnotes":""},"categories":[39],"tags":[],"class_list":["post-16164","post","type-post","status-publish","format-standard","has-post-thumbnail","hentry","category-noticias"],"rttpg_featured_image_url":{"full":["https:\/\/goias.gov.br\/abc\/wp-content\/uploads\/sites\/23\/2020\/12\/0812_OMESC_AAVA_SANTIAGO_16x9-312.png",1280,720,false],"landscape":["https:\/\/goias.gov.br\/abc\/wp-content\/uploads\/sites\/23\/2020\/12\/0812_OMESC_AAVA_SANTIAGO_16x9-312.png",1280,720,false],"portraits":["https:\/\/goias.gov.br\/abc\/wp-content\/uploads\/sites\/23\/2020\/12\/0812_OMESC_AAVA_SANTIAGO_16x9-312.png",1280,720,false],"thumbnail":["https:\/\/goias.gov.br\/abc\/wp-content\/uploads\/sites\/23\/2020\/12\/0812_OMESC_AAVA_SANTIAGO_16x9-312-150x150.png",150,150,true],"medium":["https:\/\/goias.gov.br\/abc\/wp-content\/uploads\/sites\/23\/2020\/12\/0812_OMESC_AAVA_SANTIAGO_16x9-312-300x169.png",300,169,true],"large":["https:\/\/goias.gov.br\/abc\/wp-content\/uploads\/sites\/23\/2020\/12\/0812_OMESC_AAVA_SANTIAGO_16x9-312-1024x576.png",1024,576,true],"1536x1536":["https:\/\/goias.gov.br\/abc\/wp-content\/uploads\/sites\/23\/2020\/12\/0812_OMESC_AAVA_SANTIAGO_16x9-312.png",1280,720,false],"2048x2048":["https:\/\/goias.gov.br\/abc\/wp-content\/uploads\/sites\/23\/2020\/12\/0812_OMESC_AAVA_SANTIAGO_16x9-312.png",1280,720,false]},"rttpg_author":{"display_name":"matheusbernardes","author_link":"https:\/\/goias.gov.br\/abc\/author\/matheusbernardes\/"},"rttpg_comment":0,"rttpg_category":"<a href=\"https:\/\/goias.gov.br\/abc\/categoria\/institucional\/noticias\/\" rel=\"category tag\">Not\u00edcias<\/a>","rttpg_excerpt":"De acordo com ela, quando o poder p&uacute;blico desenvolve pol&iacute;ticas para valoriza&ccedil;&atilde;o da luta das mulheres e da escola p&uacute;blica, atinge toda sociedade e as desigualdades diminuem","_links":{"self":[{"href":"https:\/\/goias.gov.br\/abc\/wp-json\/wp\/v2\/posts\/16164","targetHints":{"allow":["GET"]}}],"collection":[{"href":"https:\/\/goias.gov.br\/abc\/wp-json\/wp\/v2\/posts"}],"about":[{"href":"https:\/\/goias.gov.br\/abc\/wp-json\/wp\/v2\/types\/post"}],"author":[{"embeddable":true,"href":"https:\/\/goias.gov.br\/abc\/wp-json\/wp\/v2\/users\/250"}],"replies":[{"embeddable":true,"href":"https:\/\/goias.gov.br\/abc\/wp-json\/wp\/v2\/comments?post=16164"}],"version-history":[{"count":0,"href":"https:\/\/goias.gov.br\/abc\/wp-json\/wp\/v2\/posts\/16164\/revisions"}],"wp:featuredmedia":[{"embeddable":true,"href":"https:\/\/goias.gov.br\/abc\/wp-json\/wp\/v2\/media\/16163"}],"wp:attachment":[{"href":"https:\/\/goias.gov.br\/abc\/wp-json\/wp\/v2\/media?parent=16164"}],"wp:term":[{"taxonomy":"category","embeddable":true,"href":"https:\/\/goias.gov.br\/abc\/wp-json\/wp\/v2\/categories?post=16164"},{"taxonomy":"post_tag","embeddable":true,"href":"https:\/\/goias.gov.br\/abc\/wp-json\/wp\/v2\/tags?post=16164"}],"curies":[{"name":"wp","href":"https:\/\/api.w.org\/{rel}","templated":true}]}}