

{"id":16111,"date":"2020-12-01T11:40:53","date_gmt":"2020-12-01T14:40:53","guid":{"rendered":"https:\/\/siteshom.goias.gov.br\/abc\/dia-mundial-de-combate-a-aids-curva-da-doenca-ainda-e-ascendente\/"},"modified":"2020-12-01T11:40:53","modified_gmt":"2020-12-01T14:40:53","slug":"dia-mundial-de-combate-a-aids-curva-da-doenca-ainda-e-ascendente","status":"publish","type":"post","link":"https:\/\/goias.gov.br\/abc\/dia-mundial-de-combate-a-aids-curva-da-doenca-ainda-e-ascendente\/","title":{"rendered":"Dia Mundial de Combate \u00e0 Aids: curva da doen\u00e7a ainda \u00e9 ascendente"},"content":{"rendered":"<p>Coordenadora da Secretaria da Sa&uacute;de alerta: n&atilde;o existem mais grupos de risco e sim comportamento de risco; infec&ccedil;&atilde;o avan&ccedil;a entre jovens de 20 a 29 anos de idade<\/p>\n<p><!--more--><\/p>\n<p style=\"text-align: center;\"><iframe allow=\"accelerometer; autoplay; clipboard-write; encrypted-media; gyroscope; picture-in-picture\" allowfullscreen=\"\" frameborder=\"0\" height=\"315\" src=\"https:\/\/www.youtube.com\/embed\/eBa1TSZKKYk\" width=\"560\"><\/iframe><\/p>\n<p>Hoje, 1&ordm; de dezembro, &eacute; comemorado o Dia Mundial de Combate &agrave; Aids. Depois de 30 anos, a doen&ccedil;a ainda n&atilde;o tem cura, mas o tratamento &eacute; bem toler&aacute;vel. O infectado com o v&iacute;rus HIV tem uma vida praticamente normal. E existem ferramentas de preven&ccedil;&atilde;o, como a testagem r&aacute;pida, o uso de preservativo nas rela&ccedil;&otilde;es sexuais e o chamado PrEP (Profilaxia Pr&eacute;-exposi&ccedil;&atilde;o, que consiste na tomada di&aacute;ria de um comprimido que impede que o v&iacute;rus HIV infecte o organismo).<\/p>\n<p>Mas a curva de novos casos de Aids continua ascendente em Goi&aacute;s. Isso &eacute; verificado desde 2004, quando a notifica&ccedil;&atilde;o da doen&ccedil;a se tornou obrigat&oacute;ria. De acordo com a coordenadora das Infec&ccedil;&otilde;es Sexualmente Transmiss&iacute;veis\/Aids da Secretaria de Estado da Sa&uacute;de (SES), Danielle Afonso, &nbsp;s&atilde;o notificados no Estado cerca de 1.600 novos casos por ano, o que d&aacute; uma m&eacute;dia de quatro por dia.<\/p>\n<p>Citou que o p&uacute;blico, geralmente, &eacute; da faixa et&aacute;ria de 20 a 29 anos, uma popula&ccedil;&atilde;o jovem, conectada &agrave; informa&ccedil;&atilde;o. &ldquo;Isso &eacute; preocupante, porque a informa&ccedil;&atilde;o est&aacute; dispon&iacute;vel. E as pessoas, mesmo assim, continuam se infectando&rdquo;, afirmou.<\/p>\n<p>Danielle Afonso concedeu entrevista ao TBC2 nesta segunda-feira, 30, por meio de teleconfer&ecirc;ncia. Ela conversou com os apresentadores Danuza Azevedo e Guilherme Rigonato, Alertou que, no in&iacute;cio da pandemia de Aids, h&aacute; tr&ecirc;s d&eacute;cadas, a cada 20 homens infectados tinha uma mulher infectada. Atualmente, a cada quatro homens com HIV, tem uma mulher infectada.<\/p>\n<h2><strong>Curva do HIV<\/strong><\/h2>\n<p>&ldquo;As mulheres est&atilde;o se expondo mais, n&atilde;o est&atilde;o fazendo o uso correto de preservativo, (e adotando) pr&aacute;ticas sexuais com m&uacute;ltiplas parcerias. Tudo isso leva a aumentar essa curva do HIV em mulheres tamb&eacute;m&rdquo;, afirmou a coordenadora da SES. Conforme ela, n&atilde;o existem mais grupos de risco, existem comportamento de risco.<\/p>\n<p>Daniele falou ainda sobre o teste de Aids feito gratuitamente em todas as unidades de sa&uacute;de, sob demanda. Disse que ele &eacute; sigiloso, altamente confi&aacute;vel e o resultado sai em apenas 20 minutos. Comentou tamb&eacute;m a respeito da op&ccedil;&atilde;o do autoteste de HIV, adotado este ano pelo Minist&eacute;rio da Sa&uacute;de devido &agrave; pandemia da Covid19. Informou que o autoteste de Aids ser&aacute; &nbsp;uma nova &nbsp;tend&ecirc;ncia a partir de 2021. Al&eacute;m do teste r&aacute;pido ofertado nas unidades de sa&uacute;de, vai ter a op&ccedil;&atilde;o para o autoteste, disse.<\/p>\n<p><strong>ABC Digital<\/strong><\/p>\n","protected":false},"excerpt":{"rendered":"<p>Coordenadora da Secretaria da Sa&uacute;de alerta: n&atilde;o existem mais grupos de risco e sim comportamento de risco; infec&ccedil;&atilde;o avan&ccedil;a entre jovens de 20 a 29 anos de idade<\/p>\n","protected":false},"author":247,"featured_media":16110,"comment_status":"closed","ping_status":"open","sticky":false,"template":"","format":"standard","meta":{"footnotes":""},"categories":[39],"tags":[],"class_list":["post-16111","post","type-post","status-publish","format-standard","has-post-thumbnail","hentry","category-noticias"],"rttpg_featured_image_url":{"full":["https:\/\/goias.gov.br\/abc\/wp-content\/uploads\/sites\/23\/2020\/12\/0112_TBC2_AIDS_16x9-ca1.png",1280,720,false],"landscape":["https:\/\/goias.gov.br\/abc\/wp-content\/uploads\/sites\/23\/2020\/12\/0112_TBC2_AIDS_16x9-ca1.png",1280,720,false],"portraits":["https:\/\/goias.gov.br\/abc\/wp-content\/uploads\/sites\/23\/2020\/12\/0112_TBC2_AIDS_16x9-ca1.png",1280,720,false],"thumbnail":["https:\/\/goias.gov.br\/abc\/wp-content\/uploads\/sites\/23\/2020\/12\/0112_TBC2_AIDS_16x9-ca1-150x150.png",150,150,true],"medium":["https:\/\/goias.gov.br\/abc\/wp-content\/uploads\/sites\/23\/2020\/12\/0112_TBC2_AIDS_16x9-ca1-300x169.png",300,169,true],"large":["https:\/\/goias.gov.br\/abc\/wp-content\/uploads\/sites\/23\/2020\/12\/0112_TBC2_AIDS_16x9-ca1-1024x576.png",1024,576,true],"1536x1536":["https:\/\/goias.gov.br\/abc\/wp-content\/uploads\/sites\/23\/2020\/12\/0112_TBC2_AIDS_16x9-ca1.png",1280,720,false],"2048x2048":["https:\/\/goias.gov.br\/abc\/wp-content\/uploads\/sites\/23\/2020\/12\/0112_TBC2_AIDS_16x9-ca1.png",1280,720,false]},"rttpg_author":{"display_name":"lucelialima","author_link":"https:\/\/goias.gov.br\/abc\/author\/lucelialima\/"},"rttpg_comment":0,"rttpg_category":"<a href=\"https:\/\/goias.gov.br\/abc\/categoria\/institucional\/noticias\/\" rel=\"category tag\">Not\u00edcias<\/a>","rttpg_excerpt":"Coordenadora da Secretaria da Sa&uacute;de alerta: n&atilde;o existem mais grupos de risco e sim comportamento de risco; infec&ccedil;&atilde;o avan&ccedil;a entre jovens de 20 a 29 anos de idade","_links":{"self":[{"href":"https:\/\/goias.gov.br\/abc\/wp-json\/wp\/v2\/posts\/16111","targetHints":{"allow":["GET"]}}],"collection":[{"href":"https:\/\/goias.gov.br\/abc\/wp-json\/wp\/v2\/posts"}],"about":[{"href":"https:\/\/goias.gov.br\/abc\/wp-json\/wp\/v2\/types\/post"}],"author":[{"embeddable":true,"href":"https:\/\/goias.gov.br\/abc\/wp-json\/wp\/v2\/users\/247"}],"replies":[{"embeddable":true,"href":"https:\/\/goias.gov.br\/abc\/wp-json\/wp\/v2\/comments?post=16111"}],"version-history":[{"count":0,"href":"https:\/\/goias.gov.br\/abc\/wp-json\/wp\/v2\/posts\/16111\/revisions"}],"wp:featuredmedia":[{"embeddable":true,"href":"https:\/\/goias.gov.br\/abc\/wp-json\/wp\/v2\/media\/16110"}],"wp:attachment":[{"href":"https:\/\/goias.gov.br\/abc\/wp-json\/wp\/v2\/media?parent=16111"}],"wp:term":[{"taxonomy":"category","embeddable":true,"href":"https:\/\/goias.gov.br\/abc\/wp-json\/wp\/v2\/categories?post=16111"},{"taxonomy":"post_tag","embeddable":true,"href":"https:\/\/goias.gov.br\/abc\/wp-json\/wp\/v2\/tags?post=16111"}],"curies":[{"name":"wp","href":"https:\/\/api.w.org\/{rel}","templated":true}]}}