

{"id":16107,"date":"2020-11-30T16:21:33","date_gmt":"2020-11-30T19:21:33","guid":{"rendered":"https:\/\/siteshom.goias.gov.br\/abc\/ex-deputado-estadual-leandro-sena-volta-a-camara-de-goiania\/"},"modified":"2020-11-30T16:21:33","modified_gmt":"2020-11-30T19:21:33","slug":"ex-deputado-estadual-leandro-sena-volta-a-camara-de-goiania","status":"publish","type":"post","link":"https:\/\/goias.gov.br\/abc\/ex-deputado-estadual-leandro-sena-volta-a-camara-de-goiania\/","title":{"rendered":"Ex-deputado estadual, Leandro Sena volta \u00e0 C\u00e2mara de Goi\u00e2nia"},"content":{"rendered":"<p>Vereador eleito falou ao TBC1 e disse que atuar&aacute; por pol&iacute;ticas para a juventude da capital<\/p>\n<p><!--more--><\/p>\n<p style=\"text-align: center;\"><iframe allow=\"accelerometer; autoplay; clipboard-write; encrypted-media; gyroscope; picture-in-picture\" allowfullscreen=\"\" frameborder=\"0\" height=\"315\" src=\"https:\/\/www.youtube.com\/embed\/3KTbwSWCn98\" width=\"560\"><\/iframe><\/p>\n<p>Ex-vereador e ex-deputado estadual, Leandro Sena (Republicanos) voltar&aacute; a ocupar uma cadeira na C&acirc;mara de Vereadores de Goi&acirc;nia em janeiro pr&oacute;ximo. Ele foi eleito no &uacute;ltimo dia 15 e participou nesta segunda-feira, 30, da s&eacute;rie de entrevistas do telejornal TBC1 com os novos vereadores da capital.<\/p>\n<p>Na conversa ao vivo com a apresentadora Eva Taucci no est&uacute;dio da TV Brasil Central, Leandro Sena falou das diferen&ccedil;as entre as disputas eleitorais de que participou. Nos anos 2000, Sena foi eleito vereador e depois deputado estadual. Segundo ele, o fim das coliga&ccedil;&otilde;es partid&aacute;rias para as disputas aos cargos parlamentares levou os partidos a mudarem suas estrat&eacute;gias.<\/p>\n<p>Sobre seu pr&oacute;ximo mandato na C&acirc;mara de Goi&acirc;nia, Leandro Sena disse que vai atuar para que o prefeito eleito Maguito Viela, cujo vice &eacute; do mesmo partido de Sena, cumpra com seu programa de governo, que prev&ecirc;, por exemplo, isen&ccedil;&atilde;o de IPTU para fam&iacute;lias de baixa renda. Sena disse que voltar&aacute; a propor tamb&eacute;m pol&iacute;ticas p&uacute;blicas que beneficiem a juventude da cidade.<\/p>\n<p><strong>ABC Digital <\/strong><\/p>\n<p>&nbsp;<\/p>\n","protected":false},"excerpt":{"rendered":"<p>Vereador eleito falou ao TBC1 e disse que atuar&aacute; por pol&iacute;ticas para a juventude da capital<\/p>\n","protected":false},"author":251,"featured_media":16106,"comment_status":"closed","ping_status":"open","sticky":false,"template":"","format":"standard","meta":{"footnotes":""},"categories":[39],"tags":[],"class_list":["post-16107","post","type-post","status-publish","format-standard","has-post-thumbnail","hentry","category-noticias"],"rttpg_featured_image_url":{"full":["https:\/\/goias.gov.br\/abc\/wp-content\/uploads\/sites\/23\/2020\/11\/3011_TBC1_LEANDRO_SENA_16x9-c61.png",1147,645,false],"landscape":["https:\/\/goias.gov.br\/abc\/wp-content\/uploads\/sites\/23\/2020\/11\/3011_TBC1_LEANDRO_SENA_16x9-c61.png",1147,645,false],"portraits":["https:\/\/goias.gov.br\/abc\/wp-content\/uploads\/sites\/23\/2020\/11\/3011_TBC1_LEANDRO_SENA_16x9-c61.png",1147,645,false],"thumbnail":["https:\/\/goias.gov.br\/abc\/wp-content\/uploads\/sites\/23\/2020\/11\/3011_TBC1_LEANDRO_SENA_16x9-c61-150x150.png",150,150,true],"medium":["https:\/\/goias.gov.br\/abc\/wp-content\/uploads\/sites\/23\/2020\/11\/3011_TBC1_LEANDRO_SENA_16x9-c61-300x169.png",300,169,true],"large":["https:\/\/goias.gov.br\/abc\/wp-content\/uploads\/sites\/23\/2020\/11\/3011_TBC1_LEANDRO_SENA_16x9-c61-1024x576.png",1024,576,true],"1536x1536":["https:\/\/goias.gov.br\/abc\/wp-content\/uploads\/sites\/23\/2020\/11\/3011_TBC1_LEANDRO_SENA_16x9-c61.png",1147,645,false],"2048x2048":["https:\/\/goias.gov.br\/abc\/wp-content\/uploads\/sites\/23\/2020\/11\/3011_TBC1_LEANDRO_SENA_16x9-c61.png",1147,645,false]},"rttpg_author":{"display_name":"eliasdias","author_link":"https:\/\/goias.gov.br\/abc\/author\/eliasdias\/"},"rttpg_comment":0,"rttpg_category":"<a href=\"https:\/\/goias.gov.br\/abc\/categoria\/institucional\/noticias\/\" rel=\"category tag\">Not\u00edcias<\/a>","rttpg_excerpt":"Vereador eleito falou ao TBC1 e disse que atuar&aacute; por pol&iacute;ticas para a juventude da capital","_links":{"self":[{"href":"https:\/\/goias.gov.br\/abc\/wp-json\/wp\/v2\/posts\/16107","targetHints":{"allow":["GET"]}}],"collection":[{"href":"https:\/\/goias.gov.br\/abc\/wp-json\/wp\/v2\/posts"}],"about":[{"href":"https:\/\/goias.gov.br\/abc\/wp-json\/wp\/v2\/types\/post"}],"author":[{"embeddable":true,"href":"https:\/\/goias.gov.br\/abc\/wp-json\/wp\/v2\/users\/251"}],"replies":[{"embeddable":true,"href":"https:\/\/goias.gov.br\/abc\/wp-json\/wp\/v2\/comments?post=16107"}],"version-history":[{"count":0,"href":"https:\/\/goias.gov.br\/abc\/wp-json\/wp\/v2\/posts\/16107\/revisions"}],"wp:featuredmedia":[{"embeddable":true,"href":"https:\/\/goias.gov.br\/abc\/wp-json\/wp\/v2\/media\/16106"}],"wp:attachment":[{"href":"https:\/\/goias.gov.br\/abc\/wp-json\/wp\/v2\/media?parent=16107"}],"wp:term":[{"taxonomy":"category","embeddable":true,"href":"https:\/\/goias.gov.br\/abc\/wp-json\/wp\/v2\/categories?post=16107"},{"taxonomy":"post_tag","embeddable":true,"href":"https:\/\/goias.gov.br\/abc\/wp-json\/wp\/v2\/tags?post=16107"}],"curies":[{"name":"wp","href":"https:\/\/api.w.org\/{rel}","templated":true}]}}