

{"id":160825,"date":"2026-04-08T15:00:00","date_gmt":"2026-04-08T18:00:00","guid":{"rendered":"https:\/\/goias.gov.br\/abc\/?p=160825"},"modified":"2026-04-09T09:08:06","modified_gmt":"2026-04-09T12:08:06","slug":"operacao-pascoa-da-policia-penal-reforcou-seguranca-nos-presidios","status":"publish","type":"post","link":"https:\/\/goias.gov.br\/abc\/operacao-pascoa-da-policia-penal-reforcou-seguranca-nos-presidios\/","title":{"rendered":"Opera\u00e7\u00e3o P\u00e1scoa da Pol\u00edcia Penal refor\u00e7ou seguran\u00e7a nos pres\u00eddios"},"content":{"rendered":"\n<p>Durante o \u00faltimo feriado da Semana Santa, a Pol\u00edcia Penal de Goi\u00e1s realizou uma opera\u00e7\u00e3o especial de inspe\u00e7\u00e3o e varreduras nas celas e detentos de nove pres\u00eddios do estado. O objetivo da Opera\u00e7\u00e3o P\u00e1scoa foi garantir a ordem e seguran\u00e7a das unidades, buscando recolher celulares e outros equipamentos n\u00e3o autorizados.<\/p>\n\n\n\n<p>Em entrevista no est\u00fadio do <em>Jornal Brasil Central<\/em>, o diretor da Pol\u00edcia Penal, Josimar Pires, afirmou que a opera\u00e7\u00e3o n\u00e3o detectou nenhum il\u00edcito nas unidades, o que demonstra que o trabalho de seguran\u00e7a realizado no dia a dia dos pres\u00eddios tem sido bem feito. Segundo ele, a opera\u00e7\u00e3o envolveu cerca de 200 servidores da Pol\u00edcia Penal, entre policiais e agentes administrativos.<\/p>\n\n\n\n<p><strong>ABC Digital<\/strong><\/p>\n\n\n\n<figure class=\"wp-block-embed aligncenter is-type-video is-provider-youtube wp-block-embed-youtube wp-embed-aspect-16-9 wp-has-aspect-ratio\"><div class=\"wp-block-embed__wrapper\">\n<iframe title=\"Jornal Brasil Central |08-04-26| Opera\u00e7\u00e3o P\u00e1scoa refor\u00e7a Seguran\u00e7a nos Pres\u00eddios\" width=\"500\" height=\"281\" src=\"https:\/\/www.youtube.com\/embed\/pELX3bOUgB4?feature=oembed\" frameborder=\"0\" allow=\"accelerometer; autoplay; clipboard-write; encrypted-media; gyroscope; picture-in-picture; web-share\" referrerpolicy=\"strict-origin-when-cross-origin\" allowfullscreen><\/iframe>\n<\/div><\/figure>\n","protected":false},"excerpt":{"rendered":"<p>Durante o \u00faltimo feriado da Semana Santa, a Pol\u00edcia Penal de Goi\u00e1s realizou uma opera\u00e7\u00e3o especial de inspe\u00e7\u00e3o e varreduras nas celas e detentos de nove pres\u00eddios do estado. O objetivo da Opera\u00e7\u00e3o P\u00e1scoa foi garantir a ordem e seguran\u00e7a das unidades, buscando recolher celulares e outros equipamentos n\u00e3o autorizados. Em entrevista no est\u00fadio do [&hellip;]<\/p>\n","protected":false},"author":377,"featured_media":160859,"comment_status":"closed","ping_status":"open","sticky":false,"template":"","format":"standard","meta":{"footnotes":""},"categories":[39],"tags":[58],"class_list":["post-160825","post","type-post","status-publish","format-standard","has-post-thumbnail","hentry","category-noticias","tag-jornalismo"],"rttpg_featured_image_url":{"full":["https:\/\/goias.gov.br\/abc\/wp-content\/uploads\/sites\/23\/2026\/04\/2026.04.08_JBC_PENAL.jpg",1200,600,false],"landscape":["https:\/\/goias.gov.br\/abc\/wp-content\/uploads\/sites\/23\/2026\/04\/2026.04.08_JBC_PENAL.jpg",1200,600,false],"portraits":["https:\/\/goias.gov.br\/abc\/wp-content\/uploads\/sites\/23\/2026\/04\/2026.04.08_JBC_PENAL.jpg",1200,600,false],"thumbnail":["https:\/\/goias.gov.br\/abc\/wp-content\/uploads\/sites\/23\/2026\/04\/2026.04.08_JBC_PENAL-150x150.jpg",150,150,true],"medium":["https:\/\/goias.gov.br\/abc\/wp-content\/uploads\/sites\/23\/2026\/04\/2026.04.08_JBC_PENAL-300x150.jpg",300,150,true],"large":["https:\/\/goias.gov.br\/abc\/wp-content\/uploads\/sites\/23\/2026\/04\/2026.04.08_JBC_PENAL-1024x512.jpg",1024,512,true],"1536x1536":["https:\/\/goias.gov.br\/abc\/wp-content\/uploads\/sites\/23\/2026\/04\/2026.04.08_JBC_PENAL.jpg",1200,600,false],"2048x2048":["https:\/\/goias.gov.br\/abc\/wp-content\/uploads\/sites\/23\/2026\/04\/2026.04.08_JBC_PENAL.jpg",1200,600,false]},"rttpg_author":{"display_name":"edsonfonseca","author_link":"https:\/\/goias.gov.br\/abc\/author\/edsonfonseca\/"},"rttpg_comment":0,"rttpg_category":"<a href=\"https:\/\/goias.gov.br\/abc\/categoria\/institucional\/noticias\/\" rel=\"category tag\">Not\u00edcias<\/a>","rttpg_excerpt":"Durante o \u00faltimo feriado da Semana Santa, a Pol\u00edcia Penal de Goi\u00e1s realizou uma opera\u00e7\u00e3o especial de inspe\u00e7\u00e3o e varreduras nas celas e detentos de nove pres\u00eddios do estado. O objetivo da Opera\u00e7\u00e3o P\u00e1scoa foi garantir a ordem e seguran\u00e7a das unidades, buscando recolher celulares e outros equipamentos n\u00e3o autorizados. Em entrevista no est\u00fadio do&hellip;","_links":{"self":[{"href":"https:\/\/goias.gov.br\/abc\/wp-json\/wp\/v2\/posts\/160825","targetHints":{"allow":["GET"]}}],"collection":[{"href":"https:\/\/goias.gov.br\/abc\/wp-json\/wp\/v2\/posts"}],"about":[{"href":"https:\/\/goias.gov.br\/abc\/wp-json\/wp\/v2\/types\/post"}],"author":[{"embeddable":true,"href":"https:\/\/goias.gov.br\/abc\/wp-json\/wp\/v2\/users\/377"}],"replies":[{"embeddable":true,"href":"https:\/\/goias.gov.br\/abc\/wp-json\/wp\/v2\/comments?post=160825"}],"version-history":[{"count":2,"href":"https:\/\/goias.gov.br\/abc\/wp-json\/wp\/v2\/posts\/160825\/revisions"}],"predecessor-version":[{"id":160887,"href":"https:\/\/goias.gov.br\/abc\/wp-json\/wp\/v2\/posts\/160825\/revisions\/160887"}],"wp:featuredmedia":[{"embeddable":true,"href":"https:\/\/goias.gov.br\/abc\/wp-json\/wp\/v2\/media\/160859"}],"wp:attachment":[{"href":"https:\/\/goias.gov.br\/abc\/wp-json\/wp\/v2\/media?parent=160825"}],"wp:term":[{"taxonomy":"category","embeddable":true,"href":"https:\/\/goias.gov.br\/abc\/wp-json\/wp\/v2\/categories?post=160825"},{"taxonomy":"post_tag","embeddable":true,"href":"https:\/\/goias.gov.br\/abc\/wp-json\/wp\/v2\/tags?post=160825"}],"curies":[{"name":"wp","href":"https:\/\/api.w.org\/{rel}","templated":true}]}}