

{"id":160423,"date":"2026-04-07T14:45:00","date_gmt":"2026-04-07T17:45:00","guid":{"rendered":"https:\/\/goias.gov.br\/abc\/?p=160423"},"modified":"2026-04-07T14:57:40","modified_gmt":"2026-04-07T17:57:40","slug":"jbc-acompanhou-abertura-da-23a-edicao-da-tecnoshow-comigo","status":"publish","type":"post","link":"https:\/\/goias.gov.br\/abc\/jbc-acompanhou-abertura-da-23a-edicao-da-tecnoshow-comigo\/","title":{"rendered":"JBC acompanhou abertura da 23\u00aa edi\u00e7\u00e3o da Tecnoshow Comigo"},"content":{"rendered":"\n<p>O governador Daniel Vilela, acompanhado da primeira-dama Iara Vilela, participou, nessa ter\u00e7a-feira (7) e o <em>Jornal Brasil Central<\/em> (JBC) acompanhou, da abertura da 23\u00aa edi\u00e7\u00e3o da Tecnoshow Comigo em Rio Verde, focando no tema \u201cO Agro Conecta\u201d, com expectativa de receber mais de 140 mil visitantes, que poder\u00e3o acompanhar as novidades apresentadas pelos 700 expositores. Daniel passeou pela feira, descerrou a placa inaugurando a duplica\u00e7\u00e3o da GO-174 e instalou os poderes na cidade. O governador disse que quer implementar ainda mais essa rela\u00e7\u00e3o com o agroneg\u00f3cio, porque a economia do estado \u00e9 muito dependente do bom resultado do setor.<\/p>\n\n\n\n<p>Presidente da Cooperativa Comigo, Antonio Chavaglia disse que alimenta a expectativa da realiza\u00e7\u00e3o de muitos neg\u00f3cios, para compensar os investimentos que os empres\u00e1rios fizeram para estar na feira. O prefeito Wellingnton Carrijo falou que a expectativa \u00e9 grande, com a cidade muito movimentada e a rede hoteleira com 100% de ocupa\u00e7\u00e3o, e garantiu seguran\u00e7a p\u00fablica, vi\u00e1ria e boas condi\u00e7\u00f5es de atendimento de sa\u00fade<\/p>\n\n\n\n<p><strong>ABC Digital<\/strong><\/p>\n\n\n\n<figure class=\"wp-block-embed aligncenter is-type-video is-provider-youtube wp-block-embed-youtube wp-embed-aspect-16-9 wp-has-aspect-ratio\"><div class=\"wp-block-embed__wrapper\">\n<iframe title=\"Jornal Brasil Central |07-04-26| Tecnoshow 2026 espera receber mais de 140 mil Visitantes\" width=\"500\" height=\"281\" src=\"https:\/\/www.youtube.com\/embed\/FhB-v9F_LE0?feature=oembed\" frameborder=\"0\" allow=\"accelerometer; autoplay; clipboard-write; encrypted-media; gyroscope; picture-in-picture; web-share\" referrerpolicy=\"strict-origin-when-cross-origin\" allowfullscreen><\/iframe>\n<\/div><\/figure>\n","protected":false},"excerpt":{"rendered":"<p>O governador Daniel Vilela, acompanhado da primeira-dama Iara Vilela, participou, nessa ter\u00e7a-feira (7) e o Jornal Brasil Central (JBC) acompanhou, da abertura da 23\u00aa edi\u00e7\u00e3o da Tecnoshow Comigo em Rio Verde, focando no tema \u201cO Agro Conecta\u201d, com expectativa de receber mais de 140 mil visitantes, que poder\u00e3o acompanhar as novidades apresentadas pelos 700 expositores. [&hellip;]<\/p>\n","protected":false},"author":378,"featured_media":160434,"comment_status":"closed","ping_status":"open","sticky":false,"template":"","format":"standard","meta":{"footnotes":""},"categories":[39],"tags":[58],"class_list":["post-160423","post","type-post","status-publish","format-standard","has-post-thumbnail","hentry","category-noticias","tag-jornalismo"],"rttpg_featured_image_url":{"full":["https:\/\/goias.gov.br\/abc\/wp-content\/uploads\/sites\/23\/2026\/04\/2026.04.07_JBC_TECNOSHOW.jpg",1200,600,false],"landscape":["https:\/\/goias.gov.br\/abc\/wp-content\/uploads\/sites\/23\/2026\/04\/2026.04.07_JBC_TECNOSHOW.jpg",1200,600,false],"portraits":["https:\/\/goias.gov.br\/abc\/wp-content\/uploads\/sites\/23\/2026\/04\/2026.04.07_JBC_TECNOSHOW.jpg",1200,600,false],"thumbnail":["https:\/\/goias.gov.br\/abc\/wp-content\/uploads\/sites\/23\/2026\/04\/2026.04.07_JBC_TECNOSHOW-150x150.jpg",150,150,true],"medium":["https:\/\/goias.gov.br\/abc\/wp-content\/uploads\/sites\/23\/2026\/04\/2026.04.07_JBC_TECNOSHOW-300x150.jpg",300,150,true],"large":["https:\/\/goias.gov.br\/abc\/wp-content\/uploads\/sites\/23\/2026\/04\/2026.04.07_JBC_TECNOSHOW-1024x512.jpg",1024,512,true],"1536x1536":["https:\/\/goias.gov.br\/abc\/wp-content\/uploads\/sites\/23\/2026\/04\/2026.04.07_JBC_TECNOSHOW.jpg",1200,600,false],"2048x2048":["https:\/\/goias.gov.br\/abc\/wp-content\/uploads\/sites\/23\/2026\/04\/2026.04.07_JBC_TECNOSHOW.jpg",1200,600,false]},"rttpg_author":{"display_name":"helvertonsilva","author_link":"https:\/\/goias.gov.br\/abc\/author\/helvertonsilva\/"},"rttpg_comment":0,"rttpg_category":"<a href=\"https:\/\/goias.gov.br\/abc\/categoria\/institucional\/noticias\/\" rel=\"category tag\">Not\u00edcias<\/a>","rttpg_excerpt":"O governador Daniel Vilela, acompanhado da primeira-dama Iara Vilela, participou, nessa ter\u00e7a-feira (7) e o Jornal Brasil Central (JBC) acompanhou, da abertura da 23\u00aa edi\u00e7\u00e3o da Tecnoshow Comigo em Rio Verde, focando no tema \u201cO Agro Conecta\u201d, com expectativa de receber mais de 140 mil visitantes, que poder\u00e3o acompanhar as novidades apresentadas pelos 700 expositores.&hellip;","_links":{"self":[{"href":"https:\/\/goias.gov.br\/abc\/wp-json\/wp\/v2\/posts\/160423","targetHints":{"allow":["GET"]}}],"collection":[{"href":"https:\/\/goias.gov.br\/abc\/wp-json\/wp\/v2\/posts"}],"about":[{"href":"https:\/\/goias.gov.br\/abc\/wp-json\/wp\/v2\/types\/post"}],"author":[{"embeddable":true,"href":"https:\/\/goias.gov.br\/abc\/wp-json\/wp\/v2\/users\/378"}],"replies":[{"embeddable":true,"href":"https:\/\/goias.gov.br\/abc\/wp-json\/wp\/v2\/comments?post=160423"}],"version-history":[{"count":1,"href":"https:\/\/goias.gov.br\/abc\/wp-json\/wp\/v2\/posts\/160423\/revisions"}],"predecessor-version":[{"id":160437,"href":"https:\/\/goias.gov.br\/abc\/wp-json\/wp\/v2\/posts\/160423\/revisions\/160437"}],"wp:featuredmedia":[{"embeddable":true,"href":"https:\/\/goias.gov.br\/abc\/wp-json\/wp\/v2\/media\/160434"}],"wp:attachment":[{"href":"https:\/\/goias.gov.br\/abc\/wp-json\/wp\/v2\/media?parent=160423"}],"wp:term":[{"taxonomy":"category","embeddable":true,"href":"https:\/\/goias.gov.br\/abc\/wp-json\/wp\/v2\/categories?post=160423"},{"taxonomy":"post_tag","embeddable":true,"href":"https:\/\/goias.gov.br\/abc\/wp-json\/wp\/v2\/tags?post=160423"}],"curies":[{"name":"wp","href":"https:\/\/api.w.org\/{rel}","templated":true}]}}