

{"id":160133,"date":"2026-04-06T09:00:00","date_gmt":"2026-04-06T12:00:00","guid":{"rendered":"https:\/\/goias.gov.br\/abc\/?p=160133"},"modified":"2026-04-06T09:46:56","modified_gmt":"2026-04-06T12:46:56","slug":"omesc-destaca-celebracoes-religiosas-da-pascoa","status":"publish","type":"post","link":"https:\/\/goias.gov.br\/abc\/omesc-destaca-celebracoes-religiosas-da-pascoa\/","title":{"rendered":"Omesc destaca celebra\u00e7\u00f5es religiosas da P\u00e1scoa"},"content":{"rendered":"\n<p>Considerada a festa mais importante do cristianismo, a P\u00e1scoa foi comemorada no domingo (5) por diversos segmentos religiosos. As principais atividades festivas foram registradas em igrejas cat\u00f3licas tradicionais, como na Catedral Metropolitana de Goi\u00e2nia e no Santu\u00e1rio Bas\u00edlica do Divino Pai Eterno em Trindade. O assunto foi um dos principais destaques do programa <em>O Mundo em Sua Casa<\/em> (Omesc) desta segunda-feira (6), apresentado pela jornalista Izabella Mendes.<\/p>\n\n\n\n<p>O programa mostrou tamb\u00e9m a casa do escritor Bernado \u00c9lis, que foi transformada em museu e agora passou por completa reforma. O im\u00f3vel fica no Jardim Am\u00e9rica, em Goi\u00e2nia. Nascido em 1915, ele foi advogado, professor, poeta, contista e romancista, sendo o \u00fanico goiano a ocupar uma cadeira na Academia Brasileira de Letras. A casa, constru\u00edda em 1974, abriga a sede do Instituto Cultural e Educacional Bernardo \u00c9lis Para os Povos do Cerrado. Outra not\u00edcia mostrada pelo Omesc foi relacionada a mais um caso de afogamento em Goi\u00e1s, desta vez no lago de Serra da Mesa. Os bombeiros seguem fazendo buscas da jovem que se afogou durante uma pescaria.<\/p>\n\n\n\n<p>O Omesc focalizou tamb\u00e9m as viagens da primeira-dama do Pa\u00eds, Janja da Silva, que segundo levantamento aponta que ela j\u00e1 viajou por 170 dias desde a posse do presidente Lula, em janeiro de 2023. Na pol\u00edtica internacional, o destaque foi relacionado \u00e0s amea\u00e7as de Donald Trump ao Ir\u00e3, de que poder\u00e1 assumir o controle do petr\u00f3leo na regi\u00e3o caso n\u00e3o haja um acordo sobre a regulariza\u00e7\u00e3o da passagem dos navios pelo canal de Ormuz at\u00e9 ter\u00e7a-feira (7).<\/p>\n\n\n\n<p><strong>ABC Digital<\/strong><\/p>\n\n\n\n<figure class=\"wp-block-embed is-type-video is-provider-youtube wp-block-embed-youtube wp-embed-aspect-4-3 wp-has-aspect-ratio\"><div class=\"wp-block-embed__wrapper\">\n<iframe title=\"TRUMP ACIRRA TENS\u00d5ES E AMEA\u00c7A CONTROLE DO PETR\u00d3LEO NO IR\u00c3 COM PRAZO AT\u00c9 AMANH\u00c3 | 06\/04\/2026\" width=\"500\" height=\"375\" src=\"https:\/\/www.youtube.com\/embed\/yB2GybCD-_0?feature=oembed\" frameborder=\"0\" allow=\"accelerometer; autoplay; clipboard-write; encrypted-media; gyroscope; picture-in-picture; web-share\" referrerpolicy=\"strict-origin-when-cross-origin\" allowfullscreen><\/iframe>\n<\/div><\/figure>\n","protected":false},"excerpt":{"rendered":"<p>Considerada a festa mais importante do cristianismo, a P\u00e1scoa foi comemorada no domingo (5) por diversos segmentos religiosos. As principais atividades festivas foram registradas em igrejas cat\u00f3licas tradicionais, como na Catedral Metropolitana de Goi\u00e2nia e no Santu\u00e1rio Bas\u00edlica do Divino Pai Eterno em Trindade. O assunto foi um dos principais destaques do programa O Mundo [&hellip;]<\/p>\n","protected":false},"author":381,"featured_media":160141,"comment_status":"closed","ping_status":"open","sticky":false,"template":"","format":"standard","meta":{"footnotes":""},"categories":[39],"tags":[57],"class_list":["post-160133","post","type-post","status-publish","format-standard","has-post-thumbnail","hentry","category-noticias","tag-programacao"],"rttpg_featured_image_url":{"full":["https:\/\/goias.gov.br\/abc\/wp-content\/uploads\/sites\/23\/2026\/04\/2026.04.06_OMESC_FECHAMENTO.jpg",1200,600,false],"landscape":["https:\/\/goias.gov.br\/abc\/wp-content\/uploads\/sites\/23\/2026\/04\/2026.04.06_OMESC_FECHAMENTO.jpg",1200,600,false],"portraits":["https:\/\/goias.gov.br\/abc\/wp-content\/uploads\/sites\/23\/2026\/04\/2026.04.06_OMESC_FECHAMENTO.jpg",1200,600,false],"thumbnail":["https:\/\/goias.gov.br\/abc\/wp-content\/uploads\/sites\/23\/2026\/04\/2026.04.06_OMESC_FECHAMENTO-150x150.jpg",150,150,true],"medium":["https:\/\/goias.gov.br\/abc\/wp-content\/uploads\/sites\/23\/2026\/04\/2026.04.06_OMESC_FECHAMENTO-300x150.jpg",300,150,true],"large":["https:\/\/goias.gov.br\/abc\/wp-content\/uploads\/sites\/23\/2026\/04\/2026.04.06_OMESC_FECHAMENTO-1024x512.jpg",1024,512,true],"1536x1536":["https:\/\/goias.gov.br\/abc\/wp-content\/uploads\/sites\/23\/2026\/04\/2026.04.06_OMESC_FECHAMENTO.jpg",1200,600,false],"2048x2048":["https:\/\/goias.gov.br\/abc\/wp-content\/uploads\/sites\/23\/2026\/04\/2026.04.06_OMESC_FECHAMENTO.jpg",1200,600,false]},"rttpg_author":{"display_name":"paulolicio","author_link":"https:\/\/goias.gov.br\/abc\/author\/paulolicio\/"},"rttpg_comment":0,"rttpg_category":"<a href=\"https:\/\/goias.gov.br\/abc\/categoria\/institucional\/noticias\/\" rel=\"category tag\">Not\u00edcias<\/a>","rttpg_excerpt":"Considerada a festa mais importante do cristianismo, a P\u00e1scoa foi comemorada no domingo (5) por diversos segmentos religiosos. As principais atividades festivas foram registradas em igrejas cat\u00f3licas tradicionais, como na Catedral Metropolitana de Goi\u00e2nia e no Santu\u00e1rio Bas\u00edlica do Divino Pai Eterno em Trindade. O assunto foi um dos principais destaques do programa O Mundo&hellip;","_links":{"self":[{"href":"https:\/\/goias.gov.br\/abc\/wp-json\/wp\/v2\/posts\/160133","targetHints":{"allow":["GET"]}}],"collection":[{"href":"https:\/\/goias.gov.br\/abc\/wp-json\/wp\/v2\/posts"}],"about":[{"href":"https:\/\/goias.gov.br\/abc\/wp-json\/wp\/v2\/types\/post"}],"author":[{"embeddable":true,"href":"https:\/\/goias.gov.br\/abc\/wp-json\/wp\/v2\/users\/381"}],"replies":[{"embeddable":true,"href":"https:\/\/goias.gov.br\/abc\/wp-json\/wp\/v2\/comments?post=160133"}],"version-history":[{"count":2,"href":"https:\/\/goias.gov.br\/abc\/wp-json\/wp\/v2\/posts\/160133\/revisions"}],"predecessor-version":[{"id":160163,"href":"https:\/\/goias.gov.br\/abc\/wp-json\/wp\/v2\/posts\/160133\/revisions\/160163"}],"wp:featuredmedia":[{"embeddable":true,"href":"https:\/\/goias.gov.br\/abc\/wp-json\/wp\/v2\/media\/160141"}],"wp:attachment":[{"href":"https:\/\/goias.gov.br\/abc\/wp-json\/wp\/v2\/media?parent=160133"}],"wp:term":[{"taxonomy":"category","embeddable":true,"href":"https:\/\/goias.gov.br\/abc\/wp-json\/wp\/v2\/categories?post=160133"},{"taxonomy":"post_tag","embeddable":true,"href":"https:\/\/goias.gov.br\/abc\/wp-json\/wp\/v2\/tags?post=160133"}],"curies":[{"name":"wp","href":"https:\/\/api.w.org\/{rel}","templated":true}]}}