

{"id":15822,"date":"2020-10-27T17:44:13","date_gmt":"2020-10-27T20:44:13","guid":{"rendered":"https:\/\/siteshom.goias.gov.br\/abc\/jornalista-cassio-neves-estreia-com-eva-taucci-apresentando-o-tbc-1\/"},"modified":"2020-10-27T17:44:13","modified_gmt":"2020-10-27T20:44:13","slug":"jornalista-cassio-neves-estreia-com-eva-taucci-apresentando-o-tbc-1","status":"publish","type":"post","link":"https:\/\/goias.gov.br\/abc\/jornalista-cassio-neves-estreia-com-eva-taucci-apresentando-o-tbc-1\/","title":{"rendered":"TBC 1 agora tem C\u00e1ssio Neves e Eva Taucci na apresenta\u00e7\u00e3o"},"content":{"rendered":"<p><img fetchpriority=\"high\" decoding=\"async\" class=\" size-full wp-image-15821\" src=\"https:\/\/goias.gov.br\/abc\/wp-content\/uploads\/sites\/23\/2020\/10\/2710_ESTREIA_CASSIO_16x9-12e.png\" alt=\"\" width=\"1280\" height=\"720\" srcset=\"https:\/\/goias.gov.br\/abc\/wp-content\/uploads\/sites\/23\/2020\/10\/2710_ESTREIA_CASSIO_16x9-12e.png 1280w, https:\/\/goias.gov.br\/abc\/wp-content\/uploads\/sites\/23\/2020\/10\/2710_ESTREIA_CASSIO_16x9-12e-300x169.png 300w, https:\/\/goias.gov.br\/abc\/wp-content\/uploads\/sites\/23\/2020\/10\/2710_ESTREIA_CASSIO_16x9-12e-1024x576.png 1024w, https:\/\/goias.gov.br\/abc\/wp-content\/uploads\/sites\/23\/2020\/10\/2710_ESTREIA_CASSIO_16x9-12e-768x432.png 768w\" sizes=\"(max-width: 1280px) 100vw, 1280px\" \/><\/p>\n<p>Ele j&aacute; apresentava em dupla o TBC 1 aos s&aacute;bados e agora assume esse novo formato diariamente<\/p>\n<p><!--more--><\/p>\n<p>O jornalista C&aacute;ssio Neves, que apresentava em dupla, aos s&aacute;bados, o telejornal TBC 1, da TV Brasil Central, iniciou hoje (27) em conjunto, com a jornalista Eva Taucci, na apresenta&ccedil;&atilde;o di&aacute;ria do TBC1. A apresenta&ccedil;&atilde;o em dupla integra a din&acirc;mica que a nova dire&ccedil;&atilde;o da TBC est&aacute; implantando em seus telejornais. Presidente da autarquia, Reginaldo J&uacute;nior diz que a Ag&ecirc;ncia Brasil Central (ABC) est&aacute; mudando &ldquo;para melhor&rdquo;, com propostas &ldquo;para ampliar e valorizar nossa grade de programa&ccedil;&atilde;o na TV e nas r&aacute;dios&rdquo;.<\/p>\n<p>Sobre a participa&ccedil;&atilde;o do C&aacute;ssio, afirma que &eacute; um jornalista que est&aacute; sendo aproveitado na reportagem e na apresenta&ccedil;&atilde;o, porque j&aacute; demonstrou requisitos para tal. &ldquo;At&eacute; o fim de 2020 a nossa programa&ccedil;&atilde;o vai crescer muito mais e n&oacute;s da ABC, com o apoio do Governador Ronaldo Caiado, vamos ter muito mais novidades&rdquo;, complementa, mostrando que essa din&acirc;mica veio para ficar e ser&aacute; cada vez mais implementada na programa&ccedil;&atilde;o dos ve&iacute;culos da Ag&ecirc;ncia Brasil Central.<\/p>\n<h2>Refor&ccedil;o<\/h2>\n<p>Colega de bancada, Eva Taucci observa que est&aacute; gostando desse aumento da programa&ccedil;&atilde;o jornal&iacute;stica na grade da TV Brasil Central, &ldquo;porque s&oacute; refor&ccedil;a nossos compromissos enquanto TV P&uacute;blica de sempre levar informa&ccedil;&atilde;o s&eacute;ria e de qualidade para o nosso telespectador&rdquo;. Para ela, quanto mais informa&ccedil;&atilde;o de qualidade a TBC puder passar aos telespectadores &ldquo;a gente est&aacute; cumprindo nosso papel de comunicadores sociais&rdquo;.<\/p>\n<p>Afirma que dividir a bancada com o C&aacute;ssio &ldquo;&eacute; uma alegria, porque ele, antes de mais nada, &eacute; meu amigo, &eacute; um jornalista super competente e vem agregar em nosso trabalho na televis&atilde;o&rdquo;. Na opini&atilde;o de Eva, ele traz caracter&iacute;sticas pr&oacute;prias e soma muito. &ldquo;O time de jornalistas da TV fica mais completo e ganha com a chegada do C&aacute;ssio. Sinto-me privilegiada e feliz de poder dividir esse espa&ccedil;o da bancada na estreia dele. Tenho certeza que essa parceria ser&aacute; incr&iacute;vel e vai trazer muito sucesso para n&oacute;s e ser&aacute; muito valorosa enquanto profissionais e, sem d&uacute;vida, vai agregar bastante para a TV Brasil Central&rdquo;, sentencia.<\/p>\n<p>C&aacute;ssio, por sua vez, diz que a expectativa dele &eacute; a de que muito mais pessoas continuem se conectando e se informando com a TV Brasil Central. &ldquo;Para mim, &eacute; uma grata satisfa&ccedil;&atilde;o integrar o time de jornalistas da ABC. Estar &agrave; frente do TBC 1 &eacute; motivo de orgulho, porque chego com a responsabilidade de continuar levando o conte&uacute;do de qualidade que aqueles que assistiam &agrave; TBC j&aacute; estavam acostumados a ver&rdquo;, observa, acrescentando que tem sentido o apoio do p&uacute;blico por meio dos coment&aacute;rios que chegam pelas redes sociais e principalmente da participa&ccedil;&atilde;o pelo Whatsapp.&nbsp;<\/p>\n<p>&ldquo;Estou realmente vivendo um momento muito feliz da minha carreira com tamanha receptividade que tenho recebido tanto do p&uacute;blico quanto dos amigos e colegas&rdquo;, arremata. C&aacute;ssio come&ccedil;ou sua carreira no Di&aacute;rio da Manh&atilde;, ainda quando estava na faculdade, indo depois para a Fecom&eacute;rcio Goi&aacute;s, onde atuou como estagi&aacute;rio e depois seguiu por oito anos na assessoria de comunica&ccedil;&atilde;o da entidade. Passou tamb&eacute;m por outras duas emissoras de TV, pelo Portal Dia Online e, por &uacute;ltimo, antes de ir para a TBC, trabalhou como assessor de um deputado estadual.<\/p>\n<p>O TBC Not&iacute;cias 1 &eacute; veiculado de segunda a s&aacute;bado das 12 &agrave;s 13 horas. O telespectador pode acompanha-lo pelos canais 13.1 da TV aberta, 313 na Sky e 520 da Net. Tamb&eacute;m ocorrem transmiss&otilde;es ao vivo pelo Facebook da TV Brasil Central.<\/p>\n<p>&nbsp;<\/p>\n<p><strong>ABC Digital<\/strong><\/p>\n","protected":false},"excerpt":{"rendered":"<p>Ele j&aacute; apresentava em dupla o TBC 1 aos s&aacute;bados e agora assume esse novo formato diariamente<\/p>\n","protected":false},"author":250,"featured_media":15821,"comment_status":"closed","ping_status":"open","sticky":false,"template":"","format":"standard","meta":{"footnotes":""},"categories":[39],"tags":[],"class_list":["post-15822","post","type-post","status-publish","format-standard","has-post-thumbnail","hentry","category-noticias"],"rttpg_featured_image_url":{"full":["https:\/\/goias.gov.br\/abc\/wp-content\/uploads\/sites\/23\/2020\/10\/2710_ESTREIA_CASSIO_16x9-12e.png",1280,720,false],"landscape":["https:\/\/goias.gov.br\/abc\/wp-content\/uploads\/sites\/23\/2020\/10\/2710_ESTREIA_CASSIO_16x9-12e.png",1280,720,false],"portraits":["https:\/\/goias.gov.br\/abc\/wp-content\/uploads\/sites\/23\/2020\/10\/2710_ESTREIA_CASSIO_16x9-12e.png",1280,720,false],"thumbnail":["https:\/\/goias.gov.br\/abc\/wp-content\/uploads\/sites\/23\/2020\/10\/2710_ESTREIA_CASSIO_16x9-12e-150x150.png",150,150,true],"medium":["https:\/\/goias.gov.br\/abc\/wp-content\/uploads\/sites\/23\/2020\/10\/2710_ESTREIA_CASSIO_16x9-12e-300x169.png",300,169,true],"large":["https:\/\/goias.gov.br\/abc\/wp-content\/uploads\/sites\/23\/2020\/10\/2710_ESTREIA_CASSIO_16x9-12e-1024x576.png",1024,576,true],"1536x1536":["https:\/\/goias.gov.br\/abc\/wp-content\/uploads\/sites\/23\/2020\/10\/2710_ESTREIA_CASSIO_16x9-12e.png",1280,720,false],"2048x2048":["https:\/\/goias.gov.br\/abc\/wp-content\/uploads\/sites\/23\/2020\/10\/2710_ESTREIA_CASSIO_16x9-12e.png",1280,720,false]},"rttpg_author":{"display_name":"matheusbernardes","author_link":"https:\/\/goias.gov.br\/abc\/author\/matheusbernardes\/"},"rttpg_comment":0,"rttpg_category":"<a href=\"https:\/\/goias.gov.br\/abc\/categoria\/institucional\/noticias\/\" rel=\"category tag\">Not\u00edcias<\/a>","rttpg_excerpt":"Ele j&aacute; apresentava em dupla o TBC 1 aos s&aacute;bados e agora assume esse novo formato diariamente","_links":{"self":[{"href":"https:\/\/goias.gov.br\/abc\/wp-json\/wp\/v2\/posts\/15822","targetHints":{"allow":["GET"]}}],"collection":[{"href":"https:\/\/goias.gov.br\/abc\/wp-json\/wp\/v2\/posts"}],"about":[{"href":"https:\/\/goias.gov.br\/abc\/wp-json\/wp\/v2\/types\/post"}],"author":[{"embeddable":true,"href":"https:\/\/goias.gov.br\/abc\/wp-json\/wp\/v2\/users\/250"}],"replies":[{"embeddable":true,"href":"https:\/\/goias.gov.br\/abc\/wp-json\/wp\/v2\/comments?post=15822"}],"version-history":[{"count":0,"href":"https:\/\/goias.gov.br\/abc\/wp-json\/wp\/v2\/posts\/15822\/revisions"}],"wp:featuredmedia":[{"embeddable":true,"href":"https:\/\/goias.gov.br\/abc\/wp-json\/wp\/v2\/media\/15821"}],"wp:attachment":[{"href":"https:\/\/goias.gov.br\/abc\/wp-json\/wp\/v2\/media?parent=15822"}],"wp:term":[{"taxonomy":"category","embeddable":true,"href":"https:\/\/goias.gov.br\/abc\/wp-json\/wp\/v2\/categories?post=15822"},{"taxonomy":"post_tag","embeddable":true,"href":"https:\/\/goias.gov.br\/abc\/wp-json\/wp\/v2\/tags?post=15822"}],"curies":[{"name":"wp","href":"https:\/\/api.w.org\/{rel}","templated":true}]}}