

{"id":158105,"date":"2026-03-17T15:30:00","date_gmt":"2026-03-17T18:30:00","guid":{"rendered":"https:\/\/goias.gov.br\/abc\/?p=158105"},"modified":"2026-03-23T15:53:50","modified_gmt":"2026-03-23T18:53:50","slug":"moto-gp-tera-esquema-especial-da-seguranca-publica","status":"publish","type":"post","link":"https:\/\/goias.gov.br\/abc\/moto-gp-tera-esquema-especial-da-seguranca-publica\/","title":{"rendered":"Moto GP ter\u00e1 esquema especial da seguran\u00e7a p\u00fablica"},"content":{"rendered":"\n<p>Assim como a Secretaria de Estado da Sa\u00fade (SES) prepara um esquema especial de atendimento ao p\u00fablico, a Secretaria de Estado da Seguran\u00e7a P\u00fablica (SSP) tamb\u00e9m ter\u00e1 o seu para apoiar o p\u00fablico presente ao Grande Pr\u00eamio de Motociclismo (Moto GP), que acontece neste fim de semana em Goi\u00e2nia. A pasta vai ampliar atendimento especializado tanto dentro do Aut\u00f3dromo Internacional Ayrton Senna quanto nas imedia\u00e7\u00f5es e \u00e1reas de shows vinculados ao evento.<\/p>\n\n\n\n<p>O <em>Jornal Brasil Central<\/em> desta ter\u00e7a-feira (17) recebeu no est\u00fadio o delegado-geral da Pol\u00edcia Civil, Andr\u00e9 Ganga, para falar do assunto. Ele detalhou as a\u00e7\u00f5es preparadas, que inclui a instala\u00e7\u00e3o de cont\u00eaineres dentro do aut\u00f3dromo para abrigar equipes da pol\u00edcia que far\u00e3o os registros de pequenos incidentes, como perda de documentos e furto de celular. Na parte de fora, haver\u00e1 a Central de Flagrantes ao lado do aut\u00f3dromo para ocorr\u00eancias mais graves. Al\u00e9m disso, o delegado informou a amplia\u00e7\u00e3o do policiamento nas \u00e1reas dos shows do evento, que ser\u00e3o realizados na Pra\u00e7a C\u00edvica e no est\u00e1dio Serra Dourada.<\/p>\n\n\n\n<p><strong>ABC Digital<\/strong><\/p>\n\n\n\n<figure class=\"wp-block-embed aligncenter is-type-video is-provider-youtube wp-block-embed-youtube wp-embed-aspect-16-9 wp-has-aspect-ratio\"><div class=\"wp-block-embed__wrapper\">\n<iframe title=\"Jornal Brasil Central |17-03-26| Moto GP Ter\u00e1 esquema de Seguran\u00e7a para o P\u00fablico\" width=\"500\" height=\"281\" src=\"https:\/\/www.youtube.com\/embed\/Hj4YNet1jEI?feature=oembed\" frameborder=\"0\" allow=\"accelerometer; autoplay; clipboard-write; encrypted-media; gyroscope; picture-in-picture; web-share\" referrerpolicy=\"strict-origin-when-cross-origin\" allowfullscreen><\/iframe>\n<\/div><\/figure>\n","protected":false},"excerpt":{"rendered":"<p>Assim como a Secretaria de Estado da Sa\u00fade (SES) prepara um esquema especial de atendimento ao p\u00fablico, a Secretaria de Estado da Seguran\u00e7a P\u00fablica (SSP) tamb\u00e9m ter\u00e1 o seu para apoiar o p\u00fablico presente ao Grande Pr\u00eamio de Motociclismo (Moto GP), que acontece neste fim de semana em Goi\u00e2nia. A pasta vai ampliar atendimento especializado [&hellip;]<\/p>\n","protected":false},"author":377,"featured_media":158106,"comment_status":"closed","ping_status":"open","sticky":false,"template":"","format":"standard","meta":{"footnotes":""},"categories":[39],"tags":[58],"class_list":["post-158105","post","type-post","status-publish","format-standard","has-post-thumbnail","hentry","category-noticias","tag-jornalismo"],"rttpg_featured_image_url":{"full":["https:\/\/goias.gov.br\/abc\/wp-content\/uploads\/sites\/23\/2026\/03\/2026.03.17_JBC_MOTOGP.jpg",1200,600,false],"landscape":["https:\/\/goias.gov.br\/abc\/wp-content\/uploads\/sites\/23\/2026\/03\/2026.03.17_JBC_MOTOGP.jpg",1200,600,false],"portraits":["https:\/\/goias.gov.br\/abc\/wp-content\/uploads\/sites\/23\/2026\/03\/2026.03.17_JBC_MOTOGP.jpg",1200,600,false],"thumbnail":["https:\/\/goias.gov.br\/abc\/wp-content\/uploads\/sites\/23\/2026\/03\/2026.03.17_JBC_MOTOGP-150x150.jpg",150,150,true],"medium":["https:\/\/goias.gov.br\/abc\/wp-content\/uploads\/sites\/23\/2026\/03\/2026.03.17_JBC_MOTOGP-300x150.jpg",300,150,true],"large":["https:\/\/goias.gov.br\/abc\/wp-content\/uploads\/sites\/23\/2026\/03\/2026.03.17_JBC_MOTOGP-1024x512.jpg",1024,512,true],"1536x1536":["https:\/\/goias.gov.br\/abc\/wp-content\/uploads\/sites\/23\/2026\/03\/2026.03.17_JBC_MOTOGP.jpg",1200,600,false],"2048x2048":["https:\/\/goias.gov.br\/abc\/wp-content\/uploads\/sites\/23\/2026\/03\/2026.03.17_JBC_MOTOGP.jpg",1200,600,false]},"rttpg_author":{"display_name":"edsonfonseca","author_link":"https:\/\/goias.gov.br\/abc\/author\/edsonfonseca\/"},"rttpg_comment":0,"rttpg_category":"<a href=\"https:\/\/goias.gov.br\/abc\/categoria\/institucional\/noticias\/\" rel=\"category tag\">Not\u00edcias<\/a>","rttpg_excerpt":"Assim como a Secretaria de Estado da Sa\u00fade (SES) prepara um esquema especial de atendimento ao p\u00fablico, a Secretaria de Estado da Seguran\u00e7a P\u00fablica (SSP) tamb\u00e9m ter\u00e1 o seu para apoiar o p\u00fablico presente ao Grande Pr\u00eamio de Motociclismo (Moto GP), que acontece neste fim de semana em Goi\u00e2nia. A pasta vai ampliar atendimento especializado&hellip;","_links":{"self":[{"href":"https:\/\/goias.gov.br\/abc\/wp-json\/wp\/v2\/posts\/158105","targetHints":{"allow":["GET"]}}],"collection":[{"href":"https:\/\/goias.gov.br\/abc\/wp-json\/wp\/v2\/posts"}],"about":[{"href":"https:\/\/goias.gov.br\/abc\/wp-json\/wp\/v2\/types\/post"}],"author":[{"embeddable":true,"href":"https:\/\/goias.gov.br\/abc\/wp-json\/wp\/v2\/users\/377"}],"replies":[{"embeddable":true,"href":"https:\/\/goias.gov.br\/abc\/wp-json\/wp\/v2\/comments?post=158105"}],"version-history":[{"count":1,"href":"https:\/\/goias.gov.br\/abc\/wp-json\/wp\/v2\/posts\/158105\/revisions"}],"predecessor-version":[{"id":158107,"href":"https:\/\/goias.gov.br\/abc\/wp-json\/wp\/v2\/posts\/158105\/revisions\/158107"}],"wp:featuredmedia":[{"embeddable":true,"href":"https:\/\/goias.gov.br\/abc\/wp-json\/wp\/v2\/media\/158106"}],"wp:attachment":[{"href":"https:\/\/goias.gov.br\/abc\/wp-json\/wp\/v2\/media?parent=158105"}],"wp:term":[{"taxonomy":"category","embeddable":true,"href":"https:\/\/goias.gov.br\/abc\/wp-json\/wp\/v2\/categories?post=158105"},{"taxonomy":"post_tag","embeddable":true,"href":"https:\/\/goias.gov.br\/abc\/wp-json\/wp\/v2\/tags?post=158105"}],"curies":[{"name":"wp","href":"https:\/\/api.w.org\/{rel}","templated":true}]}}