

{"id":156885,"date":"2026-03-11T15:30:00","date_gmt":"2026-03-11T18:30:00","guid":{"rendered":"https:\/\/goias.gov.br\/abc\/?p=156885"},"modified":"2026-03-11T18:21:11","modified_gmt":"2026-03-11T21:21:11","slug":"governo-realiza-evento-nacional-de-inovacao-no-setor-publico","status":"publish","type":"post","link":"https:\/\/goias.gov.br\/abc\/governo-realiza-evento-nacional-de-inovacao-no-setor-publico\/","title":{"rendered":"Governo realiza evento nacional de inova\u00e7\u00e3o no setor p\u00fablico"},"content":{"rendered":"\n<p>Numa iniciativa conjunta de duas secretarias, o governo de Goi\u00e1s realiza at\u00e9 sexta-feira (13) em Goi\u00e2nia um grande evento de inova\u00e7\u00e3o no servi\u00e7o p\u00fablico. Realizado no Hub Goi\u00e1s e Teatro Basileu Fran\u00e7a, o encontro chamado de \u201cConverg\u00eancia \u2013 Inova\u00e7\u00e3o P\u00fablica e Conex\u00e3o Humana\u201d re\u00fane especialistas nacionais e internacionais para debater casos e propostas de ado\u00e7\u00e3o de tecnologias de inova\u00e7\u00e3o na administra\u00e7\u00e3o p\u00fablica.<\/p>\n\n\n\n<p>Equipe de reportagem do Jornal Brasil Central acompanhou a abertura do evento, entrevistando participantes de \u00f3rg\u00e3os federais e os secret\u00e1rios estaduais Jos\u00e9 Frederico Lyra, da Secti, e Adriano da Rocha Lima, da Secretaria-Geral de Governo (SGG), correalizadores do evento. Eles destacaram a import\u00e2ncia que a atual gest\u00e3o d\u00e1 ao tema, com investimentos em novas tecnologias e capacita\u00e7\u00e3o de servidores.<\/p>\n\n\n\n<p><strong>ABC Digital<\/strong><\/p>\n\n\n\n<figure class=\"wp-block-embed aligncenter is-type-video is-provider-youtube wp-block-embed-youtube wp-embed-aspect-16-9 wp-has-aspect-ratio\"><div class=\"wp-block-embed__wrapper\">\n<iframe title=\"Jornal Brasil Central |11-03-26| Governo de Goi\u00e1s realiza Feira de Inova\u00e7\u00e3o no Setor Publico\" width=\"500\" height=\"281\" src=\"https:\/\/www.youtube.com\/embed\/tcPx_zk0SA4?feature=oembed\" frameborder=\"0\" allow=\"accelerometer; autoplay; clipboard-write; encrypted-media; gyroscope; picture-in-picture; web-share\" referrerpolicy=\"strict-origin-when-cross-origin\" allowfullscreen><\/iframe>\n<\/div><\/figure>\n","protected":false},"excerpt":{"rendered":"<p>Numa iniciativa conjunta de duas secretarias, o governo de Goi\u00e1s realiza at\u00e9 sexta-feira (13) em Goi\u00e2nia um grande evento de inova\u00e7\u00e3o no servi\u00e7o p\u00fablico. Realizado no Hub Goi\u00e1s e Teatro Basileu Fran\u00e7a, o encontro chamado de \u201cConverg\u00eancia \u2013 Inova\u00e7\u00e3o P\u00fablica e Conex\u00e3o Humana\u201d re\u00fane especialistas nacionais e internacionais para debater casos e propostas de ado\u00e7\u00e3o [&hellip;]<\/p>\n","protected":false},"author":377,"featured_media":156796,"comment_status":"closed","ping_status":"open","sticky":false,"template":"","format":"standard","meta":{"footnotes":""},"categories":[39],"tags":[58],"class_list":["post-156885","post","type-post","status-publish","format-standard","has-post-thumbnail","hentry","category-noticias","tag-jornalismo"],"rttpg_featured_image_url":{"full":["https:\/\/goias.gov.br\/abc\/wp-content\/uploads\/sites\/23\/2026\/03\/2026.03.11_JBC_CONVERGENCIA.jpg",1200,600,false],"landscape":["https:\/\/goias.gov.br\/abc\/wp-content\/uploads\/sites\/23\/2026\/03\/2026.03.11_JBC_CONVERGENCIA.jpg",1200,600,false],"portraits":["https:\/\/goias.gov.br\/abc\/wp-content\/uploads\/sites\/23\/2026\/03\/2026.03.11_JBC_CONVERGENCIA.jpg",1200,600,false],"thumbnail":["https:\/\/goias.gov.br\/abc\/wp-content\/uploads\/sites\/23\/2026\/03\/2026.03.11_JBC_CONVERGENCIA-150x150.jpg",150,150,true],"medium":["https:\/\/goias.gov.br\/abc\/wp-content\/uploads\/sites\/23\/2026\/03\/2026.03.11_JBC_CONVERGENCIA-300x150.jpg",300,150,true],"large":["https:\/\/goias.gov.br\/abc\/wp-content\/uploads\/sites\/23\/2026\/03\/2026.03.11_JBC_CONVERGENCIA-1024x512.jpg",1024,512,true],"1536x1536":["https:\/\/goias.gov.br\/abc\/wp-content\/uploads\/sites\/23\/2026\/03\/2026.03.11_JBC_CONVERGENCIA.jpg",1200,600,false],"2048x2048":["https:\/\/goias.gov.br\/abc\/wp-content\/uploads\/sites\/23\/2026\/03\/2026.03.11_JBC_CONVERGENCIA.jpg",1200,600,false]},"rttpg_author":{"display_name":"edsonfonseca","author_link":"https:\/\/goias.gov.br\/abc\/author\/edsonfonseca\/"},"rttpg_comment":0,"rttpg_category":"<a href=\"https:\/\/goias.gov.br\/abc\/categoria\/institucional\/noticias\/\" rel=\"category tag\">Not\u00edcias<\/a>","rttpg_excerpt":"Numa iniciativa conjunta de duas secretarias, o governo de Goi\u00e1s realiza at\u00e9 sexta-feira (13) em Goi\u00e2nia um grande evento de inova\u00e7\u00e3o no servi\u00e7o p\u00fablico. Realizado no Hub Goi\u00e1s e Teatro Basileu Fran\u00e7a, o encontro chamado de \u201cConverg\u00eancia \u2013 Inova\u00e7\u00e3o P\u00fablica e Conex\u00e3o Humana\u201d re\u00fane especialistas nacionais e internacionais para debater casos e propostas de ado\u00e7\u00e3o&hellip;","_links":{"self":[{"href":"https:\/\/goias.gov.br\/abc\/wp-json\/wp\/v2\/posts\/156885","targetHints":{"allow":["GET"]}}],"collection":[{"href":"https:\/\/goias.gov.br\/abc\/wp-json\/wp\/v2\/posts"}],"about":[{"href":"https:\/\/goias.gov.br\/abc\/wp-json\/wp\/v2\/types\/post"}],"author":[{"embeddable":true,"href":"https:\/\/goias.gov.br\/abc\/wp-json\/wp\/v2\/users\/377"}],"replies":[{"embeddable":true,"href":"https:\/\/goias.gov.br\/abc\/wp-json\/wp\/v2\/comments?post=156885"}],"version-history":[{"count":1,"href":"https:\/\/goias.gov.br\/abc\/wp-json\/wp\/v2\/posts\/156885\/revisions"}],"predecessor-version":[{"id":156903,"href":"https:\/\/goias.gov.br\/abc\/wp-json\/wp\/v2\/posts\/156885\/revisions\/156903"}],"wp:featuredmedia":[{"embeddable":true,"href":"https:\/\/goias.gov.br\/abc\/wp-json\/wp\/v2\/media\/156796"}],"wp:attachment":[{"href":"https:\/\/goias.gov.br\/abc\/wp-json\/wp\/v2\/media?parent=156885"}],"wp:term":[{"taxonomy":"category","embeddable":true,"href":"https:\/\/goias.gov.br\/abc\/wp-json\/wp\/v2\/categories?post=156885"},{"taxonomy":"post_tag","embeddable":true,"href":"https:\/\/goias.gov.br\/abc\/wp-json\/wp\/v2\/tags?post=156885"}],"curies":[{"name":"wp","href":"https:\/\/api.w.org\/{rel}","templated":true}]}}