

{"id":156325,"date":"2026-03-11T08:00:00","date_gmt":"2026-03-11T11:00:00","guid":{"rendered":"https:\/\/goias.gov.br\/abc\/?p=156325"},"modified":"2026-03-11T09:05:45","modified_gmt":"2026-03-11T12:05:45","slug":"final-do-goianao-2026-movimenta-o-boa-noite","status":"publish","type":"post","link":"https:\/\/goias.gov.br\/abc\/final-do-goianao-2026-movimenta-o-boa-noite\/","title":{"rendered":"Final do Goian\u00e3o 2026 movimenta o Boa Noite"},"content":{"rendered":"\n<p>A expectativa para a decis\u00e3o do Campeonato Goiano dominou o debate do <em>Boa Noite<\/em> na ter\u00e7a-feira (10). O programa discutiu o tema \u201cFinal Goian\u00e3o 2026: quem ser\u00e1 o campe\u00e3o?\u201d e recebeu os comentaristas esportivos Evandro Gomes e Jos\u00e9 Carlos Lopes para analisar o confronto entre Goi\u00e1s e Atl\u00e9tico Goianiense, marcado para domingo (15). Al\u00e9m do futebol, os convidados tamb\u00e9m comentaram assuntos pol\u00edticos e o cen\u00e1rio nacional, tradi\u00e7\u00e3o mantida pela bancada do programa.<\/p>\n\n\n\n<p>Jos\u00e9 Carlos Lopes avaliou o desempenho das equipes ao longo da competi\u00e7\u00e3o e apontou favoritismo esmeraldino ap\u00f3s o primeiro jogo da decis\u00e3o. \u201cO Goi\u00e1s jogou o melhor futebol at\u00e9 as quartas de final. Depois, passou um susto na semifinal. O Atl\u00e9tico melhorou nas quartas de final e na semifinal. Quando o Atl\u00e9tico passou pelo Vila Nova, pensei: o campe\u00e3o chegou. Mas, o Goi\u00e1s jogou como campe\u00e3o o primeiro jogo da final. Pra mim, \u00e9 do Goi\u00e1s o t\u00edtulo\u201d, afirmou. J\u00e1 Evandro Gomes destacou o cen\u00e1rio da partida decisiva, especialmente por ser disputada no est\u00e1dio da Serrinha. \u201cDepois da vit\u00f3ria do Goi\u00e1s sobre o Atl\u00e9tico. Algu\u00e9m pode dizer que o Atl\u00e9tico pode reverter? Poder, pode\u2026 no futebol tudo \u00e9 poss\u00edvel. Agora o cen\u00e1rio \u00e9 pior para o Atl\u00e9tico, que vai jogar na Serrinha, lotada. N\u00e3o tem como segurar\u201d, disse.<\/p>\n\n\n\n<p>Os comentaristas tamb\u00e9m falaram sobre escala\u00e7\u00f5es, treinadores e arbitragem para o confronto decisivo e tamb\u00e9m ao longo de todo do campeonato. Evandro Gomes ainda mencionou uma curiosidade envolvendo o Goi\u00e1s, que conquistou t\u00edtulos estaduais em anos terminados com o n\u00famero seis: em 1966, 1976, 1986, 1996, 2006 e 2016. Durante o programa, os comentaristas tamb\u00e9m lembraram que as transmiss\u00f5es do Campeonato Goiano pela TV Brasil Central tiveram in\u00edcio em 2023. Eles tamb\u00e9m destacaram que, no domingo, <a href=\"https:\/\/goias.gov.br\/abc\/brasil-central-transmite-a-finalissima-do-goianao-entre-goias-e-atletico\/\">a transmiss\u00e3o ter\u00e1 in\u00edcio \u00e0s 13h, tr\u00eas horas antes da partida, com a exibi\u00e7\u00e3o do pr\u00e9-jogo, e seguir\u00e1 por mais uma hora ap\u00f3s o t\u00e9rmino do confronto.<\/a><\/p>\n\n\n\n<p><strong>ABC Digital<\/strong><\/p>\n\n\n\n<figure class=\"wp-block-embed aligncenter is-type-video is-provider-youtube wp-block-embed-youtube wp-embed-aspect-4-3 wp-has-aspect-ratio\"><div class=\"wp-block-embed__wrapper\">\n<iframe title=\"FINAL GOIAN\u00c3O 2026:QUEM SER\u00c1 O CAMPE\u00c3O? | BOA NOITE | 10\/03\/2026\" width=\"500\" height=\"375\" src=\"https:\/\/www.youtube.com\/embed\/UHFsVd6p3Hc?feature=oembed\" frameborder=\"0\" allow=\"accelerometer; autoplay; clipboard-write; encrypted-media; gyroscope; picture-in-picture; web-share\" referrerpolicy=\"strict-origin-when-cross-origin\" allowfullscreen><\/iframe>\n<\/div><\/figure>\n","protected":false},"excerpt":{"rendered":"<p>A expectativa para a decis\u00e3o do Campeonato Goiano dominou o debate do Boa Noite na ter\u00e7a-feira (10). O programa discutiu o tema \u201cFinal Goian\u00e3o 2026: quem ser\u00e1 o campe\u00e3o?\u201d e recebeu os comentaristas esportivos Evandro Gomes e Jos\u00e9 Carlos Lopes para analisar o confronto entre Goi\u00e1s e Atl\u00e9tico Goianiense, marcado para domingo (15). Al\u00e9m do [&hellip;]<\/p>\n","protected":false},"author":380,"featured_media":156327,"comment_status":"closed","ping_status":"open","sticky":false,"template":"","format":"standard","meta":{"footnotes":""},"categories":[39],"tags":[57],"class_list":["post-156325","post","type-post","status-publish","format-standard","has-post-thumbnail","hentry","category-noticias","tag-programacao"],"rttpg_featured_image_url":{"full":["https:\/\/goias.gov.br\/abc\/wp-content\/uploads\/sites\/23\/2026\/03\/10.03_BNG_EVANDRO_LOPES.jpg",1200,600,false],"landscape":["https:\/\/goias.gov.br\/abc\/wp-content\/uploads\/sites\/23\/2026\/03\/10.03_BNG_EVANDRO_LOPES.jpg",1200,600,false],"portraits":["https:\/\/goias.gov.br\/abc\/wp-content\/uploads\/sites\/23\/2026\/03\/10.03_BNG_EVANDRO_LOPES.jpg",1200,600,false],"thumbnail":["https:\/\/goias.gov.br\/abc\/wp-content\/uploads\/sites\/23\/2026\/03\/10.03_BNG_EVANDRO_LOPES-150x150.jpg",150,150,true],"medium":["https:\/\/goias.gov.br\/abc\/wp-content\/uploads\/sites\/23\/2026\/03\/10.03_BNG_EVANDRO_LOPES-300x150.jpg",300,150,true],"large":["https:\/\/goias.gov.br\/abc\/wp-content\/uploads\/sites\/23\/2026\/03\/10.03_BNG_EVANDRO_LOPES-1024x512.jpg",1024,512,true],"1536x1536":["https:\/\/goias.gov.br\/abc\/wp-content\/uploads\/sites\/23\/2026\/03\/10.03_BNG_EVANDRO_LOPES.jpg",1200,600,false],"2048x2048":["https:\/\/goias.gov.br\/abc\/wp-content\/uploads\/sites\/23\/2026\/03\/10.03_BNG_EVANDRO_LOPES.jpg",1200,600,false]},"rttpg_author":{"display_name":"nadialima","author_link":"https:\/\/goias.gov.br\/abc\/author\/nadialima\/"},"rttpg_comment":0,"rttpg_category":"<a href=\"https:\/\/goias.gov.br\/abc\/categoria\/institucional\/noticias\/\" rel=\"category tag\">Not\u00edcias<\/a>","rttpg_excerpt":"A expectativa para a decis\u00e3o do Campeonato Goiano dominou o debate do Boa Noite na ter\u00e7a-feira (10). O programa discutiu o tema \u201cFinal Goian\u00e3o 2026: quem ser\u00e1 o campe\u00e3o?\u201d e recebeu os comentaristas esportivos Evandro Gomes e Jos\u00e9 Carlos Lopes para analisar o confronto entre Goi\u00e1s e Atl\u00e9tico Goianiense, marcado para domingo (15). Al\u00e9m do&hellip;","_links":{"self":[{"href":"https:\/\/goias.gov.br\/abc\/wp-json\/wp\/v2\/posts\/156325","targetHints":{"allow":["GET"]}}],"collection":[{"href":"https:\/\/goias.gov.br\/abc\/wp-json\/wp\/v2\/posts"}],"about":[{"href":"https:\/\/goias.gov.br\/abc\/wp-json\/wp\/v2\/types\/post"}],"author":[{"embeddable":true,"href":"https:\/\/goias.gov.br\/abc\/wp-json\/wp\/v2\/users\/380"}],"replies":[{"embeddable":true,"href":"https:\/\/goias.gov.br\/abc\/wp-json\/wp\/v2\/comments?post=156325"}],"version-history":[{"count":2,"href":"https:\/\/goias.gov.br\/abc\/wp-json\/wp\/v2\/posts\/156325\/revisions"}],"predecessor-version":[{"id":156362,"href":"https:\/\/goias.gov.br\/abc\/wp-json\/wp\/v2\/posts\/156325\/revisions\/156362"}],"wp:featuredmedia":[{"embeddable":true,"href":"https:\/\/goias.gov.br\/abc\/wp-json\/wp\/v2\/media\/156327"}],"wp:attachment":[{"href":"https:\/\/goias.gov.br\/abc\/wp-json\/wp\/v2\/media?parent=156325"}],"wp:term":[{"taxonomy":"category","embeddable":true,"href":"https:\/\/goias.gov.br\/abc\/wp-json\/wp\/v2\/categories?post=156325"},{"taxonomy":"post_tag","embeddable":true,"href":"https:\/\/goias.gov.br\/abc\/wp-json\/wp\/v2\/tags?post=156325"}],"curies":[{"name":"wp","href":"https:\/\/api.w.org\/{rel}","templated":true}]}}