

{"id":15268,"date":"2020-08-14T12:01:05","date_gmt":"2020-08-14T15:01:05","guid":{"rendered":"https:\/\/siteshom.goias.gov.br\/abc\/aparecida-de-goiania-reforca-a-seguranca-com-a-inauguracao-do-centro-de-inteligencia-tecnologica\/"},"modified":"2020-08-14T12:01:05","modified_gmt":"2020-08-14T15:01:05","slug":"aparecida-de-goiania-reforca-a-seguranca-com-a-inauguracao-do-centro-de-inteligencia-tecnologica","status":"publish","type":"post","link":"https:\/\/goias.gov.br\/abc\/aparecida-de-goiania-reforca-a-seguranca-com-a-inauguracao-do-centro-de-inteligencia-tecnologica\/","title":{"rendered":"Aparecida de Goi\u00e2nia refor\u00e7a a seguran\u00e7a com a inaugura\u00e7\u00e3o do Centro de Intelig\u00eancia Tecnol\u00f3gica"},"content":{"rendered":"<p><img fetchpriority=\"high\" decoding=\"async\" class=\" size-full wp-image-15147\" src=\"https:\/\/goias.gov.br\/abc\/wp-content\/uploads\/sites\/23\/2020\/07\/MUNDO_06_16x9-e2f.png\" alt=\"\" width=\"1280\" height=\"720\" srcset=\"https:\/\/goias.gov.br\/abc\/wp-content\/uploads\/sites\/23\/2020\/07\/MUNDO_06_16x9-e2f.png 1280w, https:\/\/goias.gov.br\/abc\/wp-content\/uploads\/sites\/23\/2020\/07\/MUNDO_06_16x9-e2f-300x169.png 300w, https:\/\/goias.gov.br\/abc\/wp-content\/uploads\/sites\/23\/2020\/07\/MUNDO_06_16x9-e2f-1024x576.png 1024w, https:\/\/goias.gov.br\/abc\/wp-content\/uploads\/sites\/23\/2020\/07\/MUNDO_06_16x9-e2f-768x432.png 768w\" sizes=\"(max-width: 1280px) 100vw, 1280px\" \/><\/p>\n<p>Em entrevista &agrave; RBC, prefeito Gustavo Mendanha disse que o sistema &eacute; composto por mais de 650 c&acirc;meras de v&iacute;deo monitoramento e conta ainda com o apoio de um software de Intelig&ecirc;ncia Artificial<\/p>\n<p><!--more--><\/p>\n<p>Com o prop&oacute;sito de aumentar a seguran&ccedil;a e reduzir os &iacute;ndices de criminalidade no munic&iacute;pio, a Prefeitura de Aparecida de Goi&acirc;nia inaugurou nesta semana o Centro de Intelig&ecirc;ncia Tecnol&oacute;gica. Ele conta com um sistema composto por mais de 650 c&acirc;meras de v&iacute;deo monitoramento espalhadas pelas ruas e equipamentos p&uacute;blicos da cidade, e tem o apoio de um software de Intelig&ecirc;ncia Artificial (AI).<\/p>\n<p>Para dar mais detalhes sobre o assunto, o prefeito Gustavo Mendanha concedeu entrevista nesta sexta-feira, 14, ao programa O Mundo em sua Casa das r&aacute;dios Brasil Central AM e RBC FM. Ele disse aos apresentadores Ernesto Fleury e Luzeni Gomes que, tempos atr&aacute;s, ainda na gest&atilde;o do ex-prefeito Maguito Vilela, foram instaladas 56 c&acirc;meras de v&iacute;deo monitoramento que conseguiram reduzir em 29% a taxa de criminalidade em Aparecida de Goi&acirc;nia.<\/p>\n<h2>Novo projeto<\/h2>\n<p>Com este novo projeto, destacou, a ideia &eacute; reduzir ainda mais os &iacute;ndices de criminalidade e as taxas de viol&ecirc;ncia contra a mulher e o idoso, citou, e conseguir antecipar eventos que possam levar a ocorr&ecirc;ncias policiais. Lembrou que o novo sistema pode ser utilizado ainda na fiscaliza&ccedil;&atilde;o ambiental, visando coibir que as pessoas joguem lixo e entulho nas ruas, avenidas e pra&ccedil;as. &ldquo;Com certeza teremos uma cidade mais limpa&rdquo;, avaliou.<\/p>\n<p>De acordo com o prefeito, as imagens captadas pelas c&acirc;meras de v&iacute;deo monitoramento ficam no sistema por at&eacute; 60 dias. Dessa forma, podem ser solicitadas por autoridades ou pela pr&oacute;pria popula&ccedil;&atilde;o em casos de ocorr&ecirc;ncias mais graves. O sistema de Aparecida de Goi&acirc;nia tamb&eacute;m passa a estar conectado com o sistema judici&aacute;rio.<\/p>\n<p>A c&acirc;mera faz a leitura facial e pode identificar um cidad&atilde;o com mandado de pris&atilde;o em aberto ou foragido do sistema penitenci&aacute;rio de todo o Pa&iacute;s, informou o prefeito. Outra possibilidade &eacute; o caso de um suspeito deixar uma mochila em uma pra&ccedil;a, que pode conter uma bomba. O sistema, nesse caso, identifica a imagem e aciona imediatamente a pol&iacute;cia.<\/p>\n<h2>Sistema inteligente<\/h2>\n<p>&ldquo;O sistema &eacute; muito inteligente. N&oacute;s trouxemos o que h&aacute; de mais moderno do mundo. Ele estar&aacute; &agrave; disposi&ccedil;&atilde;o, n&atilde;o somente dos agentes de seguran&ccedil;a p&uacute;blica, mas de toda a popula&ccedil;&atilde;o&rdquo;, afirmou Gustavo Mendanha. Acrescentou que foi adquirido tamb&eacute;m um data center que est&aacute; entre os mais potentes existentes hoje, equipamento que &eacute; considerado melhor do que o da cidade de S&atilde;o Paulo.<\/p>\n<p>O prefeito lembrou que toda a infraestrutura foi colocada no munic&iacute;pio para possibilitar a opera&ccedil;&atilde;o do Centro de Intelig&ecirc;ncia Tecnol&oacute;gica. Foram instalados mais de 700 quil&ocirc;metros de fibra &oacute;tica em Aparecida, mais do que todo o Estado de Goi&aacute;s possui hoje, &ldquo;pensando realmente no futuro&rdquo;.<\/p>\n<p><strong>ABC Digital<\/strong><\/p>\n","protected":false},"excerpt":{"rendered":"<p>Em entrevista &agrave; RBC, prefeito Gustavo Mendanha disse que o sistema &eacute; composto por mais de 650 c&acirc;meras de v&iacute;deo monitoramento e conta ainda com o apoio de um software de Intelig&ecirc;ncia Artificial<\/p>\n","protected":false},"author":247,"featured_media":15147,"comment_status":"closed","ping_status":"open","sticky":false,"template":"","format":"standard","meta":{"footnotes":""},"categories":[39],"tags":[],"class_list":["post-15268","post","type-post","status-publish","format-standard","has-post-thumbnail","hentry","category-noticias"],"rttpg_featured_image_url":{"full":["https:\/\/goias.gov.br\/abc\/wp-content\/uploads\/sites\/23\/2020\/07\/MUNDO_06_16x9-e2f.png",1280,720,false],"landscape":["https:\/\/goias.gov.br\/abc\/wp-content\/uploads\/sites\/23\/2020\/07\/MUNDO_06_16x9-e2f.png",1280,720,false],"portraits":["https:\/\/goias.gov.br\/abc\/wp-content\/uploads\/sites\/23\/2020\/07\/MUNDO_06_16x9-e2f.png",1280,720,false],"thumbnail":["https:\/\/goias.gov.br\/abc\/wp-content\/uploads\/sites\/23\/2020\/07\/MUNDO_06_16x9-e2f-150x150.png",150,150,true],"medium":["https:\/\/goias.gov.br\/abc\/wp-content\/uploads\/sites\/23\/2020\/07\/MUNDO_06_16x9-e2f-300x169.png",300,169,true],"large":["https:\/\/goias.gov.br\/abc\/wp-content\/uploads\/sites\/23\/2020\/07\/MUNDO_06_16x9-e2f-1024x576.png",1024,576,true],"1536x1536":["https:\/\/goias.gov.br\/abc\/wp-content\/uploads\/sites\/23\/2020\/07\/MUNDO_06_16x9-e2f.png",1280,720,false],"2048x2048":["https:\/\/goias.gov.br\/abc\/wp-content\/uploads\/sites\/23\/2020\/07\/MUNDO_06_16x9-e2f.png",1280,720,false]},"rttpg_author":{"display_name":"lucelialima","author_link":"https:\/\/goias.gov.br\/abc\/author\/lucelialima\/"},"rttpg_comment":0,"rttpg_category":"<a href=\"https:\/\/goias.gov.br\/abc\/categoria\/institucional\/noticias\/\" rel=\"category tag\">Not\u00edcias<\/a>","rttpg_excerpt":"Em entrevista &agrave; RBC, prefeito Gustavo Mendanha disse que o sistema &eacute; composto por mais de 650 c&acirc;meras de v&iacute;deo monitoramento e conta ainda com o apoio de um software de Intelig&ecirc;ncia Artificial","_links":{"self":[{"href":"https:\/\/goias.gov.br\/abc\/wp-json\/wp\/v2\/posts\/15268","targetHints":{"allow":["GET"]}}],"collection":[{"href":"https:\/\/goias.gov.br\/abc\/wp-json\/wp\/v2\/posts"}],"about":[{"href":"https:\/\/goias.gov.br\/abc\/wp-json\/wp\/v2\/types\/post"}],"author":[{"embeddable":true,"href":"https:\/\/goias.gov.br\/abc\/wp-json\/wp\/v2\/users\/247"}],"replies":[{"embeddable":true,"href":"https:\/\/goias.gov.br\/abc\/wp-json\/wp\/v2\/comments?post=15268"}],"version-history":[{"count":0,"href":"https:\/\/goias.gov.br\/abc\/wp-json\/wp\/v2\/posts\/15268\/revisions"}],"wp:featuredmedia":[{"embeddable":true,"href":"https:\/\/goias.gov.br\/abc\/wp-json\/wp\/v2\/media\/15147"}],"wp:attachment":[{"href":"https:\/\/goias.gov.br\/abc\/wp-json\/wp\/v2\/media?parent=15268"}],"wp:term":[{"taxonomy":"category","embeddable":true,"href":"https:\/\/goias.gov.br\/abc\/wp-json\/wp\/v2\/categories?post=15268"},{"taxonomy":"post_tag","embeddable":true,"href":"https:\/\/goias.gov.br\/abc\/wp-json\/wp\/v2\/tags?post=15268"}],"curies":[{"name":"wp","href":"https:\/\/api.w.org\/{rel}","templated":true}]}}