

{"id":15203,"date":"2020-07-30T18:20:46","date_gmt":"2020-07-30T21:20:46","guid":{"rendered":"https:\/\/siteshom.goias.gov.br\/abc\/semad-inicia-medicao-de-vazao-dagua-dos-usuarios-do-rio-meia-ponte\/"},"modified":"2020-07-30T18:20:46","modified_gmt":"2020-07-30T21:20:46","slug":"semad-inicia-medicao-de-vazao-dagua-dos-usuarios-do-rio-meia-ponte","status":"publish","type":"post","link":"https:\/\/goias.gov.br\/abc\/semad-inicia-medicao-de-vazao-dagua-dos-usuarios-do-rio-meia-ponte\/","title":{"rendered":"Semad inicia medi\u00e7\u00e3o de vaz\u00e3o d\u2019\u00e1gua dos usu\u00e1rios do Rio Meia Ponte"},"content":{"rendered":"<p><img fetchpriority=\"high\" decoding=\"async\" class=\" size-full wp-image-15137\" src=\"https:\/\/goias.gov.br\/abc\/wp-content\/uploads\/sites\/23\/2020\/07\/MUNDO_04_16x9-e60.png\" alt=\"\" width=\"1280\" height=\"720\" srcset=\"https:\/\/goias.gov.br\/abc\/wp-content\/uploads\/sites\/23\/2020\/07\/MUNDO_04_16x9-e60.png 1280w, https:\/\/goias.gov.br\/abc\/wp-content\/uploads\/sites\/23\/2020\/07\/MUNDO_04_16x9-e60-300x169.png 300w, https:\/\/goias.gov.br\/abc\/wp-content\/uploads\/sites\/23\/2020\/07\/MUNDO_04_16x9-e60-1024x576.png 1024w, https:\/\/goias.gov.br\/abc\/wp-content\/uploads\/sites\/23\/2020\/07\/MUNDO_04_16x9-e60-768x432.png 768w\" sizes=\"(max-width: 1280px) 100vw, 1280px\" \/><\/p>\n<p>Secret&aacute;ria Andreia Vulcanis falou da novidade no radiojornal O Mundo em Sua Casa<\/p>\n<p><!--more--><\/p>\n<p>A Secretaria de Estado de Meio Ambiente e Desenvolvimento Sustent&aacute;vel (Semad) come&ccedil;ou nesta semana a instala&ccedil;&atilde;o de sistema de medi&ccedil;&atilde;o de vaz&atilde;o dos grandes usu&aacute;rios de &aacute;gua da bacia do Rio Meia Ponte. O projeto &eacute; piloto, com os equipamentos telem&eacute;tricos de medi&ccedil;&atilde;o nas bombas d&#39;&aacute;gua dos produtores rurais sendo instalados gratuitamente. A partir da&iacute;, o monitoramento desse consumo ser&aacute; feito em tempo real pelos t&eacute;cnicos da pasta.<\/p>\n<p>A iniciativa integra as a&ccedil;&otilde;es de gest&atilde;o ambiental para evitar crises de abastecimento de &aacute;gua da popula&ccedil;&atilde;o na Grande Goi&acirc;nia durante o per&iacute;odo de estiagem. Desde o ano passado, v&aacute;rias a&ccedil;&otilde;es v&ecirc;m sendo tomadas nesse sentido pela Semad em parceria com outros &oacute;rg&atilde;os e secretarias, como Saneago e as pastas da Agricultura e Seguran&ccedil;a P&uacute;blica.<\/p>\n<p>Para falar do assunto, a secret&aacute;ria Andr&eacute;a Vulcanis, titular da Semad, participou nesta quinta-feira, 30, do radiojornal O Mundo em Sua Casa, das r&aacute;dios RBC FM e Brasil Central AM. Ela foi entrevistada pelos apresentadores Marcelo Cabral e Paulo Henrique Santos. Segundo Andr&eacute;a, a medida &eacute; importante para garantir o abastecimento de &aacute;gua tanto para as pessoas quanto para a produ&ccedil;&atilde;o agr&iacute;cola e industrial em Goi&aacute;s.<\/p>\n<p>&ldquo;O equipamento mede quanto a bomba est&aacute; retirando de &aacute;gua do rio e manda esse dado por sat&eacute;lite para os computadores da secretaria. Com isso, a gente consegue saber se o usu&aacute;rio t&aacute; cumprindo a outorga, se ele est&aacute; usando &aacute;gua al&eacute;m do autorizado, nos per&iacute;odos autorizados. Tudo isso a gente consegue mapear&rdquo;, explicou a secret&aacute;ria.<\/p>\n<p>Andr&eacute;a Vulcanis informa que a medida &eacute; espont&acirc;nea e est&aacute; sendo levada aos 40 maiores usu&aacute;rios da bacia do Meia Ponte. Ela informa que a ideia est&aacute; sendo bem aceita pelos produtores porque os beneficia tamb&eacute;m e por ser de conhecimento de todos a gravidade da crise h&iacute;drica conforme avan&ccedil;a a estiagem na regi&atilde;o.<\/p>\n<p>A secret&aacute;ria terminou a entrevista dizendo que este ano a situa&ccedil;&atilde;o das bacias est&aacute; &ldquo;mais confort&aacute;vel&rdquo; do que no ano passado e que n&atilde;o &eacute; esperado o retorno de medidas mais dr&aacute;sticas de racionamento nos leitos dos rios que abastecem a regi&atilde;o metropolitana da capital. No entanto, apelou para que todos sigam fazendo uso racional de &aacute;gua.<\/p>\n<p><strong>ABC Digital<\/strong><\/p>\n","protected":false},"excerpt":{"rendered":"<p>Secret&aacute;ria Andreia Vulcanis falou da novidade no radiojornal O Mundo em Sua Casa<\/p>\n","protected":false},"author":249,"featured_media":15137,"comment_status":"closed","ping_status":"open","sticky":false,"template":"","format":"standard","meta":{"footnotes":""},"categories":[39],"tags":[],"class_list":["post-15203","post","type-post","status-publish","format-standard","has-post-thumbnail","hentry","category-noticias"],"rttpg_featured_image_url":{"full":["https:\/\/goias.gov.br\/abc\/wp-content\/uploads\/sites\/23\/2020\/07\/MUNDO_04_16x9-e60.png",1280,720,false],"landscape":["https:\/\/goias.gov.br\/abc\/wp-content\/uploads\/sites\/23\/2020\/07\/MUNDO_04_16x9-e60.png",1280,720,false],"portraits":["https:\/\/goias.gov.br\/abc\/wp-content\/uploads\/sites\/23\/2020\/07\/MUNDO_04_16x9-e60.png",1280,720,false],"thumbnail":["https:\/\/goias.gov.br\/abc\/wp-content\/uploads\/sites\/23\/2020\/07\/MUNDO_04_16x9-e60-150x150.png",150,150,true],"medium":["https:\/\/goias.gov.br\/abc\/wp-content\/uploads\/sites\/23\/2020\/07\/MUNDO_04_16x9-e60-300x169.png",300,169,true],"large":["https:\/\/goias.gov.br\/abc\/wp-content\/uploads\/sites\/23\/2020\/07\/MUNDO_04_16x9-e60-1024x576.png",1024,576,true],"1536x1536":["https:\/\/goias.gov.br\/abc\/wp-content\/uploads\/sites\/23\/2020\/07\/MUNDO_04_16x9-e60.png",1280,720,false],"2048x2048":["https:\/\/goias.gov.br\/abc\/wp-content\/uploads\/sites\/23\/2020\/07\/MUNDO_04_16x9-e60.png",1280,720,false]},"rttpg_author":{"display_name":"alessandrobernardes","author_link":"https:\/\/goias.gov.br\/abc\/author\/alessandrobernardes\/"},"rttpg_comment":0,"rttpg_category":"<a href=\"https:\/\/goias.gov.br\/abc\/categoria\/institucional\/noticias\/\" rel=\"category tag\">Not\u00edcias<\/a>","rttpg_excerpt":"Secret&aacute;ria Andreia Vulcanis falou da novidade no radiojornal O Mundo em Sua Casa","_links":{"self":[{"href":"https:\/\/goias.gov.br\/abc\/wp-json\/wp\/v2\/posts\/15203","targetHints":{"allow":["GET"]}}],"collection":[{"href":"https:\/\/goias.gov.br\/abc\/wp-json\/wp\/v2\/posts"}],"about":[{"href":"https:\/\/goias.gov.br\/abc\/wp-json\/wp\/v2\/types\/post"}],"author":[{"embeddable":true,"href":"https:\/\/goias.gov.br\/abc\/wp-json\/wp\/v2\/users\/249"}],"replies":[{"embeddable":true,"href":"https:\/\/goias.gov.br\/abc\/wp-json\/wp\/v2\/comments?post=15203"}],"version-history":[{"count":0,"href":"https:\/\/goias.gov.br\/abc\/wp-json\/wp\/v2\/posts\/15203\/revisions"}],"wp:featuredmedia":[{"embeddable":true,"href":"https:\/\/goias.gov.br\/abc\/wp-json\/wp\/v2\/media\/15137"}],"wp:attachment":[{"href":"https:\/\/goias.gov.br\/abc\/wp-json\/wp\/v2\/media?parent=15203"}],"wp:term":[{"taxonomy":"category","embeddable":true,"href":"https:\/\/goias.gov.br\/abc\/wp-json\/wp\/v2\/categories?post=15203"},{"taxonomy":"post_tag","embeddable":true,"href":"https:\/\/goias.gov.br\/abc\/wp-json\/wp\/v2\/tags?post=15203"}],"curies":[{"name":"wp","href":"https:\/\/api.w.org\/{rel}","templated":true}]}}