

{"id":15196,"date":"2020-07-30T11:30:06","date_gmt":"2020-07-30T14:30:06","guid":{"rendered":"https:\/\/siteshom.goias.gov.br\/abc\/goias-vai-sair-mais-forte-da-crise-do-que-os-demais-estados-afirma-secretario-de-industria-comercio-e-servicos\/"},"modified":"2020-07-30T11:30:06","modified_gmt":"2020-07-30T14:30:06","slug":"goias-vai-sair-mais-forte-da-crise-do-que-os-demais-estados-afirma-secretario-de-industria-comercio-e-servicos","status":"publish","type":"post","link":"https:\/\/goias.gov.br\/abc\/goias-vai-sair-mais-forte-da-crise-do-que-os-demais-estados-afirma-secretario-de-industria-comercio-e-servicos\/","title":{"rendered":"Goi\u00e1s vai sair mais forte da crise do que os demais estados, afirma secret\u00e1rio de Ind\u00fastria, Com\u00e9rcio e Servi\u00e7os"},"content":{"rendered":"<p><img fetchpriority=\"high\" decoding=\"async\" class=\" size-full wp-image-15131\" src=\"https:\/\/goias.gov.br\/abc\/wp-content\/uploads\/sites\/23\/2020\/07\/MUNDO_03_16x9-04d.png\" alt=\"\" width=\"1280\" height=\"720\" srcset=\"https:\/\/goias.gov.br\/abc\/wp-content\/uploads\/sites\/23\/2020\/07\/MUNDO_03_16x9-04d.png 1280w, https:\/\/goias.gov.br\/abc\/wp-content\/uploads\/sites\/23\/2020\/07\/MUNDO_03_16x9-04d-300x169.png 300w, https:\/\/goias.gov.br\/abc\/wp-content\/uploads\/sites\/23\/2020\/07\/MUNDO_03_16x9-04d-1024x576.png 1024w, https:\/\/goias.gov.br\/abc\/wp-content\/uploads\/sites\/23\/2020\/07\/MUNDO_03_16x9-04d-768x432.png 768w\" sizes=\"(max-width: 1280px) 100vw, 1280px\" \/><\/p>\n<p>Em entrevista &agrave; RBC, Adon&iacute;dio Neto comentou os n&uacute;meros positivos de emprego em Goi&aacute;s em junho<\/p>\n<p><!--more--><\/p>\n<p>O estado de Goi&aacute;s voltou a apresentar n&uacute;meros positivos na gera&ccedil;&atilde;o de empregos, mesmo estando diante de um cen&aacute;rio adverso por causa da pandemia. Dados do Cadastro Geral de Empregos e Desempregados (Caged), divulgados na &uacute;ltima ter&ccedil;a-feira, 28, pelo Minist&eacute;rio da Economia, mostram um saldo positivo de 4.334 empregos formais no m&ecirc;s de junho, alta de 0,36%. O dado se torna ainda mais relevante tendo em vista que o cen&aacute;rio nacional &eacute; de queda, com saldo negativo de 10.984 postos de trabalho no mesmo per&iacute;odo.<\/p>\n<p>Em entrevista nesta quinta-feira, 30, ao programa O Mundo em sua Casa, das r&aacute;dios Brasil Central e RBC FM, o secret&aacute;rio de Ind&uacute;stria, Com&eacute;rcio e Servi&ccedil;os, Adon&iacute;dio Neto, creditou este cen&aacute;rio positivo &agrave; for&ccedil;a da economia do estado e principalmente &agrave;s a&ccedil;&otilde;es tomadas no in&iacute;cio da pandemia, como o cr&eacute;dito ao micro empres&aacute;rio e a atra&ccedil;&atilde;o de investimentos. Para Adon&iacute;dio, Goi&aacute;s vai sair mais forte que os demais estados desta situa&ccedil;&atilde;o econ&ocirc;mica, demonstrando que o trabalho do Governo de Goi&aacute;s, aliado &agrave; resili&ecirc;ncia dos empres&aacute;rios, foram e ser&atilde;o muito importantes para a supera&ccedil;&atilde;o da crise.<\/p>\n<p>Adon&iacute;dio lembrou tamb&eacute;m que Goi&aacute;s foi o primeiro estado do pa&iacute;s a liberar linhas de cr&eacute;dito emergenciais, atrav&eacute;s da Goi&aacute;s Fomento, visando dar f&ocirc;lego &agrave;s empresas e evitar demiss&otilde;es em massa. Com isso, Goi&aacute;s teve demiss&otilde;es bem abaixo do verificado no resto do pa&iacute;s.<\/p>\n<p>Na avalia&ccedil;&atilde;o do secret&aacute;rio, os n&uacute;meros do setor de alimentos, com recordes de produ&ccedil;&atilde;o e exporta&ccedil;&atilde;o no agroneg&oacute;cio, tiveram papel importante na retomada do emprego no estado, al&eacute;m do desempenho do polo farmacoqu&iacute;mico instalado em Goi&aacute;s, do reaquecimento do setor de constru&ccedil;&atilde;o civil, do setor hospitalar e do com&eacute;rcio. J&aacute; sobre os setores de servi&ccedil;o e de turismo, de recupera&ccedil;&atilde;o mais lenta, Adon&iacute;dio afirma que j&aacute; est&atilde;o sendo desenhadas v&aacute;rias medidas para que eles sejam estimulados, para que os n&uacute;meros de emprego sejam positivos o mais r&aacute;pido poss&iacute;vel.<\/p>\n<p>Sobre a expectativa para os n&uacute;meros de julho, considerando a reabertura do com&eacute;rcio, Adon&iacute;dio acredita que a tend&ecirc;ncia de alta deve continuar, ainda que nem todos os setores se recuperem de imediato. E, segundo ele, esta alta deve se prolongar por agosto e setembro, visando superar a perda de empregos causada pela pandemia.<\/p>\n<p><strong>ABC Digital<\/strong><\/p>\n","protected":false},"excerpt":{"rendered":"<p>Em entrevista &agrave; RBC, Adon&iacute;dio Neto comentou os n&uacute;meros positivos de emprego em Goi&aacute;s em junho<\/p>\n","protected":false},"author":249,"featured_media":15131,"comment_status":"closed","ping_status":"open","sticky":false,"template":"","format":"standard","meta":{"footnotes":""},"categories":[39],"tags":[],"class_list":["post-15196","post","type-post","status-publish","format-standard","has-post-thumbnail","hentry","category-noticias"],"rttpg_featured_image_url":{"full":["https:\/\/goias.gov.br\/abc\/wp-content\/uploads\/sites\/23\/2020\/07\/MUNDO_03_16x9-04d.png",1280,720,false],"landscape":["https:\/\/goias.gov.br\/abc\/wp-content\/uploads\/sites\/23\/2020\/07\/MUNDO_03_16x9-04d.png",1280,720,false],"portraits":["https:\/\/goias.gov.br\/abc\/wp-content\/uploads\/sites\/23\/2020\/07\/MUNDO_03_16x9-04d.png",1280,720,false],"thumbnail":["https:\/\/goias.gov.br\/abc\/wp-content\/uploads\/sites\/23\/2020\/07\/MUNDO_03_16x9-04d-150x150.png",150,150,true],"medium":["https:\/\/goias.gov.br\/abc\/wp-content\/uploads\/sites\/23\/2020\/07\/MUNDO_03_16x9-04d-300x169.png",300,169,true],"large":["https:\/\/goias.gov.br\/abc\/wp-content\/uploads\/sites\/23\/2020\/07\/MUNDO_03_16x9-04d-1024x576.png",1024,576,true],"1536x1536":["https:\/\/goias.gov.br\/abc\/wp-content\/uploads\/sites\/23\/2020\/07\/MUNDO_03_16x9-04d.png",1280,720,false],"2048x2048":["https:\/\/goias.gov.br\/abc\/wp-content\/uploads\/sites\/23\/2020\/07\/MUNDO_03_16x9-04d.png",1280,720,false]},"rttpg_author":{"display_name":"alessandrobernardes","author_link":"https:\/\/goias.gov.br\/abc\/author\/alessandrobernardes\/"},"rttpg_comment":0,"rttpg_category":"<a href=\"https:\/\/goias.gov.br\/abc\/categoria\/institucional\/noticias\/\" rel=\"category tag\">Not\u00edcias<\/a>","rttpg_excerpt":"Em entrevista &agrave; RBC, Adon&iacute;dio Neto comentou os n&uacute;meros positivos de emprego em Goi&aacute;s em junho","_links":{"self":[{"href":"https:\/\/goias.gov.br\/abc\/wp-json\/wp\/v2\/posts\/15196","targetHints":{"allow":["GET"]}}],"collection":[{"href":"https:\/\/goias.gov.br\/abc\/wp-json\/wp\/v2\/posts"}],"about":[{"href":"https:\/\/goias.gov.br\/abc\/wp-json\/wp\/v2\/types\/post"}],"author":[{"embeddable":true,"href":"https:\/\/goias.gov.br\/abc\/wp-json\/wp\/v2\/users\/249"}],"replies":[{"embeddable":true,"href":"https:\/\/goias.gov.br\/abc\/wp-json\/wp\/v2\/comments?post=15196"}],"version-history":[{"count":0,"href":"https:\/\/goias.gov.br\/abc\/wp-json\/wp\/v2\/posts\/15196\/revisions"}],"wp:featuredmedia":[{"embeddable":true,"href":"https:\/\/goias.gov.br\/abc\/wp-json\/wp\/v2\/media\/15131"}],"wp:attachment":[{"href":"https:\/\/goias.gov.br\/abc\/wp-json\/wp\/v2\/media?parent=15196"}],"wp:term":[{"taxonomy":"category","embeddable":true,"href":"https:\/\/goias.gov.br\/abc\/wp-json\/wp\/v2\/categories?post=15196"},{"taxonomy":"post_tag","embeddable":true,"href":"https:\/\/goias.gov.br\/abc\/wp-json\/wp\/v2\/tags?post=15196"}],"curies":[{"name":"wp","href":"https:\/\/api.w.org\/{rel}","templated":true}]}}