

{"id":151084,"date":"2026-02-25T15:30:00","date_gmt":"2026-02-25T18:30:00","guid":{"rendered":"https:\/\/goias.gov.br\/abc\/?p=151084"},"modified":"2026-02-25T21:31:13","modified_gmt":"2026-02-26T00:31:13","slug":"goias-ganha-unidade-de-integracao-e-referencia-social","status":"publish","type":"post","link":"https:\/\/goias.gov.br\/abc\/goias-ganha-unidade-de-integracao-e-referencia-social\/","title":{"rendered":"Goi\u00e1s ganha unidade de integra\u00e7\u00e3o e refer\u00eancia social"},"content":{"rendered":"\n<p>Foi inaugurada nessa quarta-feira (25), pelo governador Ronaldo Caiado, na Avenida Anhanguera, Setor Universit\u00e1rio, em Goi\u00e2nia, a Unidade de Integra\u00e7\u00e3o e Refer\u00eancia Social Maria Xavier Caiado. O <em>Jornal Brasil Central<\/em> veiculou mat\u00e9ria, observando que esse espa\u00e7o vai fortalecer a rede socioassistencial do Estado e contar\u00e1 com atendimento ao p\u00fablico, entrega de cart\u00f5es dos programas do Goi\u00e1s Social e \u00e9 tamb\u00e9m um local para capacita\u00e7\u00f5es e apoio t\u00e9cnico aos munic\u00edpios.<\/p>\n\n\n\n<p>Participaram tamb\u00e9m da inaugura\u00e7\u00e3o a primeira-dama Gracinha Caiado e o vice-governador Daniel Vilela. O governador fez um agradecimento especial \u00e0 Assembleia Legislativa por ter nomeado a unidade com o nome de sua m\u00e3e, que foi professora. Presente \u00e0 solenidade, a tia de Caiado Hilda Xavier, de 97 anos de idade, irm\u00e3 da homenageada, falou que se sentia muito alegre com a homenagem a sua irm\u00e3 e \u00e0 fam\u00edlia Xavier Caiado. O investimento foi de aproximadamente R$ 3,6 milh\u00f5es.<\/p>\n\n\n\n<p><strong>ABC Digital<\/strong><\/p>\n\n\n\n<figure class=\"wp-block-embed aligncenter is-type-video is-provider-youtube wp-block-embed-youtube wp-embed-aspect-16-9 wp-has-aspect-ratio\"><div class=\"wp-block-embed__wrapper\">\n<iframe title=\"Jornal Brasil Central |25-02-26| Inaugura\u00e7\u00e3o da Unidade de Integra\u00e7\u00e3o e Referencia Social do Estado\" width=\"500\" height=\"281\" src=\"https:\/\/www.youtube.com\/embed\/Al42y4xMq9o?start=1&#038;feature=oembed\" frameborder=\"0\" allow=\"accelerometer; autoplay; clipboard-write; encrypted-media; gyroscope; picture-in-picture; web-share\" referrerpolicy=\"strict-origin-when-cross-origin\" allowfullscreen><\/iframe>\n<\/div><\/figure>\n","protected":false},"excerpt":{"rendered":"<p>Foi inaugurada nessa quarta-feira (25), pelo governador Ronaldo Caiado, na Avenida Anhanguera, Setor Universit\u00e1rio, em Goi\u00e2nia, a Unidade de Integra\u00e7\u00e3o e Refer\u00eancia Social Maria Xavier Caiado. O Jornal Brasil Central veiculou mat\u00e9ria, observando que esse espa\u00e7o vai fortalecer a rede socioassistencial do Estado e contar\u00e1 com atendimento ao p\u00fablico, entrega de cart\u00f5es dos programas do [&hellip;]<\/p>\n","protected":false},"author":378,"featured_media":151060,"comment_status":"closed","ping_status":"open","sticky":false,"template":"","format":"standard","meta":{"footnotes":""},"categories":[39],"tags":[58],"class_list":["post-151084","post","type-post","status-publish","format-standard","has-post-thumbnail","hentry","category-noticias","tag-jornalismo"],"rttpg_featured_image_url":{"full":["https:\/\/goias.gov.br\/abc\/wp-content\/uploads\/sites\/23\/2026\/02\/2026.02.25_JBC_SOCIAL.jpg",1200,600,false],"landscape":["https:\/\/goias.gov.br\/abc\/wp-content\/uploads\/sites\/23\/2026\/02\/2026.02.25_JBC_SOCIAL.jpg",1200,600,false],"portraits":["https:\/\/goias.gov.br\/abc\/wp-content\/uploads\/sites\/23\/2026\/02\/2026.02.25_JBC_SOCIAL.jpg",1200,600,false],"thumbnail":["https:\/\/goias.gov.br\/abc\/wp-content\/uploads\/sites\/23\/2026\/02\/2026.02.25_JBC_SOCIAL-150x150.jpg",150,150,true],"medium":["https:\/\/goias.gov.br\/abc\/wp-content\/uploads\/sites\/23\/2026\/02\/2026.02.25_JBC_SOCIAL-300x150.jpg",300,150,true],"large":["https:\/\/goias.gov.br\/abc\/wp-content\/uploads\/sites\/23\/2026\/02\/2026.02.25_JBC_SOCIAL-1024x512.jpg",1024,512,true],"1536x1536":["https:\/\/goias.gov.br\/abc\/wp-content\/uploads\/sites\/23\/2026\/02\/2026.02.25_JBC_SOCIAL.jpg",1200,600,false],"2048x2048":["https:\/\/goias.gov.br\/abc\/wp-content\/uploads\/sites\/23\/2026\/02\/2026.02.25_JBC_SOCIAL.jpg",1200,600,false]},"rttpg_author":{"display_name":"helvertonsilva","author_link":"https:\/\/goias.gov.br\/abc\/author\/helvertonsilva\/"},"rttpg_comment":0,"rttpg_category":"<a href=\"https:\/\/goias.gov.br\/abc\/categoria\/institucional\/noticias\/\" rel=\"category tag\">Not\u00edcias<\/a>","rttpg_excerpt":"Foi inaugurada nessa quarta-feira (25), pelo governador Ronaldo Caiado, na Avenida Anhanguera, Setor Universit\u00e1rio, em Goi\u00e2nia, a Unidade de Integra\u00e7\u00e3o e Refer\u00eancia Social Maria Xavier Caiado. O Jornal Brasil Central veiculou mat\u00e9ria, observando que esse espa\u00e7o vai fortalecer a rede socioassistencial do Estado e contar\u00e1 com atendimento ao p\u00fablico, entrega de cart\u00f5es dos programas do&hellip;","_links":{"self":[{"href":"https:\/\/goias.gov.br\/abc\/wp-json\/wp\/v2\/posts\/151084","targetHints":{"allow":["GET"]}}],"collection":[{"href":"https:\/\/goias.gov.br\/abc\/wp-json\/wp\/v2\/posts"}],"about":[{"href":"https:\/\/goias.gov.br\/abc\/wp-json\/wp\/v2\/types\/post"}],"author":[{"embeddable":true,"href":"https:\/\/goias.gov.br\/abc\/wp-json\/wp\/v2\/users\/378"}],"replies":[{"embeddable":true,"href":"https:\/\/goias.gov.br\/abc\/wp-json\/wp\/v2\/comments?post=151084"}],"version-history":[{"count":2,"href":"https:\/\/goias.gov.br\/abc\/wp-json\/wp\/v2\/posts\/151084\/revisions"}],"predecessor-version":[{"id":151128,"href":"https:\/\/goias.gov.br\/abc\/wp-json\/wp\/v2\/posts\/151084\/revisions\/151128"}],"wp:featuredmedia":[{"embeddable":true,"href":"https:\/\/goias.gov.br\/abc\/wp-json\/wp\/v2\/media\/151060"}],"wp:attachment":[{"href":"https:\/\/goias.gov.br\/abc\/wp-json\/wp\/v2\/media?parent=151084"}],"wp:term":[{"taxonomy":"category","embeddable":true,"href":"https:\/\/goias.gov.br\/abc\/wp-json\/wp\/v2\/categories?post=151084"},{"taxonomy":"post_tag","embeddable":true,"href":"https:\/\/goias.gov.br\/abc\/wp-json\/wp\/v2\/tags?post=151084"}],"curies":[{"name":"wp","href":"https:\/\/api.w.org\/{rel}","templated":true}]}}