

{"id":15098,"date":"2020-07-08T16:47:00","date_gmt":"2020-07-08T19:47:00","guid":{"rendered":"https:\/\/siteshom.goias.gov.br\/abc\/gerente-da-sedi-fala-no-tbc-1-sobre-forum-de-educacao-na-campus-party\/"},"modified":"2020-07-08T16:47:00","modified_gmt":"2020-07-08T19:47:00","slug":"gerente-da-sedi-fala-no-tbc-1-sobre-forum-de-educacao-na-campus-party","status":"publish","type":"post","link":"https:\/\/goias.gov.br\/abc\/gerente-da-sedi-fala-no-tbc-1-sobre-forum-de-educacao-na-campus-party\/","title":{"rendered":"Gerente da Sedi fala no TBC 1 sobre f\u00f3rum de educa\u00e7\u00e3o na Campus Party"},"content":{"rendered":"<p><img fetchpriority=\"high\" decoding=\"async\" class=\" size-full wp-image-15096\" src=\"https:\/\/goias.gov.br\/abc\/wp-content\/uploads\/sites\/23\/2020\/07\/0807_TBC1_CAMPUSPARTY_16x9-98a.png\" alt=\"A gerente de Educa\u00e7\u00e3o Superior, Profissional e Tecnol\u00f3gica da Sedi, Ana Luiza Souza Mendes, e a apresentadora Michelle Bouson, nos est\u00fadios da TBC\" width=\"1142\" height=\"642\" srcset=\"https:\/\/goias.gov.br\/abc\/wp-content\/uploads\/sites\/23\/2020\/07\/0807_TBC1_CAMPUSPARTY_16x9-98a.png 1142w, https:\/\/goias.gov.br\/abc\/wp-content\/uploads\/sites\/23\/2020\/07\/0807_TBC1_CAMPUSPARTY_16x9-98a-300x169.png 300w, https:\/\/goias.gov.br\/abc\/wp-content\/uploads\/sites\/23\/2020\/07\/0807_TBC1_CAMPUSPARTY_16x9-98a-1024x576.png 1024w, https:\/\/goias.gov.br\/abc\/wp-content\/uploads\/sites\/23\/2020\/07\/0807_TBC1_CAMPUSPARTY_16x9-98a-768x432.png 768w\" sizes=\"(max-width: 1142px) 100vw, 1142px\" \/><\/p>\n<p>Ana Luiza Souza detalhou os objetivos e a programa&ccedil;&atilde;o do evento que vai discutir educa&ccedil;&atilde;o e tecnologia no ambiente p&oacute;s-Covid; ABC &eacute; parceira do evento e tem representante entre os palestrantes<\/p>\n<p><!--more--><\/p>\n<p>A educa&ccedil;&atilde;o &eacute; uma das &aacute;reas que tem passado por profundas mudan&ccedil;as desde o surgimento da pandemia de coronav&iacute;rus em todo o mundo. Para debater essas quest&otilde;es que afetam professores, alunos e toda a comunidade escolar, a Secretaria de Desenvolvimento e Inova&ccedil;&atilde;o (Sedi) de Goi&aacute;s vai aproveitar a Campus Party para realizar o 3&ordm; F&oacute;rum Educa&ccedil;&atilde;o do Futuro &#8211; Educa&ccedil;&atilde;o P&oacute;s-Covid: Um Olhar Sobre a Educa&ccedil;&atilde;o Superior.<\/p>\n<p>O evento &eacute; uma realiza&ccedil;&atilde;o da Sedi em parceria com o Instituto Campus Party, promotora do maior evento de tecnologia do mundo, que este ano ser&aacute; totalmente digital e gratuita. Para falar do f&oacute;rum, que come&ccedil;a nesta quinta-feira, 9, a gerente de Educa&ccedil;&atilde;o Superior, Profissional e Tecnol&oacute;gica da Sedi, Ana Luiza Souza Mendes, foi entrevistada por Michelle Bouson no telejornal TBC 1 da TV Brasil Central.<\/p>\n<p>Por videoconfer&ecirc;ncia, ela explicou os objetivos do f&oacute;rum e detalhou a programa&ccedil;&atilde;o do evento. &ldquo;Este ano n&oacute;s resolvemos abordar a educa&ccedil;&atilde;o sob esse ambiente da Covid. Porque a educa&ccedil;&atilde;o passou por um trauma muito grande por conta da pandemia. As aulas tiveram que ser suspensas ou precisou migrar de uma hora para outra do ambiente f&iacute;sico para o ambiente virtual. Ent&atilde;o, vamos falar de experi&ecirc;ncias que algumas institui&ccedil;&otilde;es tiveram nesse processo, teremos palestras sobre metodologias ativas e sobre o uso da tecnologia na sala de aula&rdquo;, disse sobre a programa&ccedil;&atilde;o do f&oacute;rum.<\/p>\n<p>Para participar do f&oacute;rum, basta se inscrever preenchendo o formul&aacute;rio dispon&iacute;vel no link <a href=\"https:\/\/forms.gle\/9pxhKRJsWCfLrWWf6o\" target=\"_blank\" title=\"abre em nova janela\" rel=\"noopener\">https:\/\/forms.gle\/9pxhKRJsWCfLrWWf6o<\/a>. As inscri&ccedil;&otilde;es gratuitas podem ser feitas at&eacute; esta quarta-feira, 8.<\/p>\n<p>Confira a entrevista completa:<\/p>\n<p><iframe allow=\"accelerometer; autoplay; encrypted-media; gyroscope; picture-in-picture\" allowfullscreen=\"\" frameborder=\"0\" height=\"315\" src=\"https:\/\/www.youtube.com\/embed\/4TU2uD2h2p8\" width=\"560\"><\/iframe><\/p>\n<h2>Live na TBC abre a Campus Party 2020 em Goi&aacute;s<\/h2>\n<p>Um encontro virtual a partir dos est&uacute;dios da TV Brasil Central na manh&atilde; desta quarta-feira, 8, lan&ccedil;ou a Campus Party 2020, grande evento de tecnologia e inova&ccedil;&atilde;o que este ano ser&aacute; totalmente digital e gratuito. A organiza&ccedil;&atilde;o do evento em Goi&aacute;s est&aacute; a cargo da Secretaria Estadual de Desenvolvimento e Inova&ccedil;&atilde;o. A Campus Party ser&aacute; realizada em mais de 50 pa&iacute;ses de quinta-feira, 9, a s&aacute;bado, 11, e deve reunir mais de 10 milh&otilde;es de participantes.&nbsp;<\/p>\n<p>A chamada live de ativa&ccedil;&atilde;o reuniu o reitor da Universidade Federal de Goi&aacute;s (UFG), Edward Madureira, e a gerente de Educa&ccedil;&atilde;o Superior, Profissional e Tecnol&oacute;gica da Sedi, Ana Luiza Souza Mendes. A media&ccedil;&atilde;o foi do Prof. Sanderson Macedo, embaixador da Campus Party e professor e pesquisador em Intelig&ecirc;ncia Artificial e Data Science pelo Instituto Federal de Goi&aacute;s (IFG). Eles falaram da Campus Party sendo realizada em plena pandemia e os desafios que esse ambiente traz &agrave; sociedade sob os aspectos educacionais, econ&ocirc;micos, sociais e tecnol&oacute;gicos.&nbsp;<\/p>\n<p>A live est&aacute; dispon&iacute;vel na &iacute;ntegra na <a href=\"https:\/\/facebook.com\/tvbrasilcentral\/videos\/678694552988009\/\" target=\"_blank\" title=\"abre em nova janela\" rel=\"noopener\">p&aacute;gina da TV&nbsp;Brasil Central no Facebook<\/a>.<\/p>\n<h2>Palestrante da ABC<\/h2>\n<figure class=\"image\"><img decoding=\"async\" class=\" size-full wp-image-15097\" alt=\"\" id=\"\" src=\"https:\/\/goias.gov.br\/abc\/wp-content\/uploads\/sites\/23\/2020\/07\/0807_KRAN_16x9-6f4.png\" style=\"\" title=\"\" width=\"1280\" height=\"720\" srcset=\"https:\/\/goias.gov.br\/abc\/wp-content\/uploads\/sites\/23\/2020\/07\/0807_KRAN_16x9-6f4.png 1280w, https:\/\/goias.gov.br\/abc\/wp-content\/uploads\/sites\/23\/2020\/07\/0807_KRAN_16x9-6f4-300x169.png 300w, https:\/\/goias.gov.br\/abc\/wp-content\/uploads\/sites\/23\/2020\/07\/0807_KRAN_16x9-6f4-1024x576.png 1024w, https:\/\/goias.gov.br\/abc\/wp-content\/uploads\/sites\/23\/2020\/07\/0807_KRAN_16x9-6f4-768x432.png 768w\" sizes=\"(max-width: 1280px) 100vw, 1280px\" \/><figcaption class=\"text-center\">O apresentador das r&aacute;dios Brasil Central e RBC FM, Emmerson Kran<\/figcaption><\/figure>\n<p>Dentre as palestras na programa&ccedil;&atilde;o da Campus Party, Digital Edition Goi&aacute;s, a ABC ter&aacute; um representante. Emmerson Kran, apresentador das r&aacute;dios Brasil Central e RBC FM, vai participar nesta quinta-feira, 9, &agrave;s 23h05, apresentando o tema &ldquo;Sustentabilidade, inova&ccedil;&atilde;o e novas tecnologias para quem?&rdquo;. Ele aborda o grande desafio da inclus&atilde;o social e digital.<\/p>\n<p>Emmerson, que atua no segmento ambiental e apresentou o programa Conex&atilde;o Ambiental nas r&aacute;dios e tamb&eacute;m na TV Brasil Central, acredita no potencial de dissemina&ccedil;&atilde;o de conte&uacute;do da Campus Party. &ldquo;Sendo o maior evento de inova&ccedil;&atilde;o do mundo, agrega idades, pensamentos, vis&otilde;es de mundo e criatividades diferentes, ele deve pensar o mundo para que ele prossiga, nessa diversidade, sendo mais humano e com perspectivas de inova&ccedil;&atilde;o, que construa a longo prazo um mundo melhor. E melhor para todos e todas. Que o princ&iacute;pio b&aacute;sico da sustentabilidade seja o horizonte pleno, sempre. Que a gera&ccedil;&atilde;o de hoje tenha as mesmas possibilidades de uso que as gera&ccedil;&otilde;es de amanh&atilde;.&rdquo;<\/p>\n<p>Emmerson Kran tamb&eacute;m falou sobre a sua participa&ccedil;&atilde;o no evento em participa&ccedil;&atilde;o ao vivo na RBC FM:<\/p>\n<blockquote class=\"instagram-media\" data-instgrm-permalink=\"https:\/\/www.instagram.com\/tv\/CCYsfeuJ6Xr\/?utm_source=ig_embed&amp;utm_campaign=loading\" data-instgrm-version=\"12\" style=\" background:#FFF; border:0; border-radius:3px; box-shadow:0 0 1px 0 rgba(0,0,0,0.5),0 1px 10px 0 rgba(0,0,0,0.15); margin: 1px; max-width:540px; min-width:326px; padding:0; width:99.375%; width:-webkit-calc(100% - 2px); width:calc(100% - 2px);\">\n<div style=\"padding:16px;\">\n<div style=\" display: flex; flex-direction: row; align-items: center;\">\n<div style=\"background-color: #F4F4F4; border-radius: 50%; flex-grow: 0; height: 40px; margin-right: 14px; width: 40px;\">&nbsp;<\/div>\n<div style=\"display: flex; flex-direction: column; flex-grow: 1; justify-content: center;\">\n<div style=\" background-color: #F4F4F4; border-radius: 4px; flex-grow: 0; height: 14px; margin-bottom: 6px; width: 100px;\">&nbsp;<\/div>\n<div style=\" background-color: #F4F4F4; border-radius: 4px; flex-grow: 0; height: 14px; width: 60px;\">&nbsp;<\/div>\n<\/div>\n<\/div>\n<div style=\"padding: 19% 0;\">&nbsp;<\/div>\n<div style=\"display:block; height:50px; margin:0 auto 12px; width:50px;\"><a href=\"https:\/\/www.instagram.com\/tv\/CCYsfeuJ6Xr\/?utm_source=ig_embed&amp;utm_campaign=loading\" style=\" background:#FFFFFF; line-height:0; padding:0 0; text-align:center; text-decoration:none; width:100%;\" target=\"_blank\" rel=\"noopener\"><svg height=\"50px\" version=\"1.1\" viewbox=\"0 0 60 60\" width=\"50px\" xmlns=\"https:\/\/www.w3.org\/2000\/svg\" xmlns:xlink=\"https:\/\/www.w3.org\/1999\/xlink\"><g fill=\"none\" fill-rule=\"evenodd\" stroke=\"none\" stroke-width=\"1\"><g fill=\"#000000\" transform=\"translate(-511.000000, -20.000000)\"><g><path d=\"M556.869,30.41 C554.814,30.41 553.148,32.076 553.148,34.131 C553.148,36.186 554.814,37.852 556.869,37.852 C558.924,37.852 560.59,36.186 560.59,34.131 C560.59,32.076 558.924,30.41 556.869,30.41 M541,60.657 C535.114,60.657 530.342,55.887 530.342,50 C530.342,44.114 535.114,39.342 541,39.342 C546.887,39.342 551.658,44.114 551.658,50 C551.658,55.887 546.887,60.657 541,60.657 M541,33.886 C532.1,33.886 524.886,41.1 524.886,50 C524.886,58.899 532.1,66.113 541,66.113 C549.9,66.113 557.115,58.899 557.115,50 C557.115,41.1 549.9,33.886 541,33.886 M565.378,62.101 C565.244,65.022 564.756,66.606 564.346,67.663 C563.803,69.06 563.154,70.057 562.106,71.106 C561.058,72.155 560.06,72.803 558.662,73.347 C557.607,73.757 556.021,74.244 553.102,74.378 C549.944,74.521 548.997,74.552 541,74.552 C533.003,74.552 532.056,74.521 528.898,74.378 C525.979,74.244 524.393,73.757 523.338,73.347 C521.94,72.803 520.942,72.155 519.894,71.106 C518.846,70.057 518.197,69.06 517.654,67.663 C517.244,66.606 516.755,65.022 516.623,62.101 C516.479,58.943 516.448,57.996 516.448,50 C516.448,42.003 516.479,41.056 516.623,37.899 C516.755,34.978 517.244,33.391 517.654,32.338 C518.197,30.938 518.846,29.942 519.894,28.894 C520.942,27.846 521.94,27.196 523.338,26.654 C524.393,26.244 525.979,25.756 528.898,25.623 C532.057,25.479 533.004,25.448 541,25.448 C548.997,25.448 549.943,25.479 553.102,25.623 C556.021,25.756 557.607,26.244 558.662,26.654 C560.06,27.196 561.058,27.846 562.106,28.894 C563.154,29.942 563.803,30.938 564.346,32.338 C564.756,33.391 565.244,34.978 565.378,37.899 C565.522,41.056 565.552,42.003 565.552,50 C565.552,57.996 565.522,58.943 565.378,62.101 M570.82,37.631 C570.674,34.438 570.167,32.258 569.425,30.349 C568.659,28.377 567.633,26.702 565.965,25.035 C564.297,23.368 562.623,22.342 560.652,21.575 C558.743,20.834 556.562,20.326 553.369,20.18 C550.169,20.033 549.148,20 541,20 C532.853,20 531.831,20.033 528.631,20.18 C525.438,20.326 523.257,20.834 521.349,21.575 C519.376,22.342 517.703,23.368 516.035,25.035 C514.368,26.702 513.342,28.377 512.574,30.349 C511.834,32.258 511.326,34.438 511.181,37.631 C511.035,40.831 511,41.851 511,50 C511,58.147 511.035,59.17 511.181,62.369 C511.326,65.562 511.834,67.743 512.574,69.651 C513.342,71.625 514.368,73.296 516.035,74.965 C517.703,76.634 519.376,77.658 521.349,78.425 C523.257,79.167 525.438,79.673 528.631,79.82 C531.831,79.965 532.853,80.001 541,80.001 C549.148,80.001 550.169,79.965 553.369,79.82 C556.562,79.673 558.743,79.167 560.652,78.425 C562.623,77.658 564.297,76.634 565.965,74.965 C567.633,73.296 568.659,71.625 569.425,69.651 C570.167,67.743 570.674,65.562 570.82,62.369 C570.966,59.17 571,58.147 571,50 C571,41.851 570.966,40.831 570.82,37.631\"><\/path><\/g><\/g><\/g><\/svg><\/a><\/div>\n<div style=\"padding-top: 8px;\">\n<div style=\" color:#3897f0; font-family:Arial,sans-serif; font-size:14px; font-style:normal; font-weight:550; line-height:18px;\"><a href=\"https:\/\/www.instagram.com\/tv\/CCYsfeuJ6Xr\/?utm_source=ig_embed&amp;utm_campaign=loading\" style=\" background:#FFFFFF; line-height:0; padding:0 0; text-align:center; text-decoration:none; width:100%;\" target=\"_blank\" rel=\"noopener\">Ver essa foto no Instagram<\/a><\/div>\n<\/div>\n<div style=\"padding: 12.5% 0;\">&nbsp;<\/div>\n<div style=\"display: flex; flex-direction: row; margin-bottom: 14px; align-items: center;\">\n<div>\n<div style=\"background-color: #F4F4F4; border-radius: 50%; height: 12.5px; width: 12.5px; transform: translateX(0px) translateY(7px);\">&nbsp;<\/div>\n<div style=\"background-color: #F4F4F4; height: 12.5px; transform: rotate(-45deg) translateX(3px) translateY(1px); width: 12.5px; flex-grow: 0; margin-right: 14px; margin-left: 2px;\">&nbsp;<\/div>\n<div style=\"background-color: #F4F4F4; border-radius: 50%; height: 12.5px; width: 12.5px; transform: translateX(9px) translateY(-18px);\">&nbsp;<\/div>\n<\/div>\n<div style=\"margin-left: 8px;\">\n<div style=\" background-color: #F4F4F4; border-radius: 50%; flex-grow: 0; height: 20px; width: 20px;\">&nbsp;<\/div>\n<div style=\" width: 0; height: 0; border-top: 2px solid transparent; border-left: 6px solid #f4f4f4; border-bottom: 2px solid transparent; transform: translateX(16px) translateY(-4px) rotate(30deg)\">&nbsp;<\/div>\n<\/div>\n<div style=\"margin-left: auto;\">\n<div style=\" width: 0px; border-top: 8px solid #F4F4F4; border-right: 8px solid transparent; transform: translateY(16px);\">&nbsp;<\/div>\n<div style=\" background-color: #F4F4F4; flex-grow: 0; height: 12px; width: 16px; transform: translateY(-4px);\">&nbsp;<\/div>\n<div style=\" width: 0; height: 0; border-top: 8px solid #F4F4F4; border-left: 8px solid transparent; transform: translateY(-4px) translateX(8px);\">&nbsp;<\/div>\n<\/div>\n<\/div>\n<div style=\"display: flex; flex-direction: column; flex-grow: 1; justify-content: center; margin-bottom: 24px;\">\n<div style=\" background-color: #F4F4F4; border-radius: 4px; flex-grow: 0; height: 14px; margin-bottom: 6px; width: 224px;\">&nbsp;<\/div>\n<div style=\" background-color: #F4F4F4; border-radius: 4px; flex-grow: 0; height: 14px; width: 144px;\">&nbsp;<\/div>\n<\/div>\n<p style=\" color:#c9c8cd; font-family:Arial,sans-serif; font-size:14px; line-height:17px; margin-bottom:0; margin-top:8px; overflow:hidden; padding:8px 0 7px; text-align:center; text-overflow:ellipsis; white-space:nowrap;\"><a href=\"https:\/\/www.instagram.com\/tv\/CCYsfeuJ6Xr\/?utm_source=ig_embed&amp;utm_campaign=loading\" style=\" color:#c9c8cd; font-family:Arial,sans-serif; font-size:14px; font-style:normal; font-weight:normal; line-height:17px; text-decoration:none;\" target=\"_blank\" rel=\"noopener\">Uma publica&ccedil;&atilde;o compartilhada por RBC FM | 90,1 FM (@rbcfm90.1)<\/a> em <time datetime=\"2020-07-08T15:21:41+00:00\" style=\" font-family:Arial,sans-serif; font-size:14px; line-height:17px;\">8 de Jul, 2020 &agrave;s 8:21 PDT<\/time><\/p>\n<\/div>\n<\/blockquote>\n<p><script async src=\"\/\/www.instagram.com\/embed.js\"><\/script><\/p>\n<p><strong>ABC Digital<\/strong><\/p>\n","protected":false},"excerpt":{"rendered":"<p>Ana Luiza Souza detalhou os objetivos e a programa&ccedil;&atilde;o do evento que vai discutir educa&ccedil;&atilde;o e tecnologia no ambiente p&oacute;s-Covid; ABC &eacute; parceira do evento e tem representante entre os palestrantes<\/p>\n","protected":false},"author":249,"featured_media":15096,"comment_status":"closed","ping_status":"open","sticky":false,"template":"","format":"standard","meta":{"footnotes":""},"categories":[39],"tags":[],"class_list":["post-15098","post","type-post","status-publish","format-standard","has-post-thumbnail","hentry","category-noticias"],"rttpg_featured_image_url":{"full":["https:\/\/goias.gov.br\/abc\/wp-content\/uploads\/sites\/23\/2020\/07\/0807_TBC1_CAMPUSPARTY_16x9-98a.png",1142,642,false],"landscape":["https:\/\/goias.gov.br\/abc\/wp-content\/uploads\/sites\/23\/2020\/07\/0807_TBC1_CAMPUSPARTY_16x9-98a.png",1142,642,false],"portraits":["https:\/\/goias.gov.br\/abc\/wp-content\/uploads\/sites\/23\/2020\/07\/0807_TBC1_CAMPUSPARTY_16x9-98a.png",1142,642,false],"thumbnail":["https:\/\/goias.gov.br\/abc\/wp-content\/uploads\/sites\/23\/2020\/07\/0807_TBC1_CAMPUSPARTY_16x9-98a-150x150.png",150,150,true],"medium":["https:\/\/goias.gov.br\/abc\/wp-content\/uploads\/sites\/23\/2020\/07\/0807_TBC1_CAMPUSPARTY_16x9-98a-300x169.png",300,169,true],"large":["https:\/\/goias.gov.br\/abc\/wp-content\/uploads\/sites\/23\/2020\/07\/0807_TBC1_CAMPUSPARTY_16x9-98a-1024x576.png",1024,576,true],"1536x1536":["https:\/\/goias.gov.br\/abc\/wp-content\/uploads\/sites\/23\/2020\/07\/0807_TBC1_CAMPUSPARTY_16x9-98a.png",1142,642,false],"2048x2048":["https:\/\/goias.gov.br\/abc\/wp-content\/uploads\/sites\/23\/2020\/07\/0807_TBC1_CAMPUSPARTY_16x9-98a.png",1142,642,false]},"rttpg_author":{"display_name":"alessandrobernardes","author_link":"https:\/\/goias.gov.br\/abc\/author\/alessandrobernardes\/"},"rttpg_comment":0,"rttpg_category":"<a href=\"https:\/\/goias.gov.br\/abc\/categoria\/institucional\/noticias\/\" rel=\"category tag\">Not\u00edcias<\/a>","rttpg_excerpt":"Ana Luiza Souza detalhou os objetivos e a programa&ccedil;&atilde;o do evento que vai discutir educa&ccedil;&atilde;o e tecnologia no ambiente p&oacute;s-Covid; ABC &eacute; parceira do evento e tem representante entre os palestrantes","_links":{"self":[{"href":"https:\/\/goias.gov.br\/abc\/wp-json\/wp\/v2\/posts\/15098","targetHints":{"allow":["GET"]}}],"collection":[{"href":"https:\/\/goias.gov.br\/abc\/wp-json\/wp\/v2\/posts"}],"about":[{"href":"https:\/\/goias.gov.br\/abc\/wp-json\/wp\/v2\/types\/post"}],"author":[{"embeddable":true,"href":"https:\/\/goias.gov.br\/abc\/wp-json\/wp\/v2\/users\/249"}],"replies":[{"embeddable":true,"href":"https:\/\/goias.gov.br\/abc\/wp-json\/wp\/v2\/comments?post=15098"}],"version-history":[{"count":0,"href":"https:\/\/goias.gov.br\/abc\/wp-json\/wp\/v2\/posts\/15098\/revisions"}],"wp:featuredmedia":[{"embeddable":true,"href":"https:\/\/goias.gov.br\/abc\/wp-json\/wp\/v2\/media\/15096"}],"wp:attachment":[{"href":"https:\/\/goias.gov.br\/abc\/wp-json\/wp\/v2\/media?parent=15098"}],"wp:term":[{"taxonomy":"category","embeddable":true,"href":"https:\/\/goias.gov.br\/abc\/wp-json\/wp\/v2\/categories?post=15098"},{"taxonomy":"post_tag","embeddable":true,"href":"https:\/\/goias.gov.br\/abc\/wp-json\/wp\/v2\/tags?post=15098"}],"curies":[{"name":"wp","href":"https:\/\/api.w.org\/{rel}","templated":true}]}}