

{"id":150672,"date":"2026-02-25T08:00:00","date_gmt":"2026-02-25T11:00:00","guid":{"rendered":"https:\/\/goias.gov.br\/abc\/?p=150672"},"modified":"2026-02-25T09:34:05","modified_gmt":"2026-02-25T12:34:05","slug":"boa-noite-discute-seguranca-publica-em-goias","status":"publish","type":"post","link":"https:\/\/goias.gov.br\/abc\/boa-noite-discute-seguranca-publica-em-goias\/","title":{"rendered":"Boa Noite discute seguran\u00e7a p\u00fablica em Goi\u00e1s"},"content":{"rendered":"\n<p>O <em>Boa Noite <\/em>desta ter\u00e7a-feira (24) colocou a seguran\u00e7a p\u00fablica no centro do debate. Com o tema \u201c\u2018A vida do bandido vai ficar pior em Goi\u00e1s, garante Daniel Vilela\u201d, que traz fala do vice-governador ao comentar que logo ir\u00e1 assumir o comando do estado, o programa contou com os advogados Cl\u00e1udio Dias e Eur\u00edpedes Ribeiro para analisar os reflexos da declara\u00e7\u00e3o no cen\u00e1rio estadual e nacional.<\/p>\n\n\n\n<p>Ao abordar a seguran\u00e7a em Goi\u00e1s e no Brasil, Cl\u00e1udio Dias avaliou que o posicionamento do vice-governador tem como foco o combate direto \u00e0 criminalidade. \u201cA fala do nosso vice-governador est\u00e1 direcionada \u00e0queles bandidos que tentem circular Goi\u00e1s, que tentam entrar em Goi\u00e1s. Eu penso que esse enfrentamento vai acontecer da mesma forma e esse vai piorar \u00e9 neste tom, n\u00e3o vai acontecer um afrouxamento do trabalho policial. Goi\u00e1s \u00e9 um estado seguro. O combate \u00e0 criminalidade tem sido feito com excel\u00eancia\u201d, afirmou. O comentarista tamb\u00e9m criticou o uso de pris\u00f5es tempor\u00e1rias e destacou o papel do Judici\u00e1rio: \u201cA justi\u00e7a funciona, muitas vezes \u00e9 tardia. Mas, ningu\u00e9m est\u00e1 imune ao processo penal acusat\u00f3rio\u201d.<\/p>\n\n\n\n<p>J\u00e1 Eur\u00edpedes Ribeiro avaliou a declara\u00e7\u00e3o com cautela, ressaltando a necessidade de respeito \u00e0s garantias legais. \u201cEu avalio [a fala de Daniel Vilela] com certo louvor, mas com um certo ar de preocupa\u00e7\u00e3o. N\u00f3s temos que ter muita cautela com a tratativa de bandido, que seja feito nos rigores da lei. N\u00e3o esquecer direitos fundamentais, direitos humanos. \u00c9 \u00f3bvio que a seguran\u00e7a p\u00fablica em Goi\u00e1s \u00e9 uma bandeira hasteada para todo o pa\u00eds e de fato tem que permanecer assim. Temos que evitar excessos por parte da pol\u00edcia\u201d, disse. Ele ainda acrescentou: \u201cDireitos humanos n\u00e3o \u00e9 s\u00f3 para bandido. Direitos humanos \u00e9 para humanos. \u00c9 sempre pol\u00eamico falar em direitos humanos porque muitos acreditam que h\u00e1 prote\u00e7\u00e3o extremada para aquela pessoa que est\u00e1 fazendo mal para a sociedade\u201d.<\/p>\n\n\n\n<p><strong>ABC Digital<\/strong><\/p>\n\n\n\n<figure class=\"wp-block-embed aligncenter is-type-video is-provider-youtube wp-block-embed-youtube wp-embed-aspect-4-3 wp-has-aspect-ratio\"><div class=\"wp-block-embed__wrapper\">\n<iframe title=\"\u201cA Vida do bandido vai ficar pior em Goi\u00e1s\u201d, garante Daniel Vilela | BOA NOITE | 24\/02\/2026\" width=\"500\" height=\"375\" src=\"https:\/\/www.youtube.com\/embed\/wgV8hbJRrA8?feature=oembed\" frameborder=\"0\" allow=\"accelerometer; autoplay; clipboard-write; encrypted-media; gyroscope; picture-in-picture; web-share\" referrerpolicy=\"strict-origin-when-cross-origin\" allowfullscreen><\/iframe>\n<\/div><\/figure>\n","protected":false},"excerpt":{"rendered":"<p>O Boa Noite desta ter\u00e7a-feira (24) colocou a seguran\u00e7a p\u00fablica no centro do debate. Com o tema \u201c\u2018A vida do bandido vai ficar pior em Goi\u00e1s, garante Daniel Vilela\u201d, que traz fala do vice-governador ao comentar que logo ir\u00e1 assumir o comando do estado, o programa contou com os advogados Cl\u00e1udio Dias e Eur\u00edpedes Ribeiro [&hellip;]<\/p>\n","protected":false},"author":380,"featured_media":150674,"comment_status":"closed","ping_status":"open","sticky":false,"template":"","format":"standard","meta":{"footnotes":""},"categories":[39],"tags":[57],"class_list":["post-150672","post","type-post","status-publish","format-standard","has-post-thumbnail","hentry","category-noticias","tag-programacao"],"rttpg_featured_image_url":{"full":["https:\/\/goias.gov.br\/abc\/wp-content\/uploads\/sites\/23\/2026\/02\/24.02_BOA_NOITE_CLAUDIO_EURIPEDES.jpg",1200,600,false],"landscape":["https:\/\/goias.gov.br\/abc\/wp-content\/uploads\/sites\/23\/2026\/02\/24.02_BOA_NOITE_CLAUDIO_EURIPEDES.jpg",1200,600,false],"portraits":["https:\/\/goias.gov.br\/abc\/wp-content\/uploads\/sites\/23\/2026\/02\/24.02_BOA_NOITE_CLAUDIO_EURIPEDES.jpg",1200,600,false],"thumbnail":["https:\/\/goias.gov.br\/abc\/wp-content\/uploads\/sites\/23\/2026\/02\/24.02_BOA_NOITE_CLAUDIO_EURIPEDES-150x150.jpg",150,150,true],"medium":["https:\/\/goias.gov.br\/abc\/wp-content\/uploads\/sites\/23\/2026\/02\/24.02_BOA_NOITE_CLAUDIO_EURIPEDES-300x150.jpg",300,150,true],"large":["https:\/\/goias.gov.br\/abc\/wp-content\/uploads\/sites\/23\/2026\/02\/24.02_BOA_NOITE_CLAUDIO_EURIPEDES-1024x512.jpg",1024,512,true],"1536x1536":["https:\/\/goias.gov.br\/abc\/wp-content\/uploads\/sites\/23\/2026\/02\/24.02_BOA_NOITE_CLAUDIO_EURIPEDES.jpg",1200,600,false],"2048x2048":["https:\/\/goias.gov.br\/abc\/wp-content\/uploads\/sites\/23\/2026\/02\/24.02_BOA_NOITE_CLAUDIO_EURIPEDES.jpg",1200,600,false]},"rttpg_author":{"display_name":"nadialima","author_link":"https:\/\/goias.gov.br\/abc\/author\/nadialima\/"},"rttpg_comment":0,"rttpg_category":"<a href=\"https:\/\/goias.gov.br\/abc\/categoria\/institucional\/noticias\/\" rel=\"category tag\">Not\u00edcias<\/a>","rttpg_excerpt":"O Boa Noite desta ter\u00e7a-feira (24) colocou a seguran\u00e7a p\u00fablica no centro do debate. Com o tema \u201c\u2018A vida do bandido vai ficar pior em Goi\u00e1s, garante Daniel Vilela\u201d, que traz fala do vice-governador ao comentar que logo ir\u00e1 assumir o comando do estado, o programa contou com os advogados Cl\u00e1udio Dias e Eur\u00edpedes Ribeiro&hellip;","_links":{"self":[{"href":"https:\/\/goias.gov.br\/abc\/wp-json\/wp\/v2\/posts\/150672","targetHints":{"allow":["GET"]}}],"collection":[{"href":"https:\/\/goias.gov.br\/abc\/wp-json\/wp\/v2\/posts"}],"about":[{"href":"https:\/\/goias.gov.br\/abc\/wp-json\/wp\/v2\/types\/post"}],"author":[{"embeddable":true,"href":"https:\/\/goias.gov.br\/abc\/wp-json\/wp\/v2\/users\/380"}],"replies":[{"embeddable":true,"href":"https:\/\/goias.gov.br\/abc\/wp-json\/wp\/v2\/comments?post=150672"}],"version-history":[{"count":2,"href":"https:\/\/goias.gov.br\/abc\/wp-json\/wp\/v2\/posts\/150672\/revisions"}],"predecessor-version":[{"id":150695,"href":"https:\/\/goias.gov.br\/abc\/wp-json\/wp\/v2\/posts\/150672\/revisions\/150695"}],"wp:featuredmedia":[{"embeddable":true,"href":"https:\/\/goias.gov.br\/abc\/wp-json\/wp\/v2\/media\/150674"}],"wp:attachment":[{"href":"https:\/\/goias.gov.br\/abc\/wp-json\/wp\/v2\/media?parent=150672"}],"wp:term":[{"taxonomy":"category","embeddable":true,"href":"https:\/\/goias.gov.br\/abc\/wp-json\/wp\/v2\/categories?post=150672"},{"taxonomy":"post_tag","embeddable":true,"href":"https:\/\/goias.gov.br\/abc\/wp-json\/wp\/v2\/tags?post=150672"}],"curies":[{"name":"wp","href":"https:\/\/api.w.org\/{rel}","templated":true}]}}