

{"id":148809,"date":"2026-02-20T08:00:00","date_gmt":"2026-02-20T11:00:00","guid":{"rendered":"https:\/\/goias.gov.br\/abc\/?p=148809"},"modified":"2026-02-20T09:29:55","modified_gmt":"2026-02-20T12:29:55","slug":"boa-noite-debate-carnaval-politica-e-cenario-eleitoral","status":"publish","type":"post","link":"https:\/\/goias.gov.br\/abc\/boa-noite-debate-carnaval-politica-e-cenario-eleitoral\/","title":{"rendered":"Boa Noite debate Carnaval, pol\u00edtica e cen\u00e1rio eleitoral"},"content":{"rendered":"\n<p>O <em>Boa Noite<\/em> desta quarta-feira (18) colocou em pauta o tema \u201cCaiado: Lula est\u00e1 h\u00e1 20 anos falando em acabar com a fome \u201d e recebeu o deputado estadual Issy Quinan. Entre os assuntos discutidos estiveram a homenagem ao presidente Luiz In\u00e1cio Lula da Silva feita pela escola de samba Acad\u00eamicos de Niter\u00f3i, que acabou rebaixada, a reabertura dos trabalhos da Assembleia Legislativa de Goi\u00e1s, o fim da taxa do agro, a seguran\u00e7a p\u00fablica no estado e as articula\u00e7\u00f5es para as elei\u00e7\u00f5es regionais e nacionais.<\/p>\n\n\n\n<p>Durante a entrevista, Quinan ressaltou a import\u00e2ncia da atua\u00e7\u00e3o parlamentar mesmo em ano eleitoral: \u201cTemos um compromisso que \u00e9 de exercermos, com toda assiduidade poss\u00edvel e necess\u00e1ria, o nosso trabalho di\u00e1rio enquanto deputado estadual. Existem leis importantes para serem votadas, mat\u00e9rias que s\u00e3o de interesse da popula\u00e7\u00e3o. Mesmo estando em ano eleitoral, nossa presen\u00e7a no poder legislativo n\u00e3o pode ser diminu\u00edda. A nossa expectativa \u00e9 que a Assembleia Legislativa possa produzir bastante, como fez nos anos anteriores. E que n\u00f3s possamos atender o que diz respeito ao interesse da popula\u00e7\u00e3o na hora de materializar em a\u00e7\u00f5es as propostas legislativas\u201d.<\/p>\n\n\n\n<figure class=\"wp-block-embed aligncenter is-type-video is-provider-youtube wp-block-embed-youtube wp-embed-aspect-16-9 wp-has-aspect-ratio\"><div class=\"wp-block-embed__wrapper\">\n<iframe title=\"CAIADO: &quot;Lula est\u00e1 h\u00e1 20 anos falando em acabar com a fome&quot; | BOA NOITE | 18\/02\/2026\" width=\"500\" height=\"281\" src=\"https:\/\/www.youtube.com\/embed\/Kl8SYJ-Txj0?feature=oembed\" frameborder=\"0\" allow=\"accelerometer; autoplay; clipboard-write; encrypted-media; gyroscope; picture-in-picture; web-share\" referrerpolicy=\"strict-origin-when-cross-origin\" allowfullscreen><\/iframe>\n<\/div><\/figure>\n\n\n\n<p>J\u00e1 na quinta-feira (19), o <em>Boa Noite<\/em> discutiu o tema \u201cEscola de Samba errou ao homenagear Lula?\u201d com a participa\u00e7\u00e3o do professor, historiador e advogado Habib Temer Badi\u00e3o e do vereador por Aparecida de Goi\u00e2nia, Dieyme Vasconcelos. Dieyme criticou a homenagem e afirmou: \u201cUma homenagem, em pleno 2026, que foi uma propaganda eleitoral antecipada escancarada. Zombar da nossa f\u00e9, da nossa fam\u00edlia, dos conservadores, coloc\u00e1-los naquela lata e depois de tudo isso a esquerda tem coragem de bater na sua casa e pedir voto. Precisa ser analisado e multado\u201d. Ele acrescentou que \u201co carnaval \u00e9 uma cultura h\u00e1 muito tempo, mas n\u00e3o h\u00e1 necessidade de atacar a f\u00e9 alheia, a dignidade de outras pessoas\u201d, defendendo que outros temas poderiam ter sido escolhidos e questionou o uso de recursos p\u00fablicos.<\/p>\n\n\n\n<p>Em contraponto, Badi\u00e3o afirmou que \u201cCarnaval \u00e9 puramente arte, n\u00e3o tem como ser criticada. Por exemplo, eles levaram a fam\u00edlia dentro de uma lata mostrando que a fam\u00edlia \u00e9 coesa. Essa \u00e9 a vis\u00e3o do artista. Ningu\u00e9m pode impor ao carnavalesco como se manifestar\u201d. O professor tamb\u00e9m elogiou pontos da pol\u00edtica externa do governo Lula, como o fortalecimento do Mercosul, e fez cr\u00edticas ao ministro da Fazenda, Fernando Haddad, e \u00e0 condu\u00e7\u00e3o da pol\u00edtica econ\u00f4mica voltada ao setor banc\u00e1rio.<\/p>\n\n\n\n<p><strong>ABC Digital <\/strong><\/p>\n\n\n\n<figure class=\"wp-block-embed aligncenter is-type-video is-provider-youtube wp-block-embed-youtube wp-embed-aspect-4-3 wp-has-aspect-ratio\"><div class=\"wp-block-embed__wrapper\">\n<iframe title=\"Escola de Samba errou em homenagear Lula? | BOA NOITE | 19\/02\/2026\" width=\"500\" height=\"375\" src=\"https:\/\/www.youtube.com\/embed\/sPb6NDvOjrU?feature=oembed\" frameborder=\"0\" allow=\"accelerometer; autoplay; clipboard-write; encrypted-media; gyroscope; picture-in-picture; web-share\" referrerpolicy=\"strict-origin-when-cross-origin\" allowfullscreen><\/iframe>\n<\/div><\/figure>\n","protected":false},"excerpt":{"rendered":"<p>O Boa Noite desta quarta-feira (18) colocou em pauta o tema \u201cCaiado: Lula est\u00e1 h\u00e1 20 anos falando em acabar com a fome \u201d e recebeu o deputado estadual Issy Quinan. Entre os assuntos discutidos estiveram a homenagem ao presidente Luiz In\u00e1cio Lula da Silva feita pela escola de samba Acad\u00eamicos de Niter\u00f3i, que acabou [&hellip;]<\/p>\n","protected":false},"author":380,"featured_media":114061,"comment_status":"closed","ping_status":"open","sticky":false,"template":"","format":"standard","meta":{"footnotes":""},"categories":[39],"tags":[57],"class_list":["post-148809","post","type-post","status-publish","format-standard","has-post-thumbnail","hentry","category-noticias","tag-programacao"],"rttpg_featured_image_url":{"full":["https:\/\/goias.gov.br\/abc\/wp-content\/uploads\/sites\/23\/2025\/10\/BOA_NOITE-1.jpg",1200,600,false],"landscape":["https:\/\/goias.gov.br\/abc\/wp-content\/uploads\/sites\/23\/2025\/10\/BOA_NOITE-1.jpg",1200,600,false],"portraits":["https:\/\/goias.gov.br\/abc\/wp-content\/uploads\/sites\/23\/2025\/10\/BOA_NOITE-1.jpg",1200,600,false],"thumbnail":["https:\/\/goias.gov.br\/abc\/wp-content\/uploads\/sites\/23\/2025\/10\/BOA_NOITE-1-150x150.jpg",150,150,true],"medium":["https:\/\/goias.gov.br\/abc\/wp-content\/uploads\/sites\/23\/2025\/10\/BOA_NOITE-1-300x150.jpg",300,150,true],"large":["https:\/\/goias.gov.br\/abc\/wp-content\/uploads\/sites\/23\/2025\/10\/BOA_NOITE-1-1024x512.jpg",1024,512,true],"1536x1536":["https:\/\/goias.gov.br\/abc\/wp-content\/uploads\/sites\/23\/2025\/10\/BOA_NOITE-1.jpg",1200,600,false],"2048x2048":["https:\/\/goias.gov.br\/abc\/wp-content\/uploads\/sites\/23\/2025\/10\/BOA_NOITE-1.jpg",1200,600,false]},"rttpg_author":{"display_name":"nadialima","author_link":"https:\/\/goias.gov.br\/abc\/author\/nadialima\/"},"rttpg_comment":0,"rttpg_category":"<a href=\"https:\/\/goias.gov.br\/abc\/categoria\/institucional\/noticias\/\" rel=\"category tag\">Not\u00edcias<\/a>","rttpg_excerpt":"O Boa Noite desta quarta-feira (18) colocou em pauta o tema \u201cCaiado: Lula est\u00e1 h\u00e1 20 anos falando em acabar com a fome \u201d e recebeu o deputado estadual Issy Quinan. Entre os assuntos discutidos estiveram a homenagem ao presidente Luiz In\u00e1cio Lula da Silva feita pela escola de samba Acad\u00eamicos de Niter\u00f3i, que acabou&hellip;","_links":{"self":[{"href":"https:\/\/goias.gov.br\/abc\/wp-json\/wp\/v2\/posts\/148809","targetHints":{"allow":["GET"]}}],"collection":[{"href":"https:\/\/goias.gov.br\/abc\/wp-json\/wp\/v2\/posts"}],"about":[{"href":"https:\/\/goias.gov.br\/abc\/wp-json\/wp\/v2\/types\/post"}],"author":[{"embeddable":true,"href":"https:\/\/goias.gov.br\/abc\/wp-json\/wp\/v2\/users\/380"}],"replies":[{"embeddable":true,"href":"https:\/\/goias.gov.br\/abc\/wp-json\/wp\/v2\/comments?post=148809"}],"version-history":[{"count":2,"href":"https:\/\/goias.gov.br\/abc\/wp-json\/wp\/v2\/posts\/148809\/revisions"}],"predecessor-version":[{"id":148836,"href":"https:\/\/goias.gov.br\/abc\/wp-json\/wp\/v2\/posts\/148809\/revisions\/148836"}],"wp:featuredmedia":[{"embeddable":true,"href":"https:\/\/goias.gov.br\/abc\/wp-json\/wp\/v2\/media\/114061"}],"wp:attachment":[{"href":"https:\/\/goias.gov.br\/abc\/wp-json\/wp\/v2\/media?parent=148809"}],"wp:term":[{"taxonomy":"category","embeddable":true,"href":"https:\/\/goias.gov.br\/abc\/wp-json\/wp\/v2\/categories?post=148809"},{"taxonomy":"post_tag","embeddable":true,"href":"https:\/\/goias.gov.br\/abc\/wp-json\/wp\/v2\/tags?post=148809"}],"curies":[{"name":"wp","href":"https:\/\/api.w.org\/{rel}","templated":true}]}}