

{"id":14860,"date":"2020-05-15T16:14:33","date_gmt":"2020-05-15T19:14:33","guid":{"rendered":"https:\/\/siteshom.goias.gov.br\/abc\/regiao-do-entorno-do-df-tem-grande-vulnerabilidade-no-atendimento-medico-diz-secretario-de-estado-da-saude-a-rbc\/"},"modified":"2020-05-15T16:14:33","modified_gmt":"2020-05-15T19:14:33","slug":"regiao-do-entorno-do-df-tem-grande-vulnerabilidade-no-atendimento-medico-diz-secretario-de-estado-da-saude-a-rbc","status":"publish","type":"post","link":"https:\/\/goias.gov.br\/abc\/regiao-do-entorno-do-df-tem-grande-vulnerabilidade-no-atendimento-medico-diz-secretario-de-estado-da-saude-a-rbc\/","title":{"rendered":"Regi\u00e3o do Entorno do DF tem grande vulnerabilidade no atendimento m\u00e9dico, diz secret\u00e1rio de Estado da Sa\u00fade \u00e0 RBC"},"content":{"rendered":"<p><img fetchpriority=\"high\" decoding=\"async\" class=\" size-full wp-image-14749\" src=\"https:\/\/goias.gov.br\/abc\/wp-content\/uploads\/sites\/23\/2020\/04\/OMESC_01_16x9-953.png\" alt=\"\" width=\"1280\" height=\"720\" srcset=\"https:\/\/goias.gov.br\/abc\/wp-content\/uploads\/sites\/23\/2020\/04\/OMESC_01_16x9-953.png 1280w, https:\/\/goias.gov.br\/abc\/wp-content\/uploads\/sites\/23\/2020\/04\/OMESC_01_16x9-953-300x169.png 300w, https:\/\/goias.gov.br\/abc\/wp-content\/uploads\/sites\/23\/2020\/04\/OMESC_01_16x9-953-1024x576.png 1024w, https:\/\/goias.gov.br\/abc\/wp-content\/uploads\/sites\/23\/2020\/04\/OMESC_01_16x9-953-768x432.png 768w\" sizes=\"(max-width: 1280px) 100vw, 1280px\" \/><\/p>\n<p>Ismael Alexandrino diz que Governo est&aacute; tentando resolver o problema com a ativa&ccedil;&atilde;o de unidades hospitalares estaduais em Luzi&acirc;nia, Formosa e &Aacute;guas Lindas<\/p>\n<p><!--more--><\/p>\n<p>Em entrevista concedida ao radiojornal O Mundo em sua Casa das r&aacute;dios Brasil Central AM e RBC FM na manh&atilde; desta sexta-feira, 15, o secret&aacute;rio de Estado da Sa&uacute;de, Ismael Alexandrino, confirmou que, no caso da pandemia da Covid-19, a regi&atilde;o do Entorno do Distrito Federal &eacute; a que mais preocupa, por sua situa&ccedil;&atilde;o de grande vulnerabilidade no atendimento (m&eacute;dico). Ao longo do tempo, ponderou, n&atilde;o foram criadas naquela regi&atilde;o estruturas estaduais de assist&ecirc;ncia (&agrave; sa&uacute;de).<\/p>\n<p>O secret&aacute;rio foi entrevistado por Marcelo Cabral e Rafael Mesquita. Conforme Ismael Alexandrino, o Governo de Goi&aacute;s vem tentando resolver o problema com a estadualiza&ccedil;&atilde;o de hospitais em Luzi&acirc;nia, Formosa e &Aacute;guas Lindas de Goi&aacute;s, que foi aprovada recentemente pela Assembleia Legislativa (Alego). Tem ainda o Hospital de Campanha (HCamp) de &Aacute;guas Lindas, que est&aacute; sendo constru&iacute;do pelo governo federal. Disse esperar que o Minist&eacute;rio da Sa&uacute;de libere o HCamp logo, para que possam ser feitas as contrata&ccedil;&otilde;es necess&aacute;rias (de profissionais da sa&uacute;de).<\/p>\n<p>Ismael lembrou ainda que o crescimento do n&uacute;mero de casos confirmados da Covid-19 em Goi&acirc;nia tamb&eacute;m preocupa. Mas lembrou que a capital tem mais de 1,5 milh&atilde;o de habitantes. Citou tamb&eacute;m os munic&iacute;pios de An&aacute;polis e de Aparecida de Goi&acirc;nia.<\/p>\n<h2>Decreto<\/h2>\n<p>Para o secret&aacute;rio, o decreto estadual referente ao isolamento social que est&aacute; em vigor, se fosse seguido com cuidado e obedecido (pela popula&ccedil;&atilde;o), n&atilde;o haveria necessidade de um decreto mais rigoroso. Lembrou que o decreto d&aacute; autonomia aos munic&iacute;pios. Mas que as decis&otilde;es dos prefeitos precisam estar respaldadas em normas t&eacute;cnicas das Secretarias Municipais da Sa&uacute;de, obedecendo a crit&eacute;rios epidemiol&oacute;gicos e tamb&eacute;m &agrave; disponibilidade de leitos. &ldquo;Tem prefeitura que n&atilde;o conta com nenhum leito e vai ter de transferir a necessidade de assist&ecirc;ncia &agrave; sa&uacute;de para outras cidades&rdquo;, alertou.<\/p>\n<p>Ismael falou ainda que o fato de atingir o pico de casos registrados da doen&ccedil;a n&atilde;o significa, necessariamente, chegar ao pico das interna&ccedil;&otilde;es (de doentes contaminados) e de &oacute;bitos causados pela Covid-19. Esclareceu que s&atilde;o v&aacute;rios fatores para serem avaliados, por isso n&atilde;o confirmou que Goi&aacute;s j&aacute; esteja no pico da pandemia do novo coronav&iacute;rus. Mas garantiu que, at&eacute; agora, o Governo do Estado est&aacute; tendo condi&ccedil;&otilde;es de atender a popula&ccedil;&atilde;o e vai continuar expandindo a rede (estadual de atendimento).<\/p>\n<p><strong>ABC Digital<\/strong><\/p>\n","protected":false},"excerpt":{"rendered":"<p>Ismael Alexandrino diz que Governo est&aacute; tentando resolver o problema com a ativa&ccedil;&atilde;o de unidades hospitalares estaduais em Luzi&acirc;nia, Formosa e &Aacute;guas Lindas<\/p>\n","protected":false},"author":247,"featured_media":14749,"comment_status":"closed","ping_status":"open","sticky":false,"template":"","format":"standard","meta":{"footnotes":""},"categories":[39],"tags":[],"class_list":["post-14860","post","type-post","status-publish","format-standard","has-post-thumbnail","hentry","category-noticias"],"rttpg_featured_image_url":{"full":["https:\/\/goias.gov.br\/abc\/wp-content\/uploads\/sites\/23\/2020\/04\/OMESC_01_16x9-953.png",1280,720,false],"landscape":["https:\/\/goias.gov.br\/abc\/wp-content\/uploads\/sites\/23\/2020\/04\/OMESC_01_16x9-953.png",1280,720,false],"portraits":["https:\/\/goias.gov.br\/abc\/wp-content\/uploads\/sites\/23\/2020\/04\/OMESC_01_16x9-953.png",1280,720,false],"thumbnail":["https:\/\/goias.gov.br\/abc\/wp-content\/uploads\/sites\/23\/2020\/04\/OMESC_01_16x9-953-150x150.png",150,150,true],"medium":["https:\/\/goias.gov.br\/abc\/wp-content\/uploads\/sites\/23\/2020\/04\/OMESC_01_16x9-953-300x169.png",300,169,true],"large":["https:\/\/goias.gov.br\/abc\/wp-content\/uploads\/sites\/23\/2020\/04\/OMESC_01_16x9-953-1024x576.png",1024,576,true],"1536x1536":["https:\/\/goias.gov.br\/abc\/wp-content\/uploads\/sites\/23\/2020\/04\/OMESC_01_16x9-953.png",1280,720,false],"2048x2048":["https:\/\/goias.gov.br\/abc\/wp-content\/uploads\/sites\/23\/2020\/04\/OMESC_01_16x9-953.png",1280,720,false]},"rttpg_author":{"display_name":"lucelialima","author_link":"https:\/\/goias.gov.br\/abc\/author\/lucelialima\/"},"rttpg_comment":0,"rttpg_category":"<a href=\"https:\/\/goias.gov.br\/abc\/categoria\/institucional\/noticias\/\" rel=\"category tag\">Not\u00edcias<\/a>","rttpg_excerpt":"Ismael Alexandrino diz que Governo est&aacute; tentando resolver o problema com a ativa&ccedil;&atilde;o de unidades hospitalares estaduais em Luzi&acirc;nia, Formosa e &Aacute;guas Lindas","_links":{"self":[{"href":"https:\/\/goias.gov.br\/abc\/wp-json\/wp\/v2\/posts\/14860","targetHints":{"allow":["GET"]}}],"collection":[{"href":"https:\/\/goias.gov.br\/abc\/wp-json\/wp\/v2\/posts"}],"about":[{"href":"https:\/\/goias.gov.br\/abc\/wp-json\/wp\/v2\/types\/post"}],"author":[{"embeddable":true,"href":"https:\/\/goias.gov.br\/abc\/wp-json\/wp\/v2\/users\/247"}],"replies":[{"embeddable":true,"href":"https:\/\/goias.gov.br\/abc\/wp-json\/wp\/v2\/comments?post=14860"}],"version-history":[{"count":0,"href":"https:\/\/goias.gov.br\/abc\/wp-json\/wp\/v2\/posts\/14860\/revisions"}],"wp:featuredmedia":[{"embeddable":true,"href":"https:\/\/goias.gov.br\/abc\/wp-json\/wp\/v2\/media\/14749"}],"wp:attachment":[{"href":"https:\/\/goias.gov.br\/abc\/wp-json\/wp\/v2\/media?parent=14860"}],"wp:term":[{"taxonomy":"category","embeddable":true,"href":"https:\/\/goias.gov.br\/abc\/wp-json\/wp\/v2\/categories?post=14860"},{"taxonomy":"post_tag","embeddable":true,"href":"https:\/\/goias.gov.br\/abc\/wp-json\/wp\/v2\/tags?post=14860"}],"curies":[{"name":"wp","href":"https:\/\/api.w.org\/{rel}","templated":true}]}}